{"id":153599,"date":"2025-10-02T21:48:12","date_gmt":"2025-10-02T21:48:12","guid":{"rendered":"https:\/\/www.europesays.com\/es\/153599\/"},"modified":"2025-10-02T21:48:12","modified_gmt":"2025-10-02T21:48:12","slug":"junts-apoyara-en-el-congreso-el-decreto-sobre-el-embargo-de-armas-a-israel","status":"publish","type":"post","link":"https:\/\/www.europesays.com\/es\/153599\/","title":{"rendered":"Junts apoyar\u00e1 en el Congreso el decreto sobre el embargo de armas a Israel"},"content":{"rendered":"<p data-gtm-element-container=\"modulo-texto-link\" class=\"paragraph\">Aunque las relaciones entre el PSOE y Junts no pasan por su mejor momento y la postura de los posconvergentes sobre el conflicto de Gaza no coincide al 100% con la de los socialistas, el grupo de JxCat en el Congreso votar\u00e1 el martes que viene a favor de la convalidaci\u00f3n del <a href=\"https:\/\/www.lavanguardia.com\/politica\/20250923\/11088274\/gobierno-aprueba-decreto-ley-consolida-embargo-armas-israel.html\" rel=\"nofollow noopener\" target=\"_blank\">decreto que aprob\u00f3 el Gobierno de Pedro S\u00e1nchez sobre el embargo de armas a Israel<\/a> la semana pasada.<\/p>\n<p data-gtm-element-container=\"modulo-texto-link\" class=\"paragraph\">El grupo que comanda Miriam Nogueras, adem\u00e1s, intentar\u00e1 que la iniciativa, si sale adelante, se tramite como proyecto de ley para poder introducir cambios en el redactado. Tambi\u00e9n uno de los dos socios del Ejecutivo central, <a href=\"https:\/\/www.lavanguardia.com\/politica\/20250926\/11100155\/sumar-facultar-gobierno-inspeccionar-buques-indicios-genocidio.html\" rel=\"nofollow noopener\" target=\"_blank\">Sumar<\/a>, quiere que el decreto se tramite como ley en la C\u00e1mara Baja.<\/p>\n<p data-gtm-element-container=\"modulo-texto-link\" class=\"paragraph\">Fuentes de  Junts esgrimen que su decisi\u00f3n es \u201ccoherente\u201d con la que mantuvieron hace unos meses, cuando respaldaron una reforma legal sobre \u201cel control de comercio exterior de material de defensa y de doble uso, que introduc\u00eda la figura del embargo y su r\u00e9gimen jur\u00eddico\u201d.<\/p>\n<p data-gtm-element-container=\"modulo-texto-link\" class=\"paragraph\">En cualquier caso, la iniciativa no cuenta todav\u00eda con los apoyos necesarios y peligra por las reticencias que han expresado otros socios habituales del Gobierno central. <a href=\"https:\/\/www.lavanguardia.com\/politica\/20250924\/11093424\/denuncia-embargo-armas-gobierno-israel-engano.html\" rel=\"nofollow noopener\" target=\"_blank\">Podemos, de hecho, es quien ha sido m\u00e1s cr\u00edtico con el texto<\/a>, pero tanto Esquerra como el BNG siguen sin desvelar el sentido de su voto.<\/p>\n<p data-gtm-element-container=\"modulo-texto-link\" class=\"paragraph\">M\u00e1s all\u00e1 de la formaci\u00f3n de Carles Puigdemont, tambi\u00e9n han confirmado que avalar\u00e1n la convalidaci\u00f3n del decreto el PNV, EH Bildu, la diputada de Comprom\u00eds, Agueda Mic\u00f3, y la de Coalici\u00f3n Canaria, Cristina Valido, ambas adscritas al grupo mixto, donde tambi\u00e9n est\u00e1n los cuatro diputados de Podemos, que tachan de \u201cfalso\u201d el embargo.<\/p>\n<p data-gtm-element-container=\"modulo-texto-link\" class=\"paragraph\">Los morados, que tampoco han revelado qu\u00e9 votar\u00e1n en el hemiciclo, opinan que ese decreto no impedir\u00e1 que Espa\u00f1a siga siendo un \u201ccoladero\u201d para el tr\u00e1nsito de armas con destino a Israel. Por ello, su l\u00edder, la exministra Ione Belarra, ha pedido al Ejecutivo que retire el decreto y lleve uno nuevo al pleno.<\/p>\n<p data-gtm-element-container=\"modulo-texto-link\" class=\"paragraph\">En ERC, a su vez, se\u00f1alan que la iniciativa contiene \u201cmedidas interesantes y necesarias\u201d pero la ven \u201cinsuficiente\u201d debido a las excepciones que recoge, y el BNG avis\u00f3 este jueves que el embargo \u201ctiene que ser total\u201d y no puede haber \u201cning\u00fan tipo de excepci\u00f3n\u201d.<\/p>\n<p data-gtm-element-container=\"modulo-texto-link\" class=\"paragraph\">En ese sentido, Sumar, al pedir que se tramite como proyecto de ley, pretende suprimir las excepciones al embargo de armas y ampliar el \u00e1mbito de aplicaci\u00f3n del decreto para incluir en un futuro a m\u00e1s pa\u00edses.<\/p>\n<p data-gtm-element-container=\"modulo-texto-link\" class=\"paragraph\">La votaci\u00f3n de la semana que viene llega despu\u00e9s de que el Ejecutivo de S\u00e1nchez haya sufrido m\u00e1s de un traspi\u00e9s parlamentario en estas \u00faltimas semanas. Al retomar la actividad en este nuevo curso pol\u00edtico <a href=\"https:\/\/www.lavanguardia.com\/economia\/20250910\/11048252\/congreso-tumba-reduccion-jornada-asesta-duro-golpe-gobierno.html\" rel=\"nofollow noopener\" target=\"_blank\">cay\u00f3 la reducci\u00f3n de la jornada laboral a 37,5 horas<\/a> que impulsaba la vicepresidenta segunda y ministra de Trabajo, Yolanda D\u00edaz, por la negativa de los posconvergentes. Una semana despu\u00e9s sucedi\u00f3 lo mismo con la ley que pactaron PSOE y JxCat para delegar a la Generalitat las competencias de inmigraci\u00f3n, si bien <a href=\"https:\/\/www.lavanguardia.com\/politica\/20250923\/11090628\/pp-vox-frenan-delegacion-competencias-inmigracion.html\" rel=\"nofollow noopener\" target=\"_blank\">en esta ocasi\u00f3n fue Podemos quien vot\u00f3 junto al Partido Popular y Vox<\/a>. La semana que viene habr\u00e1 un nuevo examen.<\/p>\n","protected":false},"excerpt":{"rendered":"Aunque las relaciones entre el PSOE y Junts no pasan por su mejor momento y la postura de&hellip;\n","protected":false},"author":2,"featured_media":153600,"comment_status":"","ping_status":"","sticky":false,"template":"","format":"standard","meta":{"footnotes":""},"categories":[8],"tags":[17,18,25,24,13,14,11,19,20,9,10,15,16,23,12,21,22],"class_list":{"0":"post-153599","1":"post","2":"type-post","3":"status-publish","4":"format-standard","5":"has-post-thumbnail","7":"category-espana","8":"tag-breaking-news","9":"tag-breakingnews","10":"tag-es","11":"tag-espana","12":"tag-featured-news","13":"tag-featurednews","14":"tag-headlines","15":"tag-latest-news","16":"tag-latestnews","17":"tag-news","18":"tag-noticias","19":"tag-noticias-destacadas","20":"tag-noticiasdestacadas","21":"tag-spain","22":"tag-titulares","23":"tag-ultimas-noticias","24":"tag-ultimasnoticias"},"share_on_mastodon":{"url":"","error":""},"_links":{"self":[{"href":"https:\/\/www.europesays.com\/es\/wp-json\/wp\/v2\/posts\/153599","targetHints":{"allow":["GET"]}}],"collection":[{"href":"https:\/\/www.europesays.com\/es\/wp-json\/wp\/v2\/posts"}],"about":[{"href":"https:\/\/www.europesays.com\/es\/wp-json\/wp\/v2\/types\/post"}],"author":[{"embeddable":true,"href":"https:\/\/www.europesays.com\/es\/wp-json\/wp\/v2\/users\/2"}],"replies":[{"embeddable":true,"href":"https:\/\/www.europesays.com\/es\/wp-json\/wp\/v2\/comments?post=153599"}],"version-history":[{"count":0,"href":"https:\/\/www.europesays.com\/es\/wp-json\/wp\/v2\/posts\/153599\/revisions"}],"wp:featuredmedia":[{"embeddable":true,"href":"https:\/\/www.europesays.com\/es\/wp-json\/wp\/v2\/media\/153600"}],"wp:attachment":[{"href":"https:\/\/www.europesays.com\/es\/wp-json\/wp\/v2\/media?parent=153599"}],"wp:term":[{"taxonomy":"category","embeddable":true,"href":"https:\/\/www.europesays.com\/es\/wp-json\/wp\/v2\/categories?post=153599"},{"taxonomy":"post_tag","embeddable":true,"href":"https:\/\/www.europesays.com\/es\/wp-json\/wp\/v2\/tags?post=153599"}],"curies":[{"name":"wp","href":"https:\/\/api.w.org\/{rel}","templated":true}]}}