{"id":153603,"date":"2025-10-02T21:51:09","date_gmt":"2025-10-02T21:51:09","guid":{"rendered":"https:\/\/www.europesays.com\/es\/153603\/"},"modified":"2025-10-02T21:51:09","modified_gmt":"2025-10-02T21:51:09","slug":"pedro-luis-oreja-en-un-futil-final-de-feria","status":"publish","type":"post","link":"https:\/\/www.europesays.com\/es\/153603\/","title":{"rendered":"Pedro Luis, oreja en un f\u00fatil final de feria"},"content":{"rendered":"<p>Despu\u00e9s del recital de toreo de Emiliano Osornio del mi\u00e9rcoles volver al Arnedo Arena no era f\u00e1cil. Hac\u00eda tiempo que no se disfrutaba tanto viendo  &#8230; torear con tal sentido del toreo a un novillero. Con todo, el cuarto de plaza que fielmente hab\u00eda acudido los d\u00edas anteriores al multiusos ayer tampoco falt\u00f3 a la \u00faltima de feria.<\/p>\n<p class=\"v-p\">El primero de la tarde fue un novillo despegado del suelo al que El Mene dio capa sin especial lucimiento. Salieron al ruedo los hombres a caballo y el novillero dej\u00f3 al animal cortito para tomar una vara. Despu\u00e9s del brindis al respetable el novillero comenz\u00f3 su labor sobre la mano diestra. Pero pronto cambi\u00f3 de pit\u00f3n logrando naturales con mucha plasticidad, algunos de ellos un poco despegados. El novillo, que tuvo movilidad, respondi\u00f3 pronto a los cites y tuvo fijeza, pero le falt\u00f3 una chispa m\u00e1s de raza. El Mene tuvo la virtud de entender que su primero necesitaba tiempo para reponer y as\u00ed resolvi\u00f3: dejando espacio entre cada serie. La faena termin\u00f3 por manoletinas seguidas de alg\u00fan natural con mejor intenci\u00f3n que resultado. La estocada le hizo guardia, cambi\u00f3 los terrenos y acab\u00f3 casi en el platillo con el estoque de cruceta. Son\u00f3 un aviso mientras que el novillo, solo, se fue cerrando a las tablas.<\/p>\n<p class=\"v-p\">El toro de la merienda contagi\u00f3 su insulsez a la plaza. El Mene intent\u00f3 el toreo fundamental, despegadito, pero componiendo muy bien la figura. Lo m\u00e1s lucido result\u00f3 ser una tanda con la mano izquierda. Fall\u00f3 a espadas y, otra vez, son\u00f3 un aviso antes de tomar la cruceta.<\/p>\n<p class=\"v-p\">El segundo novillo sose\u00f3 de salida y Mart\u00edn Morilla imprimi\u00f3 mucha suavidad en los lances de recibo. El encuentro con el caballo montado por Pedro Geniz fue largo y el novillo, a\u00fan con la vara levantada, se qued\u00f3 bajo el peto. El novillero arm\u00f3 una faena basada en el toreo de cercan\u00edas, casi encimista, apostando siempre por recetar medios muletazos a un animal con poco fondo. La faena no termin\u00f3 de calar en el tendido. El novillero de Mor\u00f3n de la Frontera acab\u00f3 cerrando al animal. Dej\u00f3 un pinchazo hondo y, acto seguido, volvi\u00f3 a perfilarse y colocando m\u00e1s de media espada un tanto trasera. El palco mand\u00f3 un recado y, finalmente, el animal dobl\u00f3 despu\u00e9s de recibir un golpe de verduguillo.<\/p>\n<p class=\"v-p\">Salt\u00f3 el quinto, un novillo jabonero que descabalg\u00f3 al picador y que acab\u00f3 metiendo los ri\u00f1ones en el caballo. Mart\u00edn Morilla lo hab\u00eda recibido en modo lidiador. Tom\u00f3 la pa\u00f1osa y ciment\u00f3 una faena de exposici\u00f3n con un animal de medias embestidas que no acab\u00f3 de ir metido en la muleta. No anduvo diestro con el mandoble y escuch\u00f3 un aviso.<\/p>\n<p class=\"v-p\">M\u00e1s br\u00edo tuvo el tercero del festejo con el que Pedro Luis anduvo vistoso con el saludo capotero. Tanto el tercio de varas como el de banderillas resultaron anodinos. Una vez que se quedaron solos novillero y novillo Pedro Luis mostr\u00f3 muy buena actitud, puso ganas e intent\u00f3 dar todo aquello que no tuvo el astado de Guadalmena. El peruano result\u00f3 encunado en los compases finales del trasteo. Fall\u00f3 con la tizona y son\u00f3 un aviso. En el cuarto intento dej\u00f3 una estocada casi entera.<\/p>\n<p class=\"v-p\">El \u00faltimo de la tarde protagoniz\u00f3 un interesante tercio de banderillas. La mejor faena de la novillada fue, sin duda, la que puso el punto final a la feria. Pedro Luis ejecut\u00f3 naturales con mando y bien colocados. Enterr\u00f3 la espada hasta los gavilanes que bien vali\u00f3 la oreja que pase\u00f3.<\/p>\n","protected":false},"excerpt":{"rendered":"Despu\u00e9s del recital de toreo de Emiliano Osornio del mi\u00e9rcoles volver al Arnedo Arena no era f\u00e1cil. Hac\u00eda&hellip;\n","protected":false},"author":2,"featured_media":153604,"comment_status":"","ping_status":"","sticky":false,"template":"","format":"standard","meta":{"footnotes":""},"categories":[277],"tags":[373,168,25,24,599,1058,46271,7820,4801,1822,23,167,374],"class_list":{"0":"post-153603","1":"post","2":"type-post","3":"status-publish","4":"format-standard","5":"has-post-thumbnail","7":"category-toreo","8":"tag-bullfighting","9":"tag-deportes","10":"tag-es","11":"tag-espana","12":"tag-feria","13":"tag-final","14":"tag-futil","15":"tag-luis","16":"tag-oreja","17":"tag-pedro","18":"tag-spain","19":"tag-sports","20":"tag-toreo"},"share_on_mastodon":{"url":"","error":""},"_links":{"self":[{"href":"https:\/\/www.europesays.com\/es\/wp-json\/wp\/v2\/posts\/153603","targetHints":{"allow":["GET"]}}],"collection":[{"href":"https:\/\/www.europesays.com\/es\/wp-json\/wp\/v2\/posts"}],"about":[{"href":"https:\/\/www.europesays.com\/es\/wp-json\/wp\/v2\/types\/post"}],"author":[{"embeddable":true,"href":"https:\/\/www.europesays.com\/es\/wp-json\/wp\/v2\/users\/2"}],"replies":[{"embeddable":true,"href":"https:\/\/www.europesays.com\/es\/wp-json\/wp\/v2\/comments?post=153603"}],"version-history":[{"count":0,"href":"https:\/\/www.europesays.com\/es\/wp-json\/wp\/v2\/posts\/153603\/revisions"}],"wp:featuredmedia":[{"embeddable":true,"href":"https:\/\/www.europesays.com\/es\/wp-json\/wp\/v2\/media\/153604"}],"wp:attachment":[{"href":"https:\/\/www.europesays.com\/es\/wp-json\/wp\/v2\/media?parent=153603"}],"wp:term":[{"taxonomy":"category","embeddable":true,"href":"https:\/\/www.europesays.com\/es\/wp-json\/wp\/v2\/categories?post=153603"},{"taxonomy":"post_tag","embeddable":true,"href":"https:\/\/www.europesays.com\/es\/wp-json\/wp\/v2\/tags?post=153603"}],"curies":[{"name":"wp","href":"https:\/\/api.w.org\/{rel}","templated":true}]}}