{"id":153605,"date":"2025-10-02T21:54:08","date_gmt":"2025-10-02T21:54:08","guid":{"rendered":"https:\/\/www.europesays.com\/es\/153605\/"},"modified":"2025-10-02T21:54:08","modified_gmt":"2025-10-02T21:54:08","slug":"atmane-explica-su-retirada-entre-en-panico-no-podia-respirar-ni-sabia-que-dia-era-punto-de-break","status":"publish","type":"post","link":"https:\/\/www.europesays.com\/es\/153605\/","title":{"rendered":"Atmane explica su retirada: &quot;Entr\u00e9 en p\u00e1nico, no pod\u00eda respirar ni sab\u00eda qu\u00e9 d\u00eda era&quot; &#8211; Punto de Break"},"content":{"rendered":"<ol>\n<li><a href=\"https:\/\/news.google.com\/rss\/articles\/CBMinwFBVV95cUxQZGhOTXRaTFdkVTVKaXg0X1dQa1hhNkNhbE9PR2RocTNmTVpLd2FVLUF4MVVKR1Y0LTRqMDdYLVRDeGJMTzZJd2liWmFNTVhrcFJrYklUcHg2dnZGMk5sT2RNQ0JOaUFaV2F3ZkFJdmt0SFRKVmpKMVZObjFwZmktcHRUUEpucEY4anNGcWJvUjQtUW9FR0JnT3JCU282ek0?oc=5\" target=\"_blank\" rel=\"nofollow noopener\">Atmane explica su retirada: \u00abEntr\u00e9 en p\u00e1nico, no pod\u00eda respirar ni sab\u00eda qu\u00e9 d\u00eda era\u00bb<\/a>&nbsp;&nbsp;Punto de Break<\/li>\n<li><a href=\"https:\/\/news.google.com\/rss\/articles\/CBMitgFBVV95cUxPUXdBRGZrSDVmUlcxMGJUWWV2YUJjZmJSYjFsV2tqMmlxcGlCTWphWUpXYi1USEtKYzMzZGZtNWwzUVg0X0gzdV9YU0lRXzM3Q0RTNXI4Rk1YZ242YXpQTjAwUWxFa2JTNUIyYU5ka0p2ZXBJNk9Uc3Uyd0xSUVFUZWJGOEIzYUJOVEZ2Q3FfYjg1eG1XNWdPYzNZMjh4UjVmSGlmZmZkV3hPcXRNMzBmNjNzOVJDUdIBtgFBVV95cUxQSG1TNkFfX1RaLTZOLW95WXIyYVk4azhsMmF1LW94dXBQSHhFWjVHX2s2Tm1rMkFISFhhSGtqUXRkaGdOclRNSW9MV2lqMHA4LWp6bTdBOHZQWWhXV2lGNUFJdG1vVUM5SFlHaGZGWWxQQTZON3RkUFpaUkQyd1BQWFgzeTJIMkE3c292dzBtb1J2emM4ejhxMzl5Y2tpWUtEN3RyWmJrV2VReGY4MlR4VWpaaHo0UQ?oc=5\" target=\"_blank\" rel=\"nofollow noopener\">\u00abTodo mi cuerpo temblaba, no pod\u00eda respirar ni hablar y no sab\u00eda d\u00f3nde estaba ni qu\u00e9 d\u00eda era\u00bb<\/a>&nbsp;&nbsp;MARCA<\/li>\n<li><a href=\"https:\/\/news.google.com\/rss\/articles\/CBMigwJBVV95cUxNcFhmSi0yamNNdkcxNDZmTXp4UW8zWlZfXzZJVGkwVG5aQ1NqQmlaQ1A0RGJ2U0kyQ3dqQWZ2UVlYYzVDcXEzdlFqMHBGd0c5emx2S3c3a0x4NkRvZ2xRUTAzZHhxQmlpVmtLSEYzOXZ1akJzdFZpQ003ZGVLc2M2YzFtWXFZeTdtdFA5R0NYV0I4MDNwU3RGY0NEQlRtYnphNXpldjBJVzk0ZVFQOFdIQUpzVXJaTEQySi1RUFpCUFpnSy1JQWdaVGVDTFZFc3RtaW96U3RkTV9nUjJrM215S0NodnFtNGVycmNNWDZOWkszUG1KbjUtUjQwQ0Q2VHZ6dENV0gGeAkFVX3lxTFBScTFlRjktTkFBQW5tRmJfTTdUME9waE5XZ3Q1SW9VYlVuUWhIUmtCc25qOFpYVTctNzAtVzlNUExkR2RzSV8zWGNfS2NZbEZLTm41eUJYUmNqeDRqX2dIVkw3TENESzZuY3NvY3N1dUpMQzlsTVBIX0V6ZHNUREpiOUpRN20zdE9CMkNTS1QtYXVlUVBaZENQUURYeGJubzdtekZodmZFbFNJM2U3Q2Ezc1h0cDlnR3UzcmdnS1lubUdfYVpic214Nlk5ekR5VnpyeF9rTzdzaE5ubU0zSFZOejdEQ2JkR2lYYV9BeGlTNkh1UlhTVTZXSjB5dDMxTDE4WVpXQWRDaFdvTExfM2NlZWNOOWtlbmlkS1ItRUE?oc=5\" target=\"_blank\" rel=\"nofollow noopener\">\u201cEstaba temblando, no pod\u00eda respirar\u201d: el momento del abandono del rival del argentino Ugo Carabelli que preocup\u00f3 al mundo del tenis<\/a>&nbsp;&nbsp;Infobae<\/li>\n<\/ol>\n","protected":false},"excerpt":{"rendered":"Atmane explica su retirada: \u00abEntr\u00e9 en p\u00e1nico, no pod\u00eda respirar ni sab\u00eda qu\u00e9 d\u00eda era\u00bb&nbsp;&nbsp;Punto de Break \u00abTodo&hellip;\n","protected":false},"author":2,"featured_media":153606,"comment_status":"","ping_status":"","sticky":false,"template":"","format":"standard","meta":{"footnotes":""},"categories":[274],"tags":[168,25,24,23,167,327,326],"class_list":{"0":"post-153605","1":"post","2":"type-post","3":"status-publish","4":"format-standard","5":"has-post-thumbnail","7":"category-tenis","8":"tag-deportes","9":"tag-es","10":"tag-espana","11":"tag-spain","12":"tag-sports","13":"tag-tenis","14":"tag-tennis"},"share_on_mastodon":{"url":"","error":""},"_links":{"self":[{"href":"https:\/\/www.europesays.com\/es\/wp-json\/wp\/v2\/posts\/153605","targetHints":{"allow":["GET"]}}],"collection":[{"href":"https:\/\/www.europesays.com\/es\/wp-json\/wp\/v2\/posts"}],"about":[{"href":"https:\/\/www.europesays.com\/es\/wp-json\/wp\/v2\/types\/post"}],"author":[{"embeddable":true,"href":"https:\/\/www.europesays.com\/es\/wp-json\/wp\/v2\/users\/2"}],"replies":[{"embeddable":true,"href":"https:\/\/www.europesays.com\/es\/wp-json\/wp\/v2\/comments?post=153605"}],"version-history":[{"count":0,"href":"https:\/\/www.europesays.com\/es\/wp-json\/wp\/v2\/posts\/153605\/revisions"}],"wp:featuredmedia":[{"embeddable":true,"href":"https:\/\/www.europesays.com\/es\/wp-json\/wp\/v2\/media\/153606"}],"wp:attachment":[{"href":"https:\/\/www.europesays.com\/es\/wp-json\/wp\/v2\/media?parent=153605"}],"wp:term":[{"taxonomy":"category","embeddable":true,"href":"https:\/\/www.europesays.com\/es\/wp-json\/wp\/v2\/categories?post=153605"},{"taxonomy":"post_tag","embeddable":true,"href":"https:\/\/www.europesays.com\/es\/wp-json\/wp\/v2\/tags?post=153605"}],"curies":[{"name":"wp","href":"https:\/\/api.w.org\/{rel}","templated":true}]}}