{"id":153613,"date":"2025-10-02T21:59:14","date_gmt":"2025-10-02T21:59:14","guid":{"rendered":"https:\/\/www.europesays.com\/es\/153613\/"},"modified":"2025-10-02T21:59:14","modified_gmt":"2025-10-02T21:59:14","slug":"isabel-preysler-muy-misteriosa-cuando-le-preguntan-si-hablara-de-mario-vargas-llosa-en-sus-memorias","status":"publish","type":"post","link":"https:\/\/www.europesays.com\/es\/153613\/","title":{"rendered":"Isabel Preysler, muy misteriosa cuando le preguntan si hablar\u00e1 de Mario Vargas Llosa en sus memorias"},"content":{"rendered":"<p>El pr\u00f3ximo 22 de octubre llegar\u00e1 a las librer\u00edas <b>Mi verdadera historia<\/b>, un libro sobre las memorias de <b>Isabel Preysler<\/b>. Y lo har\u00e1 ante un panorama de expectaci\u00f3n que no deja de crecer, pues por fin la socialit\u00e9 contar\u00e1 en primera persona los cap\u00edtulos m\u00e1s apasionantes de su vida: desde sus primeros pasos en Espa\u00f1a hasta sus romances m\u00e1s sonados.<\/p>\n<p>Hasta ahora, <b>no se han revelado detalles de la biograf\u00eda<\/b>, ni la sinopsis ni ning\u00fan extracto significativo, pero en una <b>entrevista reciente con Harper&#8217;s Bazaar<\/b>, Isabel adelant\u00f3 que: \u00abYa era hora de que se supiese <b>la verdad<\/b>\u00ab, y la gente cercana a su c\u00edrculo asegura que <b>no quedar\u00e1 nada por mencionar<\/b>, incluyendo sus grandes amores: <b>Julio Iglesias, Carlos Falc\u00f3, Miguel Boyer<\/b> y, por supuesto, <b><a title=\"Mario Vargas Llosa\" href=\"https:\/\/www.antena3.com\/novamas\/gente\/tamara-falco-desvela-que-madre-isabel-preysler-hablara-julio-iglesias-sus-memorias-mario-vargas-llosa_2025091868cc035d1b05386b62a2b03f.html\" target=\"_blank\" rel=\"nofollow noopener\">Mario Vargas Llosa<\/a><\/b>.<\/p>\n<p><img loading=\"lazy\" decoding=\"async\" title=\"Mario Vargas Llosa e Isabel Preysler\" alt=\"Mario Vargas Llosa e Isabel Preysler\" width=\"360\" height=\"640\" src=\"https:\/\/www.europesays.com\/es\/wp-content\/uploads\/2025\/10\/mario-vargas-llosa-isabel-preysler_68.jpg\"\/> Mario Vargas Llosa e Isabel Preysler | Gtres <\/p>\n<p>Su relaci\u00f3n con el escritor peruano iniciaba en el a\u00f1o 2015, y conclu\u00eda a finales de 2022. Un cap\u00edtulo de los m\u00e1s esperados, pues los rumores apuntan a que el nombre del Nobel de Literatura <b>no saldr\u00e1 muy bien parado<\/b>. \u00bfEl motivo? Que Preysler llegue a desvelar p\u00fablicamente las verdaderas causas de la ruptura, marcadas por <b>los celos y un altercado decisivo<\/b>. Sin olvidar que Vargas Llosa <b>falleci\u00f3 hace apenas siete meses<\/b>, en abril de 2025, por lo que el relato podr\u00eda adquirir un matiz a\u00fan m\u00e1s delicado.<\/p>\n<p>Pero ajena a las especulaciones, Isabel <b>ha reaparecido en el Teatro Real<\/b>, acompa\u00f1ada de su amiga Amalia. Sonriente y tranquila opt\u00f3 por mantenerse callada cuando se le pregunt\u00f3 si hablar\u00eda de un <b>posible maltrato<\/b> por parte de su expareja.<\/p>\n<p><img loading=\"lazy\" decoding=\"async\" title=\"Isabel Preysler en Madrid\" alt=\"Isabel Preysler en Madrid\" width=\"360\" height=\"640\" src=\"https:\/\/www.europesays.com\/es\/wp-content\/uploads\/2025\/10\/isabel-preysler-madrid_68.jpg\"\/> Isabel Preysler en Madrid | Europa Press <\/p>\n<p>Un evento en el que coincidi\u00f3 con <b><a title=\"Xandra Falc\u00f3\" href=\"https:\/\/www.antena3.com\/novamas\/gente\/padre-hija-mantenian-estrecha-relacion-xandra-falco-emociona-recordar-padre-marques-grinon_2025032867e66dab46af5b00011a9f14.html\" target=\"_blank\" rel=\"nofollow noopener\">Xandra Falc\u00f3<\/a><\/b>, hermana de su hija Tamara, quien se limit\u00f3 a destacar que Isabel estaba \u00abguapa y radiante como siempre\u00bb. Evitando ponerse en una posici\u00f3n inc\u00f3moda cuando se le preguntaba si sabe algo del contenido de las memorias, o si piensa leerlas alg\u00fan d\u00eda.<\/p>\n<p>   <img decoding=\"async\" title=\"Paula Echevarr\u00eda habla en un evento\" alt=\"Paula Echevarr\u00eda habla en un evento\" width=\"480\" height=\"270\" src=\"https:\/\/www.europesays.com\/es\/wp-content\/uploads\/2025\/10\/paula-echevarria-habla-evento_70.jpg\" loading=\"lazy\" class=\"lazy\"\/><\/p>\n","protected":false},"excerpt":{"rendered":"El pr\u00f3ximo 22 de octubre llegar\u00e1 a las librer\u00edas Mi verdadera historia, un libro sobre las memorias de&hellip;\n","protected":false},"author":2,"featured_media":153614,"comment_status":"","ping_status":"","sticky":false,"template":"","format":"standard","meta":{"footnotes":""},"categories":[174],"tags":[255,146,147,25,24,256,23],"class_list":{"0":"post-153613","1":"post","2":"type-post","3":"status-publish","4":"format-standard","5":"has-post-thumbnail","7":"category-famosos","8":"tag-celebrities","9":"tag-entertainment","10":"tag-entretenimiento","11":"tag-es","12":"tag-espana","13":"tag-famosos","14":"tag-spain"},"share_on_mastodon":{"url":"","error":""},"_links":{"self":[{"href":"https:\/\/www.europesays.com\/es\/wp-json\/wp\/v2\/posts\/153613","targetHints":{"allow":["GET"]}}],"collection":[{"href":"https:\/\/www.europesays.com\/es\/wp-json\/wp\/v2\/posts"}],"about":[{"href":"https:\/\/www.europesays.com\/es\/wp-json\/wp\/v2\/types\/post"}],"author":[{"embeddable":true,"href":"https:\/\/www.europesays.com\/es\/wp-json\/wp\/v2\/users\/2"}],"replies":[{"embeddable":true,"href":"https:\/\/www.europesays.com\/es\/wp-json\/wp\/v2\/comments?post=153613"}],"version-history":[{"count":0,"href":"https:\/\/www.europesays.com\/es\/wp-json\/wp\/v2\/posts\/153613\/revisions"}],"wp:featuredmedia":[{"embeddable":true,"href":"https:\/\/www.europesays.com\/es\/wp-json\/wp\/v2\/media\/153614"}],"wp:attachment":[{"href":"https:\/\/www.europesays.com\/es\/wp-json\/wp\/v2\/media?parent=153613"}],"wp:term":[{"taxonomy":"category","embeddable":true,"href":"https:\/\/www.europesays.com\/es\/wp-json\/wp\/v2\/categories?post=153613"},{"taxonomy":"post_tag","embeddable":true,"href":"https:\/\/www.europesays.com\/es\/wp-json\/wp\/v2\/tags?post=153613"}],"curies":[{"name":"wp","href":"https:\/\/api.w.org\/{rel}","templated":true}]}}