{"id":153615,"date":"2025-10-02T22:02:10","date_gmt":"2025-10-02T22:02:10","guid":{"rendered":"https:\/\/www.europesays.com\/es\/153615\/"},"modified":"2025-10-02T22:02:10","modified_gmt":"2025-10-02T22:02:10","slug":"voy-a-mandar-a-unos-mediadores-que-le-van-a-dar-la-vida-martir","status":"publish","type":"post","link":"https:\/\/www.europesays.com\/es\/153615\/","title":{"rendered":"Voy a mandar a unos mediadores que le van a dar la vida m\u00e1rtir"},"content":{"rendered":"<p class=\"c-paragraph\"><a href=\"https:\/\/www.20minutos.es\/tags\/personas\/antonio-montero.html\" title=\"Antonio Montero\" rel=\"nofollow noopener\" target=\"_blank\">Antonio Montero<\/a> ha estallado este jueves en El tiempo justo al tratar la situaci\u00f3n que padece <a href=\"https:\/\/www.20minutos.es\/tags\/personas\/marisa-martin-blazquez.html\" title=\"Marisa Mart\u00edn Bl\u00e1zquez\" rel=\"nofollow noopener\" target=\"_blank\">Marisa Mart\u00edn Bl\u00e1zquez<\/a>, su mujer. <a href=\"https:\/\/www.20minutos.es\/television\/marisa-martin-blazquez-colaboradora-ar-asegura-que-es-victima-inquiokupacion-dos-anos-sin-cobrar-alquiler_6509170_0.html\" title=\"Marisa Mart\u00edn Bl\u00e1zquez, colaboradora de &#039;AR&#039;, asegura que es v\u00edctima de &#039;inquiokupaci\u00f3n&#039;: &quot;Dos a\u00f1os sin cobrar el alquiler&quot;\" rel=\"nofollow noopener\" target=\"_blank\">Tal y como ella expuso\u00a0<\/a>hace unos d\u00edas en <a href=\"https:\/\/www.20minutos.es\/tags\/temas\/el-programa-de-ana-rosa.html\" title=\"El programa de Ana Rosa\" rel=\"nofollow noopener\" target=\"_blank\">El programa de Ana Rosa<\/a>, su vivienda en Torrelodones <b>lleva casi dos a\u00f1os habitada por un\u00a0inquiokupa<\/b> que, seg\u00fan asegur\u00f3, no ha abonado ni un solo mes del alquiler pactado.<\/p>\n<p class=\"c-paragraph\">Montero, muy alterado, <b>ha apuntado directamente a las instituciones como las responsables<\/b> de este conflicto: \u00abLa culpa no es del inquiokupa, la culpa es del gobierno. La propiedad privada tiene que ser algo sagrado\u00bb. Y ha a\u00f1adido, poniendo de ejemplo el esfuerzo de su pareja: \u00abPara t\u00fa tener una propiedad privada tienes que haber pagado impuestos, tienes que haber ido al notario, tienes que haber trabajado los fines de semana, como es el caso de Marisa\u00bb.<\/p>\n<p class=\"c-paragraph\">Adem\u00e1s, Montero ha relatado que trat\u00f3 de conversar con el ocupante, quien le abri\u00f3 la puerta, pero <b>se neg\u00f3 a que las c\u00e1maras entrasen en el domicilio para proteger a sus hijos<\/b>. \u00abYo tambi\u00e9n tengo hijos. Es que est\u00e1n tus hijos a mi costa\u00bb, ha lamentado el colaborador en el programa.<\/p>\n<p class=\"c-paragraph\">A partir de ah\u00ed, <b>ha encadenado una cascada de acusaciones directas a dirigentes pol\u00edticos<\/b>: \u00abDeber\u00eda venir la polic\u00eda, pedirle el recibo del \u00faltimo mes y, si no lo ha pagado, que se vaya al ayuntamiento, a casa de <a href=\"https:\/\/www.20minutos.es\/tags\/personas\/pedro-sanchez.html\" title=\"Pedro S\u00e1nchez\" rel=\"nofollow noopener\" target=\"_blank\">Pedro S\u00e1nchez<\/a> o al chalet de <a href=\"https:\/\/www.20minutos.es\/tags\/autores\/pablo-iglesias-1.html\" title=\"Pablo Iglesias\" rel=\"nofollow noopener\" target=\"_blank\">Pablo Iglesias<\/a>, que est\u00e1 muy cerca y tiene siete habitaciones. <b>Si no, que se vaya a la casa de <a href=\"https:\/\/www.20minutos.es\/tags\/personas\/ada-colau.html\" title=\"Ada Colau\" rel=\"nofollow noopener\" target=\"_blank\">Ada Colau<\/a>, que est\u00e1 ahora en un crucero por el Mediterr\u00e1neo<\/b>\u00a0[haciendo mofa de la participaci\u00f3n de la exalcaldesa en la Global Sumud Flotilla, una expedici\u00f3n solidaria con Palestina]. Pero no puede aprovecharse de las personas que trabajamos por el pa\u00eds. Es indecente\u00bb.<\/p>\n<p class=\"c-paragraph\">El comunicador incluso se ha permitido verbalizar pensamientos extremos fruto de la frustraci\u00f3n: \u00abA veces digo: \u00bfvoy con el arco a liarla y me voy a la c\u00e1rcel?\u00bb. No obstante, <b>acto seguido ha anunciado otra estrategia<\/b>: \u00abVoy a mandar a unos mediadores que le van a dar la vida m\u00e1rtir. Le van a acompa\u00f1ar hasta al Mercadona\u00bb.<\/p>\n<p class=\"c-paragraph\">Tambi\u00e9n ha detallado que el inquiokupa\u00a0no ha abonado \u00abni 20 pavos\u00bb, pese a que <b>la renta mensual asciende a 1.100 euros<\/b>. Adem\u00e1s, ha denunciado que <b>posee un coche de alta gama y gasta su dinero en tabaco<\/b>. \u00abSi tiene necesidades, que no digo que no, yo a lo mejor le hubiese echado una mano [&#8230;] Pero no se puede ser tan jeta\u00bb, ha concluido.<\/p>\n","protected":false},"excerpt":{"rendered":"Antonio Montero ha estallado este jueves en El tiempo justo al tratar la situaci\u00f3n que padece Marisa Mart\u00edn&hellip;\n","protected":false},"author":2,"featured_media":153616,"comment_status":"","ping_status":"","sticky":false,"template":"","format":"standard","meta":{"footnotes":""},"categories":[171],"tags":[1247,19913,146,147,25,24,45954,2466,23,3271,214],"class_list":{"0":"post-153615","1":"post","2":"type-post","3":"status-publish","4":"format-standard","5":"has-post-thumbnail","7":"category-tv","8":"tag-antonio","9":"tag-contra","10":"tag-entertainment","11":"tag-entretenimiento","12":"tag-es","13":"tag-espana","14":"tag-inquiokupa","15":"tag-montero","16":"tag-spain","17":"tag-su","18":"tag-tv"},"share_on_mastodon":{"url":"","error":""},"_links":{"self":[{"href":"https:\/\/www.europesays.com\/es\/wp-json\/wp\/v2\/posts\/153615","targetHints":{"allow":["GET"]}}],"collection":[{"href":"https:\/\/www.europesays.com\/es\/wp-json\/wp\/v2\/posts"}],"about":[{"href":"https:\/\/www.europesays.com\/es\/wp-json\/wp\/v2\/types\/post"}],"author":[{"embeddable":true,"href":"https:\/\/www.europesays.com\/es\/wp-json\/wp\/v2\/users\/2"}],"replies":[{"embeddable":true,"href":"https:\/\/www.europesays.com\/es\/wp-json\/wp\/v2\/comments?post=153615"}],"version-history":[{"count":0,"href":"https:\/\/www.europesays.com\/es\/wp-json\/wp\/v2\/posts\/153615\/revisions"}],"wp:featuredmedia":[{"embeddable":true,"href":"https:\/\/www.europesays.com\/es\/wp-json\/wp\/v2\/media\/153616"}],"wp:attachment":[{"href":"https:\/\/www.europesays.com\/es\/wp-json\/wp\/v2\/media?parent=153615"}],"wp:term":[{"taxonomy":"category","embeddable":true,"href":"https:\/\/www.europesays.com\/es\/wp-json\/wp\/v2\/categories?post=153615"},{"taxonomy":"post_tag","embeddable":true,"href":"https:\/\/www.europesays.com\/es\/wp-json\/wp\/v2\/tags?post=153615"}],"curies":[{"name":"wp","href":"https:\/\/api.w.org\/{rel}","templated":true}]}}