{"id":153617,"date":"2025-10-02T22:03:09","date_gmt":"2025-10-02T22:03:09","guid":{"rendered":"https:\/\/www.europesays.com\/es\/153617\/"},"modified":"2025-10-02T22:03:09","modified_gmt":"2025-10-02T22:03:09","slug":"lamb-of-god-estrenan-nuevo-single-video-de-death-legacy-adelanto-de-1914","status":"publish","type":"post","link":"https:\/\/www.europesays.com\/es\/153617\/","title":{"rendered":"LAMB OF GOD estrenan nuevo single. V\u00eddeo de DEATH &#038; LEGACY. Adelanto de 1914."},"content":{"rendered":"<p>\u00a0<\/p>\n<p style=\"text-align: center;\"><strong><a href=\"#GOD\">LAMB OF GOD estrenan nuevo single<\/a> \u2013 <a href=\"#LEGACY\">V\u00eddeo de DEATH &amp; LEGACY<\/a> \u2013 <a href=\"#1914\">Adelanto de 1914<\/a>.<\/strong><\/p>\n<p><a href=\"https:\/\/www.lamb-of-god.com\/\" target=\"_blank\" rel=\"noopener nofollow\"><strong>LAMB OF GOD<\/strong><\/a> han estrenado un nuevo single y v\u00eddeo titulado \u201cSepsis\u201d. El tema ha sido producido por Josh Wilbur.<\/p>\n<p>La banda ya piensa en su <a href=\"https:\/\/www.rafabasa.com\/2024\/12\/22\/lamb-of-god-chris-caffery-dark-angel\/#LAMB_OF_GOD\" target=\"_blank\" rel=\"noopener nofollow\">pr\u00f3ximo disco<\/a>.<\/p>\n<p>La banda estren\u00f3 en septiembre un <a href=\"https:\/\/www.rafabasa.com\/2024\/09\/12\/mastodon-lamb-of-god-whitechapel-hijos-de-overon\/#MASTODON_LAMB_OF_GOD\" target=\"_blank\" rel=\"noopener nofollow\">nuevo tema compartido<\/a> de <a href=\"https:\/\/www.facebook.com\/Mastodon\" target=\"_blank\" rel=\"noopener nofollow\"><strong>MASTODON<\/strong><\/a>.<\/p>\n<p>La actualidad de <a href=\"https:\/\/www.lamb-of-god.com\/\" target=\"_blank\" rel=\"noopener nofollow\"><strong>LAMB OF GOD<\/strong><\/a> en este <a href=\"https:\/\/www.rafabasa.com\/2024\/08\/30\/lamb-of-god-stratovarius-d-a-d\/#LAMB_OF_GOD\" target=\"_blank\" rel=\"noopener nofollow\">bloque<\/a>.<\/p>\n<p>\u00a0<\/p>\n<p>\u00a0<\/p>\n<p><a href=\"https:\/\/deathandlegacy.com\/\" target=\"_blank\" rel=\"noopener nofollow\"><strong>DEATH &amp; LEGACY<\/strong><\/a> han estrenado un nuevo single titulado \u201cI Am Pain\u201d.<\/p>\n<p>El tema ha sido compuesto y escrito por Jes\u00fas C\u00e1mara Ruiz y producido por Manuel Ramil (Tercera Planta Estudio).<\/p>\n<p>El \u00faltimo disco de <a href=\"https:\/\/deathandlegacy.com\/\" target=\"_blank\" rel=\"noopener nofollow\"><strong>DEATH &amp; LEGACY<\/strong><\/a> \u201cDark Prophecies\u201d puede escucharse \u00edntegro en este <a href=\"https:\/\/www.rafabasa.com\/2023\/04\/14\/death-legacy-voivod-holy-moses\/#DEATH_LEGACY\" target=\"_blank\" rel=\"noopener nofollow\">bloque<\/a>.<\/p>\n<p>Todos los detalles del disco aparecido el 14 de abril de 2023 a trav\u00e9s de Art Gates Records en esta <a href=\"https:\/\/www.rafabasa.com\/2023\/01\/25\/death-legacy-deathstars-curly-mane\/#DEATH_LEGACY\" target=\"_blank\" rel=\"noopener nofollow\">noticia<\/a>.<\/p>\n<p><img fetchpriority=\"high\" decoding=\"async\" src=\"https:\/\/www.europesays.com\/es\/wp-content\/uploads\/2025\/10\/dal2025_1.jpg\" alt=\"D&amp;L\" width=\"500\" height=\"333\"\/><\/p>\n<p>\u00a0<\/p>\n<p>\u00a0<\/p>\n<p>\u00a0<\/p>\n<p><strong>1914<\/strong> han estrenado un nuevo single y v\u00eddeo titulado \u201c1914 (The Siege of Przemy\u015bl)\u201d.<\/p>\n<p>Comenta la banda sobre el tema: \u201cAtrapado tras los muros de la fortaleza: presos de la Primera Guerra Mundial, 130.000 soldados austroh\u00fangaros se vieron rodeados, hambrientos y desesperados dentro de la poderosa fortaleza de Przemy\u015bl. Desde septiembre de 1914 hasta marzo de 1915, el ej\u00e9rcito ruso asedi\u00f3 machacando la ciudad con artiller\u00eda agot\u00e1ndose los suministros. Pasaron los meses, se acab\u00f3 la comida, los caballos, los perros, incluso las ratas se convirtieron en raciones. La enfermedad se propag\u00f3 y la moral se derrumb\u00f3. Y despu\u00e9s\u2026 rendici\u00f3n. Una de las grandes capitulaciones de la guerra. La anta\u00f1o orgullosa fortaleza cay\u00f3, dando a Rusia una victoria simb\u00f3lica en el frente oriental. Pero la victoria se estaba desvaneciendo. Una ganancia a corto plazo para Rusia, la tornas volvieron a girar cuando los poderes centrales reconquistaron la ciudad meses despu\u00e9s. La guerra no tiene piedad.\u201d<\/p>\n<p>El 14 de noviembre sacar\u00e1n a trav\u00e9s de Napalm Records su nuevo disco \u201cViribus Unitis\u201d.<\/p>\n<p>Todos los detalles en esta <a href=\"https:\/\/www.rafabasa.com\/2025\/08\/21\/testament-leprous-kansas-1914\/#1914\" rel=\"nofollow noopener\" target=\"_blank\">noticia<\/a>.<\/p>\n<p>\u00a0<\/p>\n<p align=\"center\"><strong>Sigue el\u00a0<a href=\"https:\/\/whatsapp.com\/channel\/0029VaCprxVBA1f555USvT2O\" target=\"_blank\" rel=\"nofollow noopener\">Canal de RAFABASA.COM en WhatsApp<\/a>, donde encontrar\u00e1s todas nuestras novedades al instante<\/strong><\/p>\n<p>\u00a0<\/p>\n<p>\u00a0<\/p>\n<p>\u00a0<\/p>\n","protected":false},"excerpt":{"rendered":"\u00a0 LAMB OF GOD estrenan nuevo single \u2013 V\u00eddeo de DEATH &amp; LEGACY \u2013 Adelanto de 1914. LAMB&hellip;\n","protected":false},"author":2,"featured_media":153618,"comment_status":"","ping_status":"","sticky":false,"template":"","format":"standard","meta":{"footnotes":""},"categories":[170],"tags":[46273,46274,146,147,25,24,46275,184,185,23],"class_list":{"0":"post-153617","1":"post","2":"type-post","3":"status-publish","4":"format-standard","5":"has-post-thumbnail","7":"category-musica","8":"tag-46273","9":"tag-death-legacy","10":"tag-entertainment","11":"tag-entretenimiento","12":"tag-es","13":"tag-espana","14":"tag-lamb-of-god","15":"tag-music","16":"tag-musica","17":"tag-spain"},"share_on_mastodon":{"url":"","error":""},"_links":{"self":[{"href":"https:\/\/www.europesays.com\/es\/wp-json\/wp\/v2\/posts\/153617","targetHints":{"allow":["GET"]}}],"collection":[{"href":"https:\/\/www.europesays.com\/es\/wp-json\/wp\/v2\/posts"}],"about":[{"href":"https:\/\/www.europesays.com\/es\/wp-json\/wp\/v2\/types\/post"}],"author":[{"embeddable":true,"href":"https:\/\/www.europesays.com\/es\/wp-json\/wp\/v2\/users\/2"}],"replies":[{"embeddable":true,"href":"https:\/\/www.europesays.com\/es\/wp-json\/wp\/v2\/comments?post=153617"}],"version-history":[{"count":0,"href":"https:\/\/www.europesays.com\/es\/wp-json\/wp\/v2\/posts\/153617\/revisions"}],"wp:featuredmedia":[{"embeddable":true,"href":"https:\/\/www.europesays.com\/es\/wp-json\/wp\/v2\/media\/153618"}],"wp:attachment":[{"href":"https:\/\/www.europesays.com\/es\/wp-json\/wp\/v2\/media?parent=153617"}],"wp:term":[{"taxonomy":"category","embeddable":true,"href":"https:\/\/www.europesays.com\/es\/wp-json\/wp\/v2\/categories?post=153617"},{"taxonomy":"post_tag","embeddable":true,"href":"https:\/\/www.europesays.com\/es\/wp-json\/wp\/v2\/tags?post=153617"}],"curies":[{"name":"wp","href":"https:\/\/api.w.org\/{rel}","templated":true}]}}