{"id":153619,"date":"2025-10-02T22:04:14","date_gmt":"2025-10-02T22:04:14","guid":{"rendered":"https:\/\/www.europesays.com\/es\/153619\/"},"modified":"2025-10-02T22:04:14","modified_gmt":"2025-10-02T22:04:14","slug":"extrano-rio-el-debut-tan-sensorial-como-desigual-de-claret-muxart-que-funde-adolescencia-y-naturaleza","status":"publish","type":"post","link":"https:\/\/www.europesays.com\/es\/153619\/","title":{"rendered":"\u2018Extra\u00f1o r\u00edo\u2019, el debut tan sensorial como desigual de Claret Muxart que funde adolescencia y naturaleza"},"content":{"rendered":"<p class=\"article-text\">\n        Hay un plano absolutamente alucinante en <strong>Extra\u00f1o r\u00edo<\/strong>, que destaca por encima del resto de im\u00e1genes de orfebrer\u00eda que convoca<strong> Jaume Claret Muxart <\/strong>en su debut al largometraje. Este encuentra a D\u00eddac, interpretado por<strong> Jan Monter <\/strong>tambi\u00e9n en su primer rol cinematogr\u00e1fico, tumbado al lado del r\u00edo Danubio<strong> mientras se masturba<\/strong>. La tr\u00e9mula paz de su movimiento, la agitaci\u00f3n que solo entrevemos en parte porque la c\u00e1mara le encuadra de cintura para arriba, es acompa\u00f1ada poco a poco por <strong>la m\u00fasica de Maurice Ravel<\/strong>, Dafne y Chlo\u00e9 en crescendo. La c\u00e1mara no llega a registrar la eyaculaci\u00f3n como tal, porque cuando est\u00e1 a punto de estallar empieza el lento fundido hacia un nuevo plano. <strong>El orgasmo descompone a D\u00eddac<\/strong>, a la vez que le reconfigura como otra cosa.\u00a0\n    <\/p>\n<p class=\"offer__name\">infoLibre premium<\/p>\n<p>\n                            8\u20ac\/mes<br \/>\n                            75\u20ac\/a\u00f1o\n                        <\/p>\n<p>\n                            Ahorra 21\u20ac\n                        <\/p>\n<p>                                        <a class=\"offer__suscription bh-btn\" href=\"https:\/\/usuarios.infolibre.es\/hazte_socio\/\" rel=\"nofollow noopener\" target=\"_self\" title=\"Suscr\u00edbete\" data-google-interstitial=\"false\" data-dl-subscription-params=\"{&quot;value&quot;:&quot;75&quot;,&quot;currency&quot;:&quot;EUR&quot;,&quot;im_type&quot;:&quot;infoLibre_premium&quot;,&quot;method&quot;:&quot;paywall&quot;,&quot;im_location&quot;:&quot;banner_paywall&quot;,&quot;im_section&quot;:&quot;la pel\\u00edcula de la semana&quot;,&quot;items&quot;:[{&quot;item_name&quot;:&quot;infoLibre_premium&quot;,&quot;price&quot;:&quot;75&quot;,&quot;discount&quot;:&quot;21&quot;,&quot;quantity&quot;:&quot;1&quot;}]}\">Suscr\u00edbete<\/a><\/p>\n<ul class=\"offer__description\">\n<li>Lee art\u00edculos sin l\u00edmites<\/li>\n<li>Sin publicidad<\/li>\n<li>Recibe TintaLibre en tu casa<\/li>\n<\/ul>\n<p class=\"offer__name\">infoLibre total<\/p>\n<p>\n                            6\u20ac\/mes<br \/>\n                            55\u20ac\/a\u00f1o\n                        <\/p>\n<p>\n                            Ahorra 17\u20ac\n                        <\/p>\n<p>                                        <a class=\"offer__suscription bh-btn\" href=\"https:\/\/usuarios.infolibre.es\/hazte_socio\/\" rel=\"nofollow noopener\" target=\"_self\" title=\"Suscr\u00edbete\" data-google-interstitial=\"false\" data-dl-subscription-params=\"{&quot;value&quot;:&quot;55&quot;,&quot;currency&quot;:&quot;EUR&quot;,&quot;im_type&quot;:&quot;infoLibre_total&quot;,&quot;method&quot;:&quot;paywall&quot;,&quot;im_location&quot;:&quot;banner_paywall&quot;,&quot;im_section&quot;:&quot;la pel\\u00edcula de la semana&quot;,&quot;items&quot;:[{&quot;item_name&quot;:&quot;infoLibre_total&quot;,&quot;price&quot;:&quot;55&quot;,&quot;discount&quot;:&quot;17&quot;,&quot;quantity&quot;:&quot;1&quot;}]}\">Suscr\u00edbete<\/a><\/p>\n<ul class=\"offer__description\">\n<li>Lee art\u00edculos sin l\u00edmites<\/li>\n<li>Sin publicidad<\/li>\n<\/ul>\n","protected":false},"excerpt":{"rendered":"Hay un plano absolutamente alucinante en Extra\u00f1o r\u00edo, que destaca por encima del resto de im\u00e1genes de orfebrer\u00eda&hellip;\n","protected":false},"author":2,"featured_media":153620,"comment_status":"","ping_status":"","sticky":false,"template":"","format":"standard","meta":{"footnotes":""},"categories":[169],"tags":[3629,177,30565,5437,23313,146,147,25,24,7381,176,46277,175,46276,1409,3679,30566,23],"class_list":{"0":"post-153619","1":"post","2":"type-post","3":"status-publish","4":"format-standard","5":"has-post-thumbnail","7":"category-cine","8":"tag-adolescencia","9":"tag-cine","10":"tag-claret","11":"tag-debut","12":"tag-desigual","13":"tag-entertainment","14":"tag-entretenimiento","15":"tag-es","16":"tag-espana","17":"tag-extrano","18":"tag-film","19":"tag-funde","20":"tag-movies","21":"tag-muxart","22":"tag-naturaleza","23":"tag-rio","24":"tag-sensorial","25":"tag-spain"},"share_on_mastodon":{"url":"","error":""},"_links":{"self":[{"href":"https:\/\/www.europesays.com\/es\/wp-json\/wp\/v2\/posts\/153619","targetHints":{"allow":["GET"]}}],"collection":[{"href":"https:\/\/www.europesays.com\/es\/wp-json\/wp\/v2\/posts"}],"about":[{"href":"https:\/\/www.europesays.com\/es\/wp-json\/wp\/v2\/types\/post"}],"author":[{"embeddable":true,"href":"https:\/\/www.europesays.com\/es\/wp-json\/wp\/v2\/users\/2"}],"replies":[{"embeddable":true,"href":"https:\/\/www.europesays.com\/es\/wp-json\/wp\/v2\/comments?post=153619"}],"version-history":[{"count":0,"href":"https:\/\/www.europesays.com\/es\/wp-json\/wp\/v2\/posts\/153619\/revisions"}],"wp:featuredmedia":[{"embeddable":true,"href":"https:\/\/www.europesays.com\/es\/wp-json\/wp\/v2\/media\/153620"}],"wp:attachment":[{"href":"https:\/\/www.europesays.com\/es\/wp-json\/wp\/v2\/media?parent=153619"}],"wp:term":[{"taxonomy":"category","embeddable":true,"href":"https:\/\/www.europesays.com\/es\/wp-json\/wp\/v2\/categories?post=153619"},{"taxonomy":"post_tag","embeddable":true,"href":"https:\/\/www.europesays.com\/es\/wp-json\/wp\/v2\/tags?post=153619"}],"curies":[{"name":"wp","href":"https:\/\/api.w.org\/{rel}","templated":true}]}}