{"id":153621,"date":"2025-10-02T22:05:14","date_gmt":"2025-10-02T22:05:14","guid":{"rendered":"https:\/\/www.europesays.com\/es\/153621\/"},"modified":"2025-10-02T22:05:14","modified_gmt":"2025-10-02T22:05:14","slug":"juanma-rodriguez-valverde-versus-xabi-humear-humea","status":"publish","type":"post","link":"https:\/\/www.europesays.com\/es\/153621\/","title":{"rendered":"Juanma Rodr\u00edguez: Valverde versus Xabi: humear, humea"},"content":{"rendered":"<p style=\"\">Es verdad que la escena no pasa inadvertida: al margen del grupo y con los brazos a la espalda, paseando por la banda como podr\u00eda hacerlo un japon\u00e9s por La Alhambra, con la \u00fanica diferencia de que el turista tendr\u00eda posiblemente entretenidas las manos con  &#8230; una Leica de 35 mil\u00edmetros, y quiz\u00e1s advertido al o\u00eddo por <a href=\"https:\/\/www.abc.es\/deportes\/futbol\/javier-aznar-opinion-20250927160842-nt.html\" target=\"_self\" data-voc-vtm-id=\"in-text-traffic\" title=\"Bellingham\" rel=\"nofollow noopener\">Bellingham<\/a> de que su indolencia estaba siendo grabada. Quiz\u00e1s. Aparentemente a Fede Valverde s\u00f3lo le falt\u00f3 eso, ponerse a hacerle fotos a sus compa\u00f1eros, pero a veces las apariencias enga\u00f1an.<\/p>\n<p class=\"voc-p\" style=\"\"> Fuera o no por una desconexi\u00f3n mental o su paseo tuviera mucho o poco que ver con la necesidad del jugador de enviarle a su entrenador un mensaje de descontento, si unimos todas las piezas, el paseo nost\u00e1lgico, su irrelevancia futbol\u00edstica desde que Alonso est\u00e1 en el banquillo, esa desesperanza (<a href=\"https:\/\/www.abc.es\/deportes\/real-madrid\/valverde-habla-claro-nunca-negado-jugar-lateral-20250929145838-nt.html\" target=\"_self\" data-voc-vtm-id=\"in-text-traffic\" title=\"\u00abyo no nac\u00ed para ser lateral\u00bb\" rel=\"nofollow noopener\">\u00abyo no nac\u00ed para ser lateral\u00bb<\/a>) por ocupar un sitio que \u00e9l siente que no le corresponde y la suplencia posterior a esas declaraciones, nos sale un curioso hilo de indicios que no se puede obviar. No llega a &#8216;smoking gun&#8217; pero lo cierto es que humear, humea. <\/p>\n<p class=\"voc-p\" style=\"\">As\u00ed que a Xabi le ha crecido otro mel\u00f3n, uno uruguayo, esto ya parece Villaconejos. El de Vini lo cal\u00f3 \u00e9l, el de Fede le lleg\u00f3 calado, y ambos pueden salirle pepino si no endereza a tiempo. Bill Shankly (o Rodney Marsh, vaya usted a saber) dijo una vez lo siguiente: \u00abTodo lo que tiene que hacer un entrenador es tener contentos a once jugadores: los once suplentes\u00bb. Lo endiablado de esta situaci\u00f3n, que me recuerda mucho al giro de guion de &#8216;Abierto hasta el amanecer&#8217; del que no har\u00e9 spoiler por si acaso, es que a este entrenador se le revuelven los titulares, salvo que a Vinicius y a Valverde, dos capitanes, ya los consideremos suplentes en <a href=\"https:\/\/www.abc.es\/deportes\/real-madrid\/vinicius-regresa-casilla-salida-estatus-roto-renovacion-20250917105346-nt.html\" target=\"_self\" data-voc-vtm-id=\"in-text-traffic\" title=\"el nuevo proyecto de Mbapp\u00e9. \" data-mrf-link=\"www.abc.es\" rel=\"nofollow noopener\">el nuevo proyecto de Mbapp\u00e9. <\/a><\/p>\n<p class=\"voc-p\" style=\"\">Mi consejo: en esta intersecci\u00f3n de carreteras, si yo fuera Chuck Noland ir\u00eda corriendo tras Betina sin pensarlo dos veces y dejar\u00eda el \u00faltimo paquete sin entregar, que le den a FedEx. O eso o Xabi acabar\u00e1 hablando con una pelota de v\u00f3leibol a la que llamar\u00e1 Wilson. <\/p>\n<p class=\"voc-p\" style=\"\">Y este es, se\u00f1oras y se\u00f1ores, el aut\u00e9ntico m\u00e1ster de Alonso como entrenador, uno de los ap\u00f3stoles de la meritocracia frente al espejo. \u00bfY qu\u00e9 imagen nos devolver\u00e1, la del hombre dispuesto a hacer aquello en lo que cree sin importar las consecuencias o la de alguien que prefiere sobrevivir? No es lo mismo enfrentarse <a href=\"https:\/\/www.abc.es\/deportes\/supremo-confirma-absolucion-xabi-alonso-delito-hacienda-20231025154719-nt.html\" target=\"_self\" data-voc-vtm-id=\"in-text-traffic\" title=\"a la Agencia Tributaria\" data-mrf-link=\"www.abc.es\" rel=\"nofollow noopener\">a la Agencia Tributaria<\/a> que medirse al vestuario del Real Madrid.<\/p>\n","protected":false},"excerpt":{"rendered":"Es verdad que la escena no pasa inadvertida: al margen del grupo y con los brazos a la&hellip;\n","protected":false},"author":2,"featured_media":153622,"comment_status":"","ping_status":"","sticky":false,"template":"","format":"standard","meta":{"footnotes":""},"categories":[93],"tags":[168,25,24,13024,46279,23,167,1933,46278,1781],"class_list":{"0":"post-153621","1":"post","2":"type-post","3":"status-publish","4":"format-standard","5":"has-post-thumbnail","7":"category-deportes","8":"tag-deportes","9":"tag-es","10":"tag-espana","11":"tag-humea","12":"tag-humear","13":"tag-spain","14":"tag-sports","15":"tag-valverde","16":"tag-versus","17":"tag-xabi"},"share_on_mastodon":{"url":"","error":""},"_links":{"self":[{"href":"https:\/\/www.europesays.com\/es\/wp-json\/wp\/v2\/posts\/153621","targetHints":{"allow":["GET"]}}],"collection":[{"href":"https:\/\/www.europesays.com\/es\/wp-json\/wp\/v2\/posts"}],"about":[{"href":"https:\/\/www.europesays.com\/es\/wp-json\/wp\/v2\/types\/post"}],"author":[{"embeddable":true,"href":"https:\/\/www.europesays.com\/es\/wp-json\/wp\/v2\/users\/2"}],"replies":[{"embeddable":true,"href":"https:\/\/www.europesays.com\/es\/wp-json\/wp\/v2\/comments?post=153621"}],"version-history":[{"count":0,"href":"https:\/\/www.europesays.com\/es\/wp-json\/wp\/v2\/posts\/153621\/revisions"}],"wp:featuredmedia":[{"embeddable":true,"href":"https:\/\/www.europesays.com\/es\/wp-json\/wp\/v2\/media\/153622"}],"wp:attachment":[{"href":"https:\/\/www.europesays.com\/es\/wp-json\/wp\/v2\/media?parent=153621"}],"wp:term":[{"taxonomy":"category","embeddable":true,"href":"https:\/\/www.europesays.com\/es\/wp-json\/wp\/v2\/categories?post=153621"},{"taxonomy":"post_tag","embeddable":true,"href":"https:\/\/www.europesays.com\/es\/wp-json\/wp\/v2\/tags?post=153621"}],"curies":[{"name":"wp","href":"https:\/\/api.w.org\/{rel}","templated":true}]}}