{"id":153625,"date":"2025-10-02T22:07:18","date_gmt":"2025-10-02T22:07:18","guid":{"rendered":"https:\/\/www.europesays.com\/es\/153625\/"},"modified":"2025-10-02T22:07:18","modified_gmt":"2025-10-02T22:07:18","slug":"el-magico-enclave-vallisoletano-que-stella-banderas-ha-elegido-para-su-boda","status":"publish","type":"post","link":"https:\/\/www.europesays.com\/es\/153625\/","title":{"rendered":"el m\u00e1gico enclave vallisoletano que Stella Banderas ha elegido para su boda"},"content":{"rendered":"<p><strong>\u00abSoy muy afortunada de poder casarme en el pa\u00eds que me vio nacer\u00bb<\/strong>, ha confesado <strong>Stella Banderas <\/strong>(29 a\u00f1os) en declaraciones a la revista \u00a1Hola! a solo unos d\u00edas de darle el &#8216;s\u00ed, quiero&#8217; a\u00a0Alex Gruszynski. El broche de oro a una bonita y discreta historia de amor que naci\u00f3, sin esperarlo, cuando ambos eran unos adolescentes.\u00a0<\/p>\n<p>Despu\u00e9s de mucho pensarlo y aunque todo apuntaba a que Stella elegir\u00eda Los \u00c1ngeles, ciudad en la que residen, la sorpresa de su padre, Antonio Banderas, fue m\u00e1xima cuando la joven le anunci\u00f3 que quer\u00eda casarse en Espa\u00f1a. Eso s\u00ed, no ser\u00e1 en M\u00e1laga como cabr\u00eda esperar, ser\u00e1 en una exclusiva finca de Valladolid.\u00a0<\/p>\n<p>En plena cuenta atr\u00e1s de un enlace que tendr\u00e1 lugar el pr\u00f3ximo 18 de octubre y unir\u00e1 a buena parte de Hollywood con Espa\u00f1a, la <strong>lujosa finca Abad\u00eda Retuerta,<\/strong> ubicada en el coraz\u00f3n de la Rivera del Duero, empieza a prepararse para que todo salga a las mil maravillas.\u00a0<\/p>\n<p><img decoding=\"async\" src=\"https:\/\/www.europesays.com\/es\/wp-content\/uploads\/2025\/10\/david-broncano-y-silvia-alonso_6189fed7_251002133905_800x800.webp.webp\" alt=\"David Broncano y Silvia Alonso\" class=\"image lazyload\"\/><img loading=\"lazy\" decoding=\"async\" src=\"https:\/\/www.europesays.com\/es\/wp-content\/uploads\/2025\/10\/david-broncano-y-silvia-alonso_6189fed7_251002133913_1280x720.webp.webp\" alt=\"David Broncano y Silvia Alonso dan un paso m\u00e1s en su relaci\u00f3n: el acuerdo millonario que habla de su futuro juntos\" class=\"image lazyload\" width=\"1280\" height=\"720\" data-aspectratio=\"1280\/720\"\/><br \/>\n<img loading=\"lazy\" decoding=\"async\"   src=\"https:\/\/www.europesays.com\/es\/wp-content\/uploads\/2025\/10\/stella-del-carmen-renuncia-a-banderas-y-quiere-apellidarse-dominguez_00000000_9c95d6fd_251002140609_.webp\" alt=\"Stella del Carmen y Antonio Banderas\" class=\"lazyload\" width=\"1200\" height=\"800\" data-aspectratio=\"1200\/800\"\/><\/p>\n<p>Antonio Banderas, el padre m\u00e1s orgulloso junto a su hija Stella del Carmen<\/p>\n<p>&#13;Gtres<br \/>\nLujo, naturaleza e historia: Abad\u00eda Retuerta, el enclave perfectopara el &#8216;s\u00ed quiero&#8217;<\/p>\n<p>El deseo de Stella y Alex era encontrar un lugar especial en medio de la naturaleza y alejado por completo de las miradas indiscretas. Un refugio \u00fanico y especial como escenario del que ser\u00e1, seguro, uno de los mejores d\u00eda de su vida.<\/p>\n<p data-end=\"590\" data-start=\"192\">En pleno coraz\u00f3n del valle del Duero, entre vi\u00f1edos infinitos y un paisaje que respira historia, se levanta <strong data-end=\"329\" data-start=\"300\">Abad\u00eda Retuerta LeDomaine<\/strong>, un escenario que parece hecho a medida para quienes sue\u00f1an con una boda inolvidable, no solo para los novios sino para todos los invitados. Este enclave, a medio camino entre la tradici\u00f3n, el romanticismo, la alta gastronom\u00eda y la exclusividad, convertir\u00e1 los recuerdos en eternos.\u00a0<\/p>\n<p><img loading=\"lazy\" decoding=\"async\"   src=\"https:\/\/www.europesays.com\/es\/wp-content\/uploads\/2025\/10\/abadia-retuerta_7a3989da_48_251002162150_1200x794.webp.webp\" alt=\"Abad\u00eda Retuerta\" class=\"lazyload\" width=\"1200\" height=\"794\" data-aspectratio=\"1200\/794\"\/><\/p>\n<p>Abad\u00eda Retuerta, un enclave m\u00e1gico a las afueras de Valladolid\u00a0<\/p>\n<p>&#13;<\/p>\n<p data-end=\"590\" data-start=\"192\">\u00a0RetuertasuSantuarioWellness&amp;Spa,presentala experiencia detoxdonde eliminar los excesos del verano.Dise\u00f1ado como unviajesensorial, la experienciadetoxpretende restaurar cuerpo y mente a trav\u00e9s de una pausaconsciente invitando a la contemplaci\u00f3n del entorno y belleza de la abad\u00eda.<\/p>\n<p>Espacios de ensue\u00f1o para cada momento<\/p>\n<p data-end=\"954\" data-start=\"627\">El complejo est\u00e1 situado en una<strong> antigua abad\u00eda del siglo XII<\/strong>, restaurada con mimo para conservar su esencia rom\u00e1nica y a la vez dotarla de todas las comodidades y lujos del siglo XXI. Sus muros de piedra, sus imponentes jardines y su iglesia rom\u00e1nica ofrecen un marco imponente para ceremonias cargadas de espiritualidad y belleza.<\/p>\n<p><img loading=\"lazy\" decoding=\"async\"   src=\"https:\/\/www.europesays.com\/es\/wp-content\/uploads\/2025\/10\/abadia-retuerta_b0aad1da_251002163853_1200x800.webp.webp\" alt=\"Abad\u00eda Retuerta\" class=\"lazyload\" width=\"1200\" height=\"800\" data-aspectratio=\"1200\/800\"\/>&#13;Abad\u00eda Retuerta<\/p>\n<p data-end=\"1387\" data-start=\"999\">Abad\u00eda Retuerta cuenta con <strong>escenarios \u00fanicos para cada instante de la celebraci\u00f3n: <\/strong>desde su iglesia, algo esencial para Stella, hasta<strong>\u00a0<\/strong>los jardines y vi\u00f1edos, ideales para enlaces civiles o c\u00f3cteles al aire libre. Sus salones interiores, de elegante dise\u00f1o, se adaptan a banquetes m\u00e1s \u00edntimos o celebraciones multitudinarias, siempre con un aire de sofisticaci\u00f3n.<\/p>\n<p data-end=\"1736\" data-start=\"1427\">Pero si hay algo que diferencia este enclave de sus competidores es su magn\u00edfica propuesta culinaria, algo esencial para Stella y Alex en su gran d\u00eda. El restaurante Refectorio, galardonado con una estrella Michelin, ofrece men\u00fas nupciales que combinan tradici\u00f3n castellana y vanguardia, siempre con productos de proximidad e, importante, acompa\u00f1ados de un maridaje de bodega propia.<\/p>\n<p><img loading=\"lazy\" decoding=\"async\"   src=\"https:\/\/www.europesays.com\/es\/wp-content\/uploads\/2025\/10\/abadia-retuerta-spa_f3453b5f_251002165354_1200x1351.webp.webp\" alt=\"Abad\u00eda Retuerta Spa\" class=\"lazyload\" width=\"1200\" height=\"1351\" data-aspectratio=\"1200\/1351\"\/><\/p>\n<p>La finca dispone de un espacio wellness ideal para escapar del estr\u00e9s de la ciudad<\/p>\n<p>&#13;<br \/>\nLos servicios exclusivos\u00a0<\/p>\n<p data-end=\"2150\" data-start=\"1788\">Pero Abad\u00eda Retuerta es mucho m\u00e1s. Los novios han pensado en todo y alojar\u00e1n a sus invitados en sus habitaciones. El exclusivo hotel invita a disfrutar de <strong>experiencias \u00fanicas que van m\u00e1s all\u00e1 del gran d\u00eda<\/strong> como catas privadas en la bodega, paseos entre vi\u00f1edos y jornadas de bienestar en su lujoso spa. Cada detalle pensado para que tanto los novios como los invitados vivan una celebraci\u00f3n irrepetible.<\/p>\n<p data-end=\"2478\" data-start=\"2197\">\u00a0<\/p>\n","protected":false},"excerpt":{"rendered":"\u00abSoy muy afortunada de poder casarme en el pa\u00eds que me vio nacer\u00bb, ha confesado Stella Banderas (29&hellip;\n","protected":false},"author":2,"featured_media":153626,"comment_status":"","ping_status":"","sticky":false,"template":"","format":"standard","meta":{"footnotes":""},"categories":[91],"tags":[146,147,25,24,23],"class_list":{"0":"post-153625","1":"post","2":"type-post","3":"status-publish","4":"format-standard","5":"has-post-thumbnail","7":"category-entretenimiento","8":"tag-entertainment","9":"tag-entretenimiento","10":"tag-es","11":"tag-espana","12":"tag-spain"},"share_on_mastodon":{"url":"","error":""},"_links":{"self":[{"href":"https:\/\/www.europesays.com\/es\/wp-json\/wp\/v2\/posts\/153625","targetHints":{"allow":["GET"]}}],"collection":[{"href":"https:\/\/www.europesays.com\/es\/wp-json\/wp\/v2\/posts"}],"about":[{"href":"https:\/\/www.europesays.com\/es\/wp-json\/wp\/v2\/types\/post"}],"author":[{"embeddable":true,"href":"https:\/\/www.europesays.com\/es\/wp-json\/wp\/v2\/users\/2"}],"replies":[{"embeddable":true,"href":"https:\/\/www.europesays.com\/es\/wp-json\/wp\/v2\/comments?post=153625"}],"version-history":[{"count":0,"href":"https:\/\/www.europesays.com\/es\/wp-json\/wp\/v2\/posts\/153625\/revisions"}],"wp:featuredmedia":[{"embeddable":true,"href":"https:\/\/www.europesays.com\/es\/wp-json\/wp\/v2\/media\/153626"}],"wp:attachment":[{"href":"https:\/\/www.europesays.com\/es\/wp-json\/wp\/v2\/media?parent=153625"}],"wp:term":[{"taxonomy":"category","embeddable":true,"href":"https:\/\/www.europesays.com\/es\/wp-json\/wp\/v2\/categories?post=153625"},{"taxonomy":"post_tag","embeddable":true,"href":"https:\/\/www.europesays.com\/es\/wp-json\/wp\/v2\/tags?post=153625"}],"curies":[{"name":"wp","href":"https:\/\/api.w.org\/{rel}","templated":true}]}}