{"id":153630,"date":"2025-10-02T22:10:10","date_gmt":"2025-10-02T22:10:10","guid":{"rendered":"https:\/\/www.europesays.com\/es\/153630\/"},"modified":"2025-10-02T22:10:10","modified_gmt":"2025-10-02T22:10:10","slug":"portavoz-de-unicef-en-gaza-he-visto-una-habitacion-de-hospital-llena-de-ninos-disparados-por-cuadricopteros-el-salto","status":"publish","type":"post","link":"https:\/\/www.europesays.com\/es\/153630\/","title":{"rendered":"Portavoz de Unicef en Gaza: \u201cHe visto una habitaci\u00f3n de hospital llena de ni\u00f1os disparados por cuadric\u00f3pteros\u201d &#8211; El Salto"},"content":{"rendered":"<ol>\n<li><a href=\"https:\/\/news.google.com\/rss\/articles\/CBMiywFBVV95cUxNR3dWc0FpZDAxWTkzOGdNTkFQcXdYWDJMOFZiWV9ITUJBX3I3QjFlLUU4RUJHWjM0QzQ1dXI3UG1WSEg3QnE1RklvVllSQk1aQzI1QmtrVDN5MTJGRFVEamNOMHVualJMTmVGVzRDTXlRREU3d3poTHZnOXAwcENMVzdaYWpaM19VemUzQ0Z0UldOTXd4UGZEVVhURTVrTGFHMG5CSnpkODktOW4zamxxRWtSUHVVS0NxeUdiakJzZDlxQ2FmTWpXX3ZnYw?oc=5\" target=\"_blank\" rel=\"nofollow noopener\">Portavoz de Unicef en Gaza: \u201cHe visto una habitaci\u00f3n de hospital llena de ni\u00f1os disparados por cuadric\u00f3pteros\u201d<\/a>&nbsp;&nbsp;El Salto<\/li>\n<li><a href=\"https:\/\/news.google.com\/rss\/articles\/CBMipwFBVV95cUxPT3J6X3hvYWVtZE5uMzgtQTk5N2VGRURFSS1IZkZFYmZuajEyekF2a0g1Q0daeGYtcWFrbEU3UDlkSXg3LWxHQUhuZVc2Rm44eXNtMENrRGY0QkVDQTV1RTNpZi04SzFoUkw3TXBvT0ZuMGlqaTF1eE5mNmprYV9KeTlZaFBHUDRsT2pCSkRjbURkeGh2QW9Ublk2TkRIRFJBa3JDZDIxSQ?oc=5\" target=\"_blank\" rel=\"nofollow noopener\">Conflicto \u00e1rabe israel\u00ed &#8211; 2 de octubre de 2025 de 2025 | M\u00e9dicos Sin Fronteras denuncia la muerte de uno de sus trabajadores en Gaza por fuego israel\u00ed<\/a>&nbsp;&nbsp;EL PA\u00cdS<\/li>\n<li><a href=\"https:\/\/news.google.com\/rss\/articles\/CBMisgFBVV95cUxQUnVsbWJZMU85VmwtNmgyZENydHdrLWdDRWV6Q1AyMmtPRWFWaFVqSVNEaEdjbU5SN1RTY1NrWm0ySkRTaHY0ODZWN0M4aGF0Q2R2aVJNdWVfLW5TQ2NjVjBqdEJRd3M1cWdBTmVRX2xsc3dPdktMZVlhZVdJbmhDYnl6RWdUbXJ0b2Fmalo3RHVib3JTSkFlTlNwekJtMHlLR2RWRkVUUUlWZEhpNlBITDln?oc=5\" target=\"_blank\" rel=\"nofollow noopener\">Denunciamos el asesinato de nuestro decimocuarto trabajador humanitario en un ataque israel\u00ed en Gaza<\/a>&nbsp;&nbsp;M\u00e9dicos Sin Fronteras (MSF)<\/li>\n<li><a href=\"https:\/\/news.google.com\/rss\/articles\/CBMivwFBVV95cUxPU3Nua1RYNWhRc2ZOWFo5bmxnYVJQTjBKRzk1QUFlQmg5SXplcDRtVDV0dzhyYWNMbVBZamdueDQxb2J6allVeEJveXBJUE9vd0t6dVZaMWxMaGs0NzAwMndpOUt1WHBmZXcxVE9JNGdLcENHcEZGVjM0Yl9nTEN5OHNiT3h6M3czTXduSFF0Y2NXakp2NVNsRE1NYndWVVBCektib2c4SWxGUHA3eGdUMjJKLUl5d0c1ZFhFNGx5dw?oc=5\" target=\"_blank\" rel=\"nofollow noopener\">El coordinador de log\u00edstica de M\u00e9dicos sin Fronteras en Gaza: \u201cNo hay una guerra, sino una parte que machaca a otra\u201d<\/a>&nbsp;&nbsp;elDiario.es<\/li>\n<li><a href=\"https:\/\/news.google.com\/rss\/articles\/CBMi7wFBVV95cUxQY2NSUzZ0TDl6dlVNX1I3OGFTM1NXaXBOdWpicVA0bVQ4M3F4SFRkT2l1Vml1cUczend1dS0yTzBXLVktU29aWDQwX180WVZubTF0TnZaYmN1cWpRZV92VTV0TXFPSkwybHVkX1VsMjFPNExMNFZFS1NYT3ljbDQyQ3duWTNCZ3NrOGRYa3Z4ZVZLcXlnNkJqQ2Z3WGtHOUZmYkQtMjZ5Q3QzSzJRTlJRS2tCVnVRbmNvc0RVcDJ6TG1ETHM2UndKR0NFZ1BEYk1qM0NzVUwtTlBFaW96RnNNTEx5MHljSkh6WS1xeGJ1d9IB9AFBVV95cUxPRzBKZDB4dDJGWlRBNTNQN3h2b3V5QTJNMWJOVWxYajZIeVdqSUl2c2lONFo2OWg4VC10OTl0NnlFcEZ4dDNERC1SLU1fQkJMZ29rMXpQZUNaWTZZRTlibkdRbmxDMHhEQl9OQ2ZNRjMxNi1TQnB2TFBUWkpOU0Z5a19vMlhOTmFDeWktTVRwTE5XMllzYnB0bW95STlmbk03bEJ4YWthSG1rUC1nVlJzUHJLOTFtWmxBZDNxMUVNWkl4VFMxREc1d0JRZU02cXNZUWx1eVR3dFhVc3ZFVFExMnk3cVU1RHROaGRJUlB0VEFvbjVB?oc=5\" target=\"_blank\" rel=\"nofollow noopener\">\u00abPrimero un alto el fuego, luego el plan\u00bb: as\u00ed habla una enfermera espa\u00f1ola que acaba de regresar de Gaza<\/a>&nbsp;&nbsp;El Confidencial<\/li>\n<\/ol>\n","protected":false},"excerpt":{"rendered":"Portavoz de Unicef en Gaza: \u201cHe visto una habitaci\u00f3n de hospital llena de ni\u00f1os disparados por cuadric\u00f3pteros\u201d&nbsp;&nbsp;El Salto&hellip;\n","protected":false},"author":2,"featured_media":153631,"comment_status":"","ping_status":"","sticky":false,"template":"","format":"standard","meta":{"footnotes":""},"categories":[42],"tags":[517,17,18,13,14,11,3624,61,62,63,64,74,19,20,9,10,15,16,76,12,21,22,65,66,67],"class_list":{"0":"post-153630","1":"post","2":"type-post","3":"status-publish","4":"format-standard","5":"has-post-thumbnail","7":"category-internacional","8":"tag-actualidad","9":"tag-breaking-news","10":"tag-breakingnews","11":"tag-featured-news","12":"tag-featurednews","13":"tag-headlines","14":"tag-infancia","15":"tag-internacional","16":"tag-international","17":"tag-international-news","18":"tag-internationalnews","19":"tag-israel","20":"tag-latest-news","21":"tag-latestnews","22":"tag-news","23":"tag-noticias","24":"tag-noticias-destacadas","25":"tag-noticiasdestacadas","26":"tag-palestina","27":"tag-titulares","28":"tag-ultimas-noticias","29":"tag-ultimasnoticias","30":"tag-world","31":"tag-world-news","32":"tag-worldnews"},"share_on_mastodon":{"url":"","error":""},"_links":{"self":[{"href":"https:\/\/www.europesays.com\/es\/wp-json\/wp\/v2\/posts\/153630","targetHints":{"allow":["GET"]}}],"collection":[{"href":"https:\/\/www.europesays.com\/es\/wp-json\/wp\/v2\/posts"}],"about":[{"href":"https:\/\/www.europesays.com\/es\/wp-json\/wp\/v2\/types\/post"}],"author":[{"embeddable":true,"href":"https:\/\/www.europesays.com\/es\/wp-json\/wp\/v2\/users\/2"}],"replies":[{"embeddable":true,"href":"https:\/\/www.europesays.com\/es\/wp-json\/wp\/v2\/comments?post=153630"}],"version-history":[{"count":0,"href":"https:\/\/www.europesays.com\/es\/wp-json\/wp\/v2\/posts\/153630\/revisions"}],"wp:featuredmedia":[{"embeddable":true,"href":"https:\/\/www.europesays.com\/es\/wp-json\/wp\/v2\/media\/153631"}],"wp:attachment":[{"href":"https:\/\/www.europesays.com\/es\/wp-json\/wp\/v2\/media?parent=153630"}],"wp:term":[{"taxonomy":"category","embeddable":true,"href":"https:\/\/www.europesays.com\/es\/wp-json\/wp\/v2\/categories?post=153630"},{"taxonomy":"post_tag","embeddable":true,"href":"https:\/\/www.europesays.com\/es\/wp-json\/wp\/v2\/tags?post=153630"}],"curies":[{"name":"wp","href":"https:\/\/api.w.org\/{rel}","templated":true}]}}