{"id":153632,"date":"2025-10-02T22:11:11","date_gmt":"2025-10-02T22:11:11","guid":{"rendered":"https:\/\/www.europesays.com\/es\/153632\/"},"modified":"2025-10-02T22:11:11","modified_gmt":"2025-10-02T22:11:11","slug":"el-parque-de-las-marionetas-rio-y-juego-el-tragachicos-la-comparsa-y-el-leon-garganchon-grandes-protagonistas-de-las-propuestas-infantiles-de-las-fiestas-del-pilar-noticia-ayuntamiento-de-zarago","status":"publish","type":"post","link":"https:\/\/www.europesays.com\/es\/153632\/","title":{"rendered":"El Parque de las Marionetas, R\u00edo y Juego, el Tragachicos, la Comparsa y el Le\u00f3n Garganch\u00f3n, grandes protagonistas de las propuestas infantiles de las Fiestas del Pilar. Noticia. Ayuntamiento de Zaragoza"},"content":{"rendered":"<p>      Cuerpo de la noticia<\/p>\n<p data-end=\"881\" data-start=\"421\">Las Fiestas del Pilar 2025 volver\u00e1n a convertir a Zaragoza en una ciudad pensada para la infancia, con una amplia programaci\u00f3n cultural y l\u00fadica destinada a los m\u00e1s peque\u00f1os. Entre las propuestas m\u00e1s esperadas destacan el <strong data-end=\"671\" data-start=\"643\">Parque de las Marionetas<\/strong>, <strong data-end=\"688\" data-start=\"673\">R\u00edo y Juego<\/strong> y los elementos m\u00e1s tradicionales como la <strong data-end=\"779\" data-start=\"731\">Comparsa de Gigantes, Cabezudos y Caballitos<\/strong>, el <strong data-end=\"799\" data-start=\"784\">Tragachicos<\/strong> y el nuevo <strong data-end=\"830\" data-start=\"811\">Le\u00f3n Garganch\u00f3n<\/strong>, que recorrer\u00e1n diferentes barrios de la ciudad.<\/p>\n<p data-end=\"1061\" data-start=\"883\"><strong>XXVI Parque de las Marionetas: un festival internacional<\/strong><\/p>\n<p data-end=\"1511\" data-start=\"1125\">El Parque Jos\u00e9 Antonio Labordeta acoger\u00e1 del 5 al 13 de octubre la <strong data-end=\"1247\" data-start=\"1192\">vig\u00e9simo sexta edici\u00f3n del Parque de las Marionetas<\/strong>, que incluir\u00e1 <strong data-end=\"1281\" data-start=\"1262\">195 actuaciones<\/strong> procedentes de Arag\u00f3n (42%), del resto de Espa\u00f1a (44%) y de pa\u00edses como Uruguay, Argentina o Italia (14%). Se trata de una de las citas culturales m\u00e1s queridas, que combina juegos, talleres y espect\u00e1culos para todas las edades.<\/p>\n<p data-end=\"1677\" data-start=\"1513\">Como novedad, este a\u00f1o se celebrar\u00e1 una <strong data-end=\"1589\" data-start=\"1553\">noche de marionetas para adultos<\/strong>, el 10 de octubre, con la compa\u00f1\u00eda uruguaya Coriolis Teatro y su obra Pasos Largos.<\/p>\n<p data-end=\"2025\" data-start=\"1679\">Entre las compa\u00f1\u00edas aragonesas presentes figuran <strong data-end=\"1750\" data-start=\"1728\">T\u00edteres sin Cabeza<\/strong>, <strong data-end=\"1782\" data-start=\"1752\">Los Titiriteros de Bin\u00e9far<\/strong>, <strong data-end=\"1801\" data-start=\"1784\">Teatro Arbol\u00e9<\/strong>, <strong data-end=\"1817\" data-start=\"1803\">Almozandia<\/strong>, <strong data-end=\"1836\" data-start=\"1819\">Caleidoscopio<\/strong>, <strong data-end=\"1853\" data-start=\"1838\">Civi Civiac<\/strong> o la <strong data-end=\"1887\" data-start=\"1859\">Orquesta de las Esquinas<\/strong>, que compartir\u00e1n espacio con agrupaciones nacionales e internacionales en un festival que apuesta por la diversidad y el talento local.<\/p>\n<p data-end=\"2072\" data-start=\"2027\"><strong>R\u00edo y Juego: ocio inclusivo y sostenible<\/strong><\/p>\n<p data-end=\"2482\" data-start=\"2073\">Otro de los grandes atractivos ser\u00e1 <strong data-end=\"2124\" data-start=\"2109\">R\u00edo y Juego<\/strong>, instalado en la zona de la Expo, abierto del 5 al 13 de octubre. Este espacio ofrece zonas de juego sostenible y actividades especialmente pensadas para la inclusi\u00f3n, con jornadas adaptadas para <strong data-end=\"2357\" data-start=\"2321\">ni\u00f1os con necesidades especiales<\/strong>, como la <strong data-end=\"2439\" data-start=\"2367\">ma\u00f1ana para Centros de Educaci\u00f3n Especial y aulas TEA (8 de octubre)<\/strong> y la <strong data-end=\"2479\" data-start=\"2445\">tarde sin ruido (6 de octubre)<\/strong>.<\/p>\n<p data-end=\"2553\" data-start=\"2484\"><strong>Tradici\u00f3n en movimiento: Comparsa, Tragachicos y Le\u00f3n Garganch\u00f3n<\/strong><\/p>\n<p data-end=\"2884\" data-start=\"2554\">Las calles de Zaragoza volver\u00e1n a llenarse de magia con las salidas de la <strong data-end=\"2664\" data-start=\"2628\">Comparsa de Gigantes y Cabezudos<\/strong>, el <strong data-end=\"2684\" data-start=\"2669\">Tragachicos<\/strong> y el novedoso <strong data-end=\"2718\" data-start=\"2699\">Le\u00f3n Garganch\u00f3n<\/strong>, que se estrenar\u00e1 este a\u00f1o como tobog\u00e1n itinerante. Todos ellos recorrer\u00e1n diferentes barrios de la ciudad, llevando la tradici\u00f3n a plazas y espacios emblem\u00e1ticos.<\/p>\n<p data-end=\"2932\" data-start=\"2886\"><strong>Programaci\u00f3n en barrios y centros c\u00edvicos<\/strong><\/p>\n<p data-end=\"3214\" data-start=\"2933\">La oferta infantil se completa con espect\u00e1culos en la red de Centros C\u00edvicos y propuestas descentralizadas en los barrios, as\u00ed como la programaci\u00f3n de la <strong data-end=\"3119\" data-start=\"3087\">Barraca de T\u00edteres de Arbol\u00e9<\/strong> en la calle Moret, con cl\u00e1sicos como Los tres cerditos, Caperucita Roja o El pato feo.<\/p>\n<p data-end=\"3409\" data-start=\"3216\">Con estas iniciativas, Zaragoza refuerza el car\u00e1cter familiar y participativo de las Fiestas del Pilar, asegurando que la magia de la cultura y la tradici\u00f3n llegue a cada rinc\u00f3n de la ciudad.<\/p>\n","protected":false},"excerpt":{"rendered":"Cuerpo de la noticia Las Fiestas del Pilar 2025 volver\u00e1n a convertir a Zaragoza en una ciudad pensada&hellip;\n","protected":false},"author":2,"featured_media":153633,"comment_status":"","ping_status":"","sticky":false,"template":"","format":"standard","meta":{"footnotes":""},"categories":[8],"tags":[17,18,25,24,13,14,11,19,20,9,10,15,16,23,12,21,22],"class_list":{"0":"post-153632","1":"post","2":"type-post","3":"status-publish","4":"format-standard","5":"has-post-thumbnail","7":"category-espana","8":"tag-breaking-news","9":"tag-breakingnews","10":"tag-es","11":"tag-espana","12":"tag-featured-news","13":"tag-featurednews","14":"tag-headlines","15":"tag-latest-news","16":"tag-latestnews","17":"tag-news","18":"tag-noticias","19":"tag-noticias-destacadas","20":"tag-noticiasdestacadas","21":"tag-spain","22":"tag-titulares","23":"tag-ultimas-noticias","24":"tag-ultimasnoticias"},"share_on_mastodon":{"url":"","error":""},"_links":{"self":[{"href":"https:\/\/www.europesays.com\/es\/wp-json\/wp\/v2\/posts\/153632","targetHints":{"allow":["GET"]}}],"collection":[{"href":"https:\/\/www.europesays.com\/es\/wp-json\/wp\/v2\/posts"}],"about":[{"href":"https:\/\/www.europesays.com\/es\/wp-json\/wp\/v2\/types\/post"}],"author":[{"embeddable":true,"href":"https:\/\/www.europesays.com\/es\/wp-json\/wp\/v2\/users\/2"}],"replies":[{"embeddable":true,"href":"https:\/\/www.europesays.com\/es\/wp-json\/wp\/v2\/comments?post=153632"}],"version-history":[{"count":0,"href":"https:\/\/www.europesays.com\/es\/wp-json\/wp\/v2\/posts\/153632\/revisions"}],"wp:featuredmedia":[{"embeddable":true,"href":"https:\/\/www.europesays.com\/es\/wp-json\/wp\/v2\/media\/153633"}],"wp:attachment":[{"href":"https:\/\/www.europesays.com\/es\/wp-json\/wp\/v2\/media?parent=153632"}],"wp:term":[{"taxonomy":"category","embeddable":true,"href":"https:\/\/www.europesays.com\/es\/wp-json\/wp\/v2\/categories?post=153632"},{"taxonomy":"post_tag","embeddable":true,"href":"https:\/\/www.europesays.com\/es\/wp-json\/wp\/v2\/tags?post=153632"}],"curies":[{"name":"wp","href":"https:\/\/api.w.org\/{rel}","templated":true}]}}