{"id":153634,"date":"2025-10-02T22:12:13","date_gmt":"2025-10-02T22:12:13","guid":{"rendered":"https:\/\/www.europesays.com\/es\/153634\/"},"modified":"2025-10-02T22:12:13","modified_gmt":"2025-10-02T22:12:13","slug":"junts-votara-a-favor-del-decreto-ley-del-gobierno-sobre-el-embargo-de-armas-a-israel","status":"publish","type":"post","link":"https:\/\/www.europesays.com\/es\/153634\/","title":{"rendered":"Junts votar\u00e1 a favor del decreto ley del Gobierno sobre el embargo de armas a Israel"},"content":{"rendered":"<p class=\"article-text\">\n        Junts votar\u00e1 a favor de la convalidaci\u00f3n del decreto ley sobre el embargo de armas a Israel. Fuentes de Junts han confirmado a elDiario.es que los siete diputados de la formaci\u00f3n independentista votar\u00e1n a favor de la convalidaci\u00f3n del real decreto ley y a favor de que se tramite como proyecto de ley para poder introducir cambios, al igual que ha solicitado Sumar, socio del PSOE en el Gobierno de coalici\u00f3n.\n    <\/p>\n<p>    <a href=\"https:\/\/www.eldiario.es\/politica\/gobierno-aprueba-embargo-armas-israel-prohibicion-comercio-territorios-ocupados_1_12624649.html\" data-mrf-recirculation=\"saber-mas\" data-dl-event=\"saber-mas\" rel=\"nofollow noopener\" target=\"_blank\"><\/p>\n<p class=\"know-more__title\">El Gobierno aprueba el embargo de armas a Israel y la prohibici\u00f3n del comercio con los territorios ocupados<\/p>\n<p>            <img decoding=\"async\" class=\"lazy\" loading=\"lazy\" data-src=\"https:\/\/static.eldiario.es\/clip\/06de48c6-ce3b-46f3-bba2-73f25ebd0dd7_16-9-aspect-ratio_default_0_x1738y815.jpg\" src=\"data:image\/svg+xml,%3Csvg xmlns=\" http:=\"\" viewbox=\"0 0 880 495\" alt=\"El Gobierno aprueba el embargo de armas a Israel y la prohibici\u00f3n del comercio con los territorios ocupados\"\/><\/p>\n<p>                        <\/a><\/p>\n<p class=\"article-text\">\n        Tambi\u00e9n han confirmado su s\u00ed el PNV, Bildu, la diputada de Comprom\u00eds \u00c0gueda Mic\u00f3 y la diputada de Coalici\u00f3n Canaria Cristina Valido, ambas integradas en el Grupo Mixto. A\u00fan as\u00ed, el Ejecutivo sigue pendiente de los votos de ERC y el BNG. Sin su apoyo, la convalidaci\u00f3n peligra.\n    <\/p>\n<p class=\"article-text\">\n        A principios de septiembre, el presidente del gobierno espa\u00f1ol, Pedro S\u00e1nchez, anunciaba medidas inmediatas para ayudar a \u201cdetener el genocidio en Gaza, perseguir a sus autores y apoyar a la poblaci\u00f3n palestina\u201d.\n    <\/p>\n<p>    <a href=\"https:\/\/www.eldiario.es\/politica\/sanchez-nuevo-manos-junts-sacar-adelante-embargo-armas-israel-congreso_1_12648685.html\" data-mrf-recirculation=\"saber-mas-abajo\" data-dl-event=\"saber-mas-abajo\" rel=\"nofollow noopener\" target=\"_blank\"><\/p>\n<p class=\"know-more__title\">S\u00e1nchez, de nuevo en manos de Podemos y Junts para sacar adelante el embargo de armas a Israel en el Congreso\n<\/p>\n<p>            <img decoding=\"async\" class=\"lazy\" loading=\"lazy\" data-src=\"https:\/\/static.eldiario.es\/clip\/c6b24cbc-f4ae-4494-a466-af375b0b4441_16-9-aspect-ratio_default_0.jpg\" src=\"data:image\/svg+xml,%3Csvg xmlns=\" http:=\"\" viewbox=\"0 0 880 495\" alt=\"S\u00e1nchez, de nuevo en manos de Podemos y Junts para sacar adelante el embargo de armas a Israel en el Congreso\"\/><\/p>\n<p>                        <\/a><\/p>\n<p class=\"article-text\">\n        Una de esas medidas era la aprobaci\u00f3n del real decreto para consolidar jur\u00eddicamente el embargo de armas y para establecer la \u201cprohibici\u00f3n legal y permanente de comprar y vender armamento, munici\u00f3n y equipamiento militar en Israel\u201d. El Consejo de Ministros aprob\u00f3 el decreto ley el martes de la semana pasada, y ahora tendr\u00e1 que validarlo la c\u00e1mara baja.\n    <\/p>\n","protected":false},"excerpt":{"rendered":"Junts votar\u00e1 a favor de la convalidaci\u00f3n del decreto ley sobre el embargo de armas a Israel. Fuentes&hellip;\n","protected":false},"author":2,"featured_media":153635,"comment_status":"","ping_status":"","sticky":false,"template":"","format":"standard","meta":{"footnotes":""},"categories":[5],"tags":[517,210,17,18,1980,95,25,24,13,14,11,1982,19,20,9,10,15,16,1981,952,23,12,21,22],"class_list":{"0":"post-153634","1":"post","2":"type-post","3":"status-publish","4":"format-standard","5":"has-post-thumbnail","7":"category-titulares","8":"tag-actualidad","9":"tag-barcelona","10":"tag-breaking-news","11":"tag-breakingnews","12":"tag-cataluna","13":"tag-economia","14":"tag-es","15":"tag-espana","16":"tag-featured-news","17":"tag-featurednews","18":"tag-headlines","19":"tag-ignacio-escolar","20":"tag-latest-news","21":"tag-latestnews","22":"tag-news","23":"tag-noticias","24":"tag-noticias-destacadas","25":"tag-noticiasdestacadas","26":"tag-periodismo-independiente","27":"tag-politica","28":"tag-spain","29":"tag-titulares","30":"tag-ultimas-noticias","31":"tag-ultimasnoticias"},"share_on_mastodon":{"url":"","error":""},"_links":{"self":[{"href":"https:\/\/www.europesays.com\/es\/wp-json\/wp\/v2\/posts\/153634","targetHints":{"allow":["GET"]}}],"collection":[{"href":"https:\/\/www.europesays.com\/es\/wp-json\/wp\/v2\/posts"}],"about":[{"href":"https:\/\/www.europesays.com\/es\/wp-json\/wp\/v2\/types\/post"}],"author":[{"embeddable":true,"href":"https:\/\/www.europesays.com\/es\/wp-json\/wp\/v2\/users\/2"}],"replies":[{"embeddable":true,"href":"https:\/\/www.europesays.com\/es\/wp-json\/wp\/v2\/comments?post=153634"}],"version-history":[{"count":0,"href":"https:\/\/www.europesays.com\/es\/wp-json\/wp\/v2\/posts\/153634\/revisions"}],"wp:featuredmedia":[{"embeddable":true,"href":"https:\/\/www.europesays.com\/es\/wp-json\/wp\/v2\/media\/153635"}],"wp:attachment":[{"href":"https:\/\/www.europesays.com\/es\/wp-json\/wp\/v2\/media?parent=153634"}],"wp:term":[{"taxonomy":"category","embeddable":true,"href":"https:\/\/www.europesays.com\/es\/wp-json\/wp\/v2\/categories?post=153634"},{"taxonomy":"post_tag","embeddable":true,"href":"https:\/\/www.europesays.com\/es\/wp-json\/wp\/v2\/tags?post=153634"}],"curies":[{"name":"wp","href":"https:\/\/api.w.org\/{rel}","templated":true}]}}