{"id":153638,"date":"2025-10-02T22:17:12","date_gmt":"2025-10-02T22:17:12","guid":{"rendered":"https:\/\/www.europesays.com\/es\/153638\/"},"modified":"2025-10-02T22:17:12","modified_gmt":"2025-10-02T22:17:12","slug":"rafa-nadal-llega-a-salamanca-con-su-familia-para-recibir-el-honoris-causa-de-la-usal","status":"publish","type":"post","link":"https:\/\/www.europesays.com\/es\/153638\/","title":{"rendered":"Rafa Nadal llega a Salamanca con su familia para recibir el Honoris Causa de la Usal"},"content":{"rendered":"<p><a class=\"v-mdl-ath__fig-a\" href=\"https:\/\/www.salamancahoy.es\/autor\/juanjo-gonzalez-5453.html\" title=\"Juanjo Gonz\u00e1lez\" rel=\"nofollow noopener\" target=\"_blank\"><br \/>\n<img decoding=\"async\" class=\"v-mdl-ath__img\" src=\"https:\/\/www.europesays.com\/es\/wp-content\/uploads\/2025\/08\/autor-5453-foto-2.jpeg\" alt=\"Juanjo Gonz\u00e1lez\"\/><br \/>\n<\/a><\/p>\n<p class=\"v-mdl-ath__p v-mdl-ath__p--6\">\nJueves, 2 de octubre 2025, 20:13<\/p>\n<p>| Actualizado 20:47h.<\/p>\n<p class=\"v-p\">El deportista espa\u00f1ol m\u00e1s grande de todos los tiempos, el extenista Rafael Nadal, ya se encuentra en Salamanca. El de Manacor recibir\u00e1 este viernes 3 de octubre el doctorado Honoris Causa por la Universidad de Salamanca, un acto que arrancar\u00e1 a las 12 de la ma\u00f1ana. <\/p>\n<p class=\"v-p\">El balear ha llegado a eso de las 19 horas al aeropuerto de Matac\u00e1n en un vuelo privado procedente de Palma de Mallorca que sali\u00f3 a las 18:10 horas y lleg\u00f3 al aeropuerto salmantino junto a su familia a las 19:19- y desde all\u00ed se ha dirigido a la capital para hospedarse en un c\u00e9ntrico hotel, el Palacio de Castellanos, en el que ha alojado junto al resto de la expedici\u00f3n. <\/p>\n<p class=\"v-p\">En el avi\u00f3n han aterrizado en Salamanca junto a Nadal su mujer Mery Perell\u00f3 y sus dos hijos, sus padres y su hermana Maribel. El extenista no ha dudado en posar y hacerse fotos con seguidores que han acudido a verle al aeropuerto charro. Desde all\u00ed se ha desplazado al Hotel Palacio de Castellanos, lugar en el que se ha hospedado y donde ya se ha dejado ver a su llegada. Tambi\u00e9n hab\u00eda all\u00ed fans a su llegada y el de Manacor tambi\u00e9n ha firmado aut\u00f3grafos y posado para instant\u00e1neas con sus seguidores. <\/p>\n<p>Ma\u00f1ana se le podr\u00e1 ver antes y despu\u00e9s del acto<\/p>\n<p class=\"v-p\">La de hoy y la de ma\u00f1ana antes del acto programado en el Paraninfo de la Universidad de Salamanca son las \u00fanicas ocasiones en las que se podr\u00e1 ver al deportista espa\u00f1ol en su llegada a la capital charra para recibir el <a href=\"https:\/\/www.salamancahoy.es\/salamanca\/universidad\/usal-propone-rafa-nadal-doctor-honoris-causa-20241216123200-nt.html\" data-voc-vtm-id=\"in-text-traffic\" title=\"Honoris Causa de la Usal\" data-mrf-link=\"www.salamancahoy.es\" rel=\"nofollow noopener\" target=\"_blank\">Honoris Causa de la Usal<\/a>. <\/p>\n<p class=\"v-p\">Nadal no ofrecer\u00e1 rueda de prensa antes o despu\u00e9s de la ceremonia, limitada a solo 500 personas por la capacidad de la sala. <\/p>\n<p class=\"v-p\">El acto comenzar\u00e1 a las 12 horas y el cortejo saldr\u00e1 de las Escuelas Menores, por lo que el p\u00fablico podr\u00e1 presenciar el paso de los doctores en su recorrido por el Patio de las Escuelas Mayores hasta su llegada al Edificio Hist\u00f3rico. Al finalizar la ceremonia el cortejo regresar\u00e1 de nuevo a Escuelas Menores. <\/p>\n<p class=\"v-p\">Ser\u00e1 en esos momentos, si Nadal decide acudir con el resto de doctores, cuando se pueda ver pasear al gran campe\u00f3n balear de nuevo por las calles de Salamanca. <\/p>\n<p>Reporta un error<\/p>\n","protected":false},"excerpt":{"rendered":"Jueves, 2 de octubre 2025, 20:13 | Actualizado 20:47h. El deportista espa\u00f1ol m\u00e1s grande de todos los tiempos,&hellip;\n","protected":false},"author":2,"featured_media":153639,"comment_status":"","ping_status":"","sticky":false,"template":"","format":"standard","meta":{"footnotes":""},"categories":[274],"tags":[11072,168,25,24,367,36247,5012,3489,12830,5847,3614,23,167,327,326,43768],"class_list":{"0":"post-153638","1":"post","2":"type-post","3":"status-publish","4":"format-standard","5":"has-post-thumbnail","7":"category-tenis","8":"tag-causa","9":"tag-deportes","10":"tag-es","11":"tag-espana","12":"tag-familia","13":"tag-honoris","14":"tag-llega","15":"tag-nadal","16":"tag-rafa","17":"tag-recibir","18":"tag-salamanca","19":"tag-spain","20":"tag-sports","21":"tag-tenis","22":"tag-tennis","23":"tag-usal"},"share_on_mastodon":{"url":"","error":""},"_links":{"self":[{"href":"https:\/\/www.europesays.com\/es\/wp-json\/wp\/v2\/posts\/153638","targetHints":{"allow":["GET"]}}],"collection":[{"href":"https:\/\/www.europesays.com\/es\/wp-json\/wp\/v2\/posts"}],"about":[{"href":"https:\/\/www.europesays.com\/es\/wp-json\/wp\/v2\/types\/post"}],"author":[{"embeddable":true,"href":"https:\/\/www.europesays.com\/es\/wp-json\/wp\/v2\/users\/2"}],"replies":[{"embeddable":true,"href":"https:\/\/www.europesays.com\/es\/wp-json\/wp\/v2\/comments?post=153638"}],"version-history":[{"count":0,"href":"https:\/\/www.europesays.com\/es\/wp-json\/wp\/v2\/posts\/153638\/revisions"}],"wp:featuredmedia":[{"embeddable":true,"href":"https:\/\/www.europesays.com\/es\/wp-json\/wp\/v2\/media\/153639"}],"wp:attachment":[{"href":"https:\/\/www.europesays.com\/es\/wp-json\/wp\/v2\/media?parent=153638"}],"wp:term":[{"taxonomy":"category","embeddable":true,"href":"https:\/\/www.europesays.com\/es\/wp-json\/wp\/v2\/categories?post=153638"},{"taxonomy":"post_tag","embeddable":true,"href":"https:\/\/www.europesays.com\/es\/wp-json\/wp\/v2\/tags?post=153638"}],"curies":[{"name":"wp","href":"https:\/\/api.w.org\/{rel}","templated":true}]}}