{"id":153640,"date":"2025-10-02T22:18:08","date_gmt":"2025-10-02T22:18:08","guid":{"rendered":"https:\/\/www.europesays.com\/es\/153640\/"},"modified":"2025-10-02T22:18:08","modified_gmt":"2025-10-02T22:18:08","slug":"titan-desert-almeria-natalia-fischer-de-colgar-la-bici-a-la-cumbre-de-la-btt-mundial-esciclismo","status":"publish","type":"post","link":"https:\/\/www.europesays.com\/es\/153640\/","title":{"rendered":"Titan Desert Almer\u00eda: Natalia Fischer, de colgar la bici a la cumbre de la BTT mundial &#8211; Esciclismo"},"content":{"rendered":"<ol>\n<li><a href=\"https:\/\/news.google.com\/rss\/articles\/CBMib0FVX3lxTE9TNGdBZi1pUjJ1S3lIVVFpTndybE9ITktNXzZDYVlPcVVOYXlQRlRlcW12RmZEOFhDWTFSTkh3Q0hBbGFFcmVwcnBOMHJxSFUtbEU3NmE0ZDh6MXBxUEp2TEJ6Yl9CVEtOREpIWnpEYw?oc=5\" target=\"_blank\" rel=\"nofollow noopener\">Titan Desert Almer\u00eda: Natalia Fischer, de colgar la bici a la cumbre de la BTT mundial<\/a>&nbsp;&nbsp;Esciclismo<\/li>\n<li><a href=\"https:\/\/news.google.com\/rss\/articles\/CBMitwFBVV95cUxQS0hLQUxGN25hdDhfQkszVmJTMkM4R2tiWTN3WGE5UHBkR09XUmVsaGVQemZueEF6Zi1uME1TNkJ2SkIzWTdQNTB5V25JRW4tbEVZaTZ3TUZlWTRuN1Q1SUQ3Qks4cWMwRDhhNjhLZkZQMUZVdmZOb2RKMXA1NUhYUU9mVVFlNWpaMlF3VlEzbjZRWGhMOUh5b3dQeTliMDcwZnprX2VfOEFPcm56SHlRZGV0dlM5a2c?oc=5\" target=\"_blank\" rel=\"nofollow noopener\">Luis \u00c1ngel Mat\u00e9 y Natalia Fischer lideran la primera cita de la \u0160koda Titan Desert Almer\u00eda<\/a>&nbsp;&nbsp;Diputaci\u00f3n Provincial de Almer\u00eda<\/li>\n<li><a href=\"https:\/\/news.google.com\/rss\/articles\/CBMi3AFBVV95cUxOcHRzZ1BNbGJKaEtSUDdTTl9tSVExdEZQTWpicnhqbUZHUVlmWGpQdktMeDA5eXNvZGJHcGdCM1JIaGxVd1FzU3BaaUlkRXJJRUhpMjBicEVlbXFmQnk5UE5NRlpSZHBKYUpINDNKQlp5RFo0SkdfQWMtVmljWHo2VGNzQ1MwRF8wMk5WTDJxNXVjS1pQT1M4ano5ejVPMGN1WW9fdEg3YURhY2NhWDdSajdSSGRpNnRmQkZ2NTRhNzM4ZE9KR1g4MWZPV013SlVWUGVDeU9sc0RtZEZ1?oc=5\" target=\"_blank\" rel=\"nofollow noopener\">Estrellas del ciclismo profesional en ruta participan en la Titan Desert Almer\u00eda<\/a>&nbsp;&nbsp;Canal Sur<\/li>\n<li><a href=\"https:\/\/news.google.com\/rss\/articles\/CBMirAFBVV95cUxPSUNEQ09DaFJvdDlYdzJFWjU5U2lfUTRla2JQcm9DcEZLZEloOG9uaGZhRml2OU04LUlwUzRVMUJMcG9BVE5mR3EtUkRNZnlIT1JPMUVXbUp5Z2E2MElYMi1oaEI1Uk1TTmxVMU1YVUFqdlNjVnA1cHNVdS1vUjJzdVVFRE9fT1RHY1otZ0FDb1d2Z3dmdXpXR3hpczZqWEhWaEN4akg5MnJtVTRx?oc=5\" target=\"_blank\" rel=\"nofollow noopener\">Titanas y Titanes en fuga: Almer\u00eda se rinde al rugido de la arena<\/a>&nbsp;&nbsp;Ideal<\/li>\n<li><a href=\"https:\/\/news.google.com\/rss\/articles\/CBMif0FVX3lxTE9uSmNnSHNUandHbUs3aUZVRUR4SzNlV3VoQUYwdFpxNkJnVDktOGJ1S01ZakR2TUFnMzFXOG5Rajh2anZoMGwzeFcybFJLa3RSRk9QWm1sdExVWTdnTjFWdkdJWjNlalhPRHRpbnM3aW5sQVNlSzIybUsxQ05aYjQ?oc=5\" target=\"_blank\" rel=\"nofollow noopener\">La \u0160koda Titan Desert Almer\u00eda 2025 contar\u00e1 con dos ciclistas de \u0160koda Cadena Automoci\u00f3n Vera<\/a>&nbsp;&nbsp;ALMER\u00cdA HOY<\/li>\n<\/ol>\n","protected":false},"excerpt":{"rendered":"Titan Desert Almer\u00eda: Natalia Fischer, de colgar la bici a la cumbre de la BTT mundial&nbsp;&nbsp;Esciclismo Luis \u00c1ngel&hellip;\n","protected":false},"author":2,"featured_media":153641,"comment_status":"","ping_status":"","sticky":false,"template":"","format":"standard","meta":{"footnotes":""},"categories":[273],"tags":[5644,988,46283,7560,313,46282,312,13670,168,40042,987,46280,25,24,41321,7234,11540,10455,46281,13686,36266,1140,3883,34875,3053,31193,23,167,13992,1261],"class_list":{"0":"post-153640","1":"post","2":"type-post","3":"status-publish","4":"format-standard","5":"has-post-thumbnail","7":"category-ciclismo","8":"tag-almeria","9":"tag-anos","10":"tag-bache","11":"tag-bicicleta","12":"tag-ciclismo","13":"tag-colgar","14":"tag-cycling","15":"tag-debuto","16":"tag-deportes","17":"tag-desert","18":"tag-despues","19":"tag-ecopilas","20":"tag-es","21":"tag-espana","22":"tag-estepona","23":"tag-extremadura","24":"tag-febrero","25":"tag-fischer","26":"tag-gr","27":"tag-liderato","28":"tag-malaguena","29":"tag-meses","30":"tag-natalia","31":"tag-penso","32":"tag-personal","33":"tag-profundo","34":"tag-spain","35":"tag-sports","36":"tag-titan","37":"tag-victoria"},"share_on_mastodon":{"url":"","error":""},"_links":{"self":[{"href":"https:\/\/www.europesays.com\/es\/wp-json\/wp\/v2\/posts\/153640","targetHints":{"allow":["GET"]}}],"collection":[{"href":"https:\/\/www.europesays.com\/es\/wp-json\/wp\/v2\/posts"}],"about":[{"href":"https:\/\/www.europesays.com\/es\/wp-json\/wp\/v2\/types\/post"}],"author":[{"embeddable":true,"href":"https:\/\/www.europesays.com\/es\/wp-json\/wp\/v2\/users\/2"}],"replies":[{"embeddable":true,"href":"https:\/\/www.europesays.com\/es\/wp-json\/wp\/v2\/comments?post=153640"}],"version-history":[{"count":0,"href":"https:\/\/www.europesays.com\/es\/wp-json\/wp\/v2\/posts\/153640\/revisions"}],"wp:featuredmedia":[{"embeddable":true,"href":"https:\/\/www.europesays.com\/es\/wp-json\/wp\/v2\/media\/153641"}],"wp:attachment":[{"href":"https:\/\/www.europesays.com\/es\/wp-json\/wp\/v2\/media?parent=153640"}],"wp:term":[{"taxonomy":"category","embeddable":true,"href":"https:\/\/www.europesays.com\/es\/wp-json\/wp\/v2\/categories?post=153640"},{"taxonomy":"post_tag","embeddable":true,"href":"https:\/\/www.europesays.com\/es\/wp-json\/wp\/v2\/tags?post=153640"}],"curies":[{"name":"wp","href":"https:\/\/api.w.org\/{rel}","templated":true}]}}