{"id":153650,"date":"2025-10-02T22:25:11","date_gmt":"2025-10-02T22:25:11","guid":{"rendered":"https:\/\/www.europesays.com\/es\/153650\/"},"modified":"2025-10-02T22:25:11","modified_gmt":"2025-10-02T22:25:11","slug":"avance-del-capitulo-268-de-valle-salvaje-la-serie-de-tve-y-netflix","status":"publish","type":"post","link":"https:\/\/www.europesays.com\/es\/153650\/","title":{"rendered":"Avance del cap\u00edtulo 268 de &#8216;Valle Salvaje&#8217;, la serie de TVE y Netflix"},"content":{"rendered":"<p data-journey-content=\"true\" data-node-id=\"3\" class=\"css-6wxqfj emevuu60\">Anteriormente en &#8216;<a href=\"https:\/\/www.diezminutos.es\/valle-salvaje\/\" target=\"_blank\" data-vars-ga-outbound-link=\"https:\/\/www.diezminutos.es\/valle-salvaje\/\" data-vars-ga-ux-element=\"Hyperlink\" data-vars-ga-call-to-action=\"Valle Salvaje\" data-node-id=\"3.1\" class=\"body-link css-177bzfx emevuu60\" rel=\"nofollow noopener\">Valle Salvaje<\/a>&#8216;, todos est\u00e1n sorprendidos por los \u00faltimos acontecimientos\u2026 <a href=\"https:\/\/www.diezminutos.es\/telenovela\/espanolas\/a64564256\/valle-salvaje-capitulos-141-al-145-resumen-semanal-21-al-25-abril-tve-netflix\/\" target=\"_blank\" data-vars-ga-outbound-link=\"https:\/\/www.diezminutos.es\/telenovela\/espanolas\/a64564256\/valle-salvaje-capitulos-141-al-145-resumen-semanal-21-al-25-abril-tve-netflix\/\" data-vars-ga-ux-element=\"Hyperlink\" data-vars-ga-call-to-action=\"La tensi\u00f3n entre Adriana y \u00darsula\" data-node-id=\"3.3\" class=\"body-link css-177bzfx emevuu60\" rel=\"nofollow noopener\">La tensi\u00f3n entre Adriana y \u00darsula<\/a> sigue creciendo a medida que los secretos comienzan a salir a la luz y las intenciones del duque se vuelven cada vez m\u00e1s oscuras. Mientras tanto, Leonardo intenta recuperar la confianza de B\u00e1rbara con una promesa firme: asegura que no contraer\u00e1 matrimonio con Irene. Sus palabras buscan calmar los temores de la mujer, aunque en paralelo el duque ya ha asumido como inevitable la uni\u00f3n y <strong data-node-id=\"3.5\">parece decidido a respaldarla<\/strong>, lo que genera un clima de tensi\u00f3n y dudas en torno a la pareja. En otro frente, \u00darsula vuelve a recurrir a Ana para pedirle un nuevo favor. La inc\u00f3gnita sobre la naturaleza de esa solicitud despierta intriga.<\/p>\n<p><img draggable=\"true\" alt=\"valle salvaje emmy nominacion\" title=\"valle salvaje emmy nominacion\" loading=\"lazy\" width=\"4096\" height=\"2730\" decoding=\"async\" data-nimg=\"1\" style=\"color:transparent;width:100%;height:auto;\"   src=\"https:\/\/www.europesays.com\/es\/wp-content\/uploads\/2025\/09\/valle-salvaje-emmy-68d63e885e081.jpg\" class=\"css-0 e1g79fud0\"\/><\/p>\n<p>RTVE<\/p>\n<p>Adriana hace frente a Jos\u00e9 Luis en &#8216;Valle Salvaje&#8217; <\/p>\n<p data-journey-content=\"true\" data-node-id=\"8\" class=\"css-6wxqfj emevuu60\">En el cap\u00edtulo de este jueves, en TVE, Tom\u00e1s aprovecha la ingenuidad de Atanasio para entrar en la Casa Grande, utiliz\u00e1ndolo como c\u00f3mplice involuntario en sus planes. Tras la visita, no duda en recurrir a Luisa, <strong data-node-id=\"8.1\">pidi\u00e9ndole que le ayude a sustraer un objeto de gran valor<\/strong> que pertenece a los G\u00e1lvez de Aguirre, un acto que demuestra su ambici\u00f3n y capacidad de manipulaci\u00f3n. La tensi\u00f3n aumenta mientras los personajes se ven envueltos en intrigas que ponen a prueba su lealtad y astucia.<\/p>\n<p>Luisa demuestra que no se dejar\u00e1 intimidar en &#8216;Valle Salvaje&#8217;<img draggable=\"true\" alt=\"valle salvaje\" title=\"Valle Salvaje\" loading=\"lazy\" width=\"4096\" height=\"2731\" decoding=\"async\" data-nimg=\"1\" style=\"color:transparent;width:100%;height:auto;\"   src=\"https:\/\/www.europesays.com\/es\/wp-content\/uploads\/2025\/10\/g05rwzlwmaavfx2-68d2592b5134e.jpeg\" class=\"css-0 e1g79fud0\"\/><\/p>\n<p>RTVE<\/p>\n<p data-journey-content=\"true\" data-node-id=\"12\" class=\"css-6wxqfj emevuu60\">En el cap\u00edtulo de este viernes, en TVE, despu\u00e9s de ver la angustia y el sufrimiento de Leonardo, Irene se enfrenta a una dif\u00edcil decisi\u00f3n y no duda en suplicar a su padre que no la obligue a casarse con \u00e9l. Su ruego refleja tanto su valent\u00eda como el conflicto interno que la consume, <strong data-node-id=\"12.1\">atrapada entre el deber familiar y sus propios sentimientos<\/strong>. Cada palabra que pronuncia est\u00e1 cargada de emoci\u00f3n, mostrando hasta d\u00f3nde est\u00e1 dispuesta a llegar para evitar un destino que no desea.<\/p>\n<p data-journey-content=\"true\" data-node-id=\"16\" class=\"css-6wxqfj emevuu60\">Por otro lado, Luisa demuestra que no se dejar\u00e1 intimidar. Sorprende a Tom\u00e1s en un momento inesperado, dejando claro que proteger a su familia y a los suyos es su prioridad absoluta. <strong data-node-id=\"16.1\">Su actitud decidida y resuelta subraya su determinaci\u00f3n<\/strong> y la fuerza que tiene para enfrentarse a quienes amenazan su seguridad. Entre ambos episodios, la historia avanza cargada de tensi\u00f3n, coraje y lealtades puestas a prueba, manteniendo la intriga en cada escena.<\/p>\n<p><img src=\"https:\/\/www.europesays.com\/es\/wp-content\/uploads\/2025\/10\/1759443911_661_43af9b8f-983e-4e74-8e74-9a7479b0966b_1681831601.file\" alt=\"Headshot of Pilar Mart\u00ednez\" title=\"Headshot of Pilar Mart\u00ednez\" width=\"100%\" height=\"100%\" decoding=\"async\" loading=\"lazy\" class=\"css-o0wq4v ev8dhu53\"\/><\/p>\n<p>Pilar Mart\u00ednez es periodista especializada en contenidos de televisi\u00f3n y cultura, se gradu\u00f3 en la carrera en Periodismo en la Facultad de Ciencias de la Informaci\u00f3n (Universidad Complutense de Madrid) en el a\u00f1o 2018. Desde entonces ha pasado por las redacciones de Ecoteuve (El Economista), donde realiz\u00f3 sus primeras pr\u00e1cticas durante el verano del 2016.<\/p>\n<p>Posteriormente, concretamente, en el a\u00f1o 2017 se pas\u00f3 al grupo Hearst Espa\u00f1a, donde comenz\u00f3 su andadura en las revistas de televisi\u00f3n: Supertele, Teleprograma, Telenovela. Ahora colabora con Diez Minutos, en su versi\u00f3n web, donde se encarga de realizar los avances semanales de las ficciones diarias de moda, as\u00ed como entrevistas y art\u00edculos sobre los melodramas o telenovelas que aterrizan en nuestro pa\u00eds y aquellos que est\u00e1n por venir.<\/p>\n<p>Toda una cazadora de exclusivas. A esto, se suma su puesto como redactora jefe de la secci\u00f3n de novela narrativa en la revista Culturamas, medio digital de alto impacto al que lleva unida desde el a\u00f1o 2013. \u00c1vida lectora, cin\u00e9fila y seri\u00e9fila de primer nivel, ha hecho de su vocaci\u00f3n su oficio. \u00a0<\/p>\n","protected":false},"excerpt":{"rendered":"Anteriormente en &#8216;Valle Salvaje&#8216;, todos est\u00e1n sorprendidos por los \u00faltimos acontecimientos\u2026 La tensi\u00f3n entre Adriana y \u00darsula sigue&hellip;\n","protected":false},"author":2,"featured_media":153651,"comment_status":"","ping_status":"","sticky":false,"template":"","format":"standard","meta":{"footnotes":""},"categories":[171],"tags":[253,146,147,25,24,23,214],"class_list":{"0":"post-153650","1":"post","2":"type-post","3":"status-publish","4":"format-standard","5":"has-post-thumbnail","7":"category-tv","8":"tag-discover","9":"tag-entertainment","10":"tag-entretenimiento","11":"tag-es","12":"tag-espana","13":"tag-spain","14":"tag-tv"},"share_on_mastodon":{"url":"","error":""},"_links":{"self":[{"href":"https:\/\/www.europesays.com\/es\/wp-json\/wp\/v2\/posts\/153650","targetHints":{"allow":["GET"]}}],"collection":[{"href":"https:\/\/www.europesays.com\/es\/wp-json\/wp\/v2\/posts"}],"about":[{"href":"https:\/\/www.europesays.com\/es\/wp-json\/wp\/v2\/types\/post"}],"author":[{"embeddable":true,"href":"https:\/\/www.europesays.com\/es\/wp-json\/wp\/v2\/users\/2"}],"replies":[{"embeddable":true,"href":"https:\/\/www.europesays.com\/es\/wp-json\/wp\/v2\/comments?post=153650"}],"version-history":[{"count":0,"href":"https:\/\/www.europesays.com\/es\/wp-json\/wp\/v2\/posts\/153650\/revisions"}],"wp:featuredmedia":[{"embeddable":true,"href":"https:\/\/www.europesays.com\/es\/wp-json\/wp\/v2\/media\/153651"}],"wp:attachment":[{"href":"https:\/\/www.europesays.com\/es\/wp-json\/wp\/v2\/media?parent=153650"}],"wp:term":[{"taxonomy":"category","embeddable":true,"href":"https:\/\/www.europesays.com\/es\/wp-json\/wp\/v2\/categories?post=153650"},{"taxonomy":"post_tag","embeddable":true,"href":"https:\/\/www.europesays.com\/es\/wp-json\/wp\/v2\/tags?post=153650"}],"curies":[{"name":"wp","href":"https:\/\/api.w.org\/{rel}","templated":true}]}}