{"id":153664,"date":"2025-10-02T22:35:16","date_gmt":"2025-10-02T22:35:16","guid":{"rendered":"https:\/\/www.europesays.com\/es\/153664\/"},"modified":"2025-10-02T22:35:16","modified_gmt":"2025-10-02T22:35:16","slug":"mueren-tres-manifestantes-en-marruecos-cuando-intentaban-asaltar-una-comisaria-para-apoderarse-de-sus-armas","status":"publish","type":"post","link":"https:\/\/www.europesays.com\/es\/153664\/","title":{"rendered":"Mueren tres manifestantes en Marruecos cuando intentaban asaltar una comisar\u00eda para apoderarse de sus armas"},"content":{"rendered":"<p class=\"paragraph\" id=\"paragraph_1\">Tres personas fallecieron en el poblado <a href=\"https:\/\/www.elespanol.com\/espana\/20250928\/fragil-salud-mohamed-vi-obliga-espana-estudiar-escenarios-abdicacion-sucesion-marruecos\/1003743939705_0.html?utm_cmp_rs=linksinline\" rel=\"nofollow noopener\" target=\"_blank\">marroqu\u00ed de Laqliaa<\/a>, vecino de Agadir, cuando intentaban asaltar un puesto de la <a href=\"https:\/\/www.elespanol.com\/mundo\/africa\/20250905\/marruecos-envenena-mata-tiros-perros-callejeros-dejar-pais-limpio-mundial\/1003743911563_0.html?utm_cmp_rs=linksinline\" rel=\"nofollow noopener\" target=\"_blank\">Gendarmer\u00eda Real<\/a>\u00a0durante los disturbios que se han expandido por varias localidades del pa\u00eds.<\/p>\n<p class=\"paragraph\" id=\"paragraph_2\">Inicialmente, las autoridades informaron que <strong>hab\u00edan fallecido dos personas\u00a0<\/strong>durante la madrugada, pero horas despu\u00e9s han confirmado el fallecimiento de un tercer manifestante.<\/p>\n<p class=\"paragraph\" id=\"paragraph_3\">La prefectura de <strong>Inezgan-Ait Melloul<\/strong>, donde est\u00e1 ubicada Laqliaa, detall\u00f3 que los agentes de la Gendarmer\u00eda hab\u00edan abierto fuego para repeler un ataque.<\/p>\n<p><img loading=\"lazy\" decoding=\"async\" alt=\"La activista, en una fotograf\u00eda de su campa\u00f1a S\u00e9 libre.\" height=\"180\" src=\"https:\/\/www.europesays.com\/es\/wp-content\/uploads\/2025\/10\/1003743909261_258407066_320x180.jpg\" width=\"320\" data-lazy-status=\"processed\" data-lazy-info=\"remove loading item 1\"\/><\/p>\n<p class=\"paragraph\" id=\"paragraph_4\">Las mismas fuentes, citadas por EFE, indicaron que los atacantes intentaron apoderarse de municiones, equipo y armas de servicio del personal de la Gendarmer\u00eda.<\/p>\n<p class=\"paragraph\" id=\"paragraph_5\">\u00abLos efectivos de la Gendarmer\u00eda de Laqliaa se vieron obligados a <strong>usar sus armas de servicio<\/strong> en la noche del mi\u00e9rcoles 1 de octubre de 2025 en leg\u00edtima defensa para repeler un ataque y asalto a una comisar\u00eda de la <strong>Gendarmer\u00eda Real<\/strong>\u00ab, apuntaron.<\/p>\n<p class=\"paragraph\" id=\"paragraph_6\">Las fuentes detallaron que los fallecidos participaron inicialmente junto a un grupo de personas en disturbios, apedrearon y asaltaron la comisar\u00eda, pero los efectivos marroqu\u00edes lograron dispersarlos mediante gases lacrim\u00f3genos.<\/p>\n<p class=\"paragraph\" id=\"paragraph_7\">\u00abSin embargo, los atacantes, <strong>reforzados por un numeroso grupo de alborotadores<\/strong>, atacaron de nuevo el puesto de la Gendarmer\u00eda Real, portando armas blancas\u00bb, seg\u00fan las mismas fuentes que apuntaron que los atacantes lograron apoderarse de un veh\u00edculo y cuatro motos de esta fuerza.<\/p>\n<p class=\"paragraph\" id=\"paragraph_8\"><strong>El veh\u00edculo y una parte del edificio de la comisar\u00eda fueron incendiados<\/strong>, explicaron las fuentes que a\u00f1adieron que los asaltantes intentaron confiscar la munici\u00f3n y las armas de los gendarmes.<\/p>\n<p>El origen de la protesta<\/p>\n<p class=\"paragraph\" id=\"paragraph_9\">Marruecos vive un <strong>estallido de protestas<\/strong> impulsadas por los j\u00f3venes bajo el lema GenZ212, en referencia a la Generaci\u00f3n Z y al prefijo del pa\u00eds magreb\u00ed.<\/p>\n<p class=\"paragraph\" id=\"paragraph_10\">Comenzaron durante el pasado fin de semana y se han ido extendiendo por las diferentes regiones del pa\u00eds, en algunas zonas con <strong>graves altercados<\/strong> que han terminado con heridos y detenciones masivas.<\/p>\n<p class=\"paragraph\" id=\"paragraph_11\">Los manifestantes protestan contra la <strong>corrupci\u00f3n<\/strong> y la <strong>desigualdad<\/strong>, al mismo tiempo que exigen <strong>mejoras sociales<\/strong> en los \u00e1mbitos de la educaci\u00f3n y la sanidad.<\/p>\n<p class=\"paragraph\" id=\"paragraph_12\">Este jueves, la Fiscal\u00eda ha advertido que los implicados en los disturbios pueden enfrentarse a penas que lleguen hasta la cadena perpetua.<\/p>\n<p class=\"paragraph\" id=\"paragraph_13\">El jefe del Departamento de la Acci\u00f3n P\u00fablica en la Fiscal\u00eda marroqu\u00ed, <strong>Ahmed Wali Alami<\/strong>, afirm\u00f3,\u00a0en declaraciones a la agencia oficial MAP, que este tipo de protestas no est\u00e1n amparadas por la libertad de expresi\u00f3n y constituyen delitos sancionados con severas penas de prisi\u00f3n.<\/p>\n<p class=\"paragraph\" id=\"paragraph_14\">Explic\u00f3 que las condenas para delitos de violencia, vandalismo e incendios oscilan entre 10 y 20 a\u00f1os de c\u00e1rcel, pero pueden alcanzar los 30 a\u00f1os e incluso la cadena perpetua en casos con circunstancias agravantes.<\/p>\n","protected":false},"excerpt":{"rendered":"Tres personas fallecieron en el poblado marroqu\u00ed de Laqliaa, vecino de Agadir, cuando intentaban asaltar un puesto de&hellip;\n","protected":false},"author":2,"featured_media":153665,"comment_status":"","ping_status":"","sticky":false,"template":"","format":"standard","meta":{"footnotes":""},"categories":[5],"tags":[17,18,25,24,13,14,11,19,20,4485,3013,9,10,15,16,18264,23,12,21,22],"class_list":{"0":"post-153664","1":"post","2":"type-post","3":"status-publish","4":"format-standard","5":"has-post-thumbnail","7":"category-titulares","8":"tag-breaking-news","9":"tag-breakingnews","10":"tag-es","11":"tag-espana","12":"tag-featured-news","13":"tag-featurednews","14":"tag-headlines","15":"tag-latest-news","16":"tag-latestnews","17":"tag-marruecos","18":"tag-mundo","19":"tag-news","20":"tag-noticias","21":"tag-noticias-destacadas","22":"tag-noticiasdestacadas","23":"tag-protestas-sociales","24":"tag-spain","25":"tag-titulares","26":"tag-ultimas-noticias","27":"tag-ultimasnoticias"},"share_on_mastodon":{"url":"","error":""},"_links":{"self":[{"href":"https:\/\/www.europesays.com\/es\/wp-json\/wp\/v2\/posts\/153664","targetHints":{"allow":["GET"]}}],"collection":[{"href":"https:\/\/www.europesays.com\/es\/wp-json\/wp\/v2\/posts"}],"about":[{"href":"https:\/\/www.europesays.com\/es\/wp-json\/wp\/v2\/types\/post"}],"author":[{"embeddable":true,"href":"https:\/\/www.europesays.com\/es\/wp-json\/wp\/v2\/users\/2"}],"replies":[{"embeddable":true,"href":"https:\/\/www.europesays.com\/es\/wp-json\/wp\/v2\/comments?post=153664"}],"version-history":[{"count":0,"href":"https:\/\/www.europesays.com\/es\/wp-json\/wp\/v2\/posts\/153664\/revisions"}],"wp:featuredmedia":[{"embeddable":true,"href":"https:\/\/www.europesays.com\/es\/wp-json\/wp\/v2\/media\/153665"}],"wp:attachment":[{"href":"https:\/\/www.europesays.com\/es\/wp-json\/wp\/v2\/media?parent=153664"}],"wp:term":[{"taxonomy":"category","embeddable":true,"href":"https:\/\/www.europesays.com\/es\/wp-json\/wp\/v2\/categories?post=153664"},{"taxonomy":"post_tag","embeddable":true,"href":"https:\/\/www.europesays.com\/es\/wp-json\/wp\/v2\/tags?post=153664"}],"curies":[{"name":"wp","href":"https:\/\/api.w.org\/{rel}","templated":true}]}}