{"id":153670,"date":"2025-10-02T22:41:12","date_gmt":"2025-10-02T22:41:12","guid":{"rendered":"https:\/\/www.europesays.com\/es\/153670\/"},"modified":"2025-10-02T22:41:12","modified_gmt":"2025-10-02T22:41:12","slug":"antiviolencia-propone-multas-de-hasta-5-000-euros-a-38-personas-por-altercados-en-la-vuelta","status":"publish","type":"post","link":"https:\/\/www.europesays.com\/es\/153670\/","title":{"rendered":"Antiviolencia propone multas de hasta 5.000 euros a 38 personas por altercados en La Vuelta"},"content":{"rendered":"<p><img fetchpriority=\"high\" class=\"v-a-img\" src=\"https:\/\/www.europesays.com\/es\/wp-content\/uploads\/2025\/10\/Clipboard-0173-k1iG-U2303244031019iOH-1200x840@RC.jpg\" loading=\"eager\" decoding=\"async\" alt=\"Incidentes durante la pasada Vuelta a Espa\u00f1a.\"  width=\"1200\" height=\"840\"\/><\/p>\n<p>Incidentes durante la pasada Vuelta a Espa\u00f1a.          Ep        <\/p>\n<p>Los incidentes acaecieron sobre todo en las cuatro \u00faltimas etapas de la ronda espa\u00f1ola, seg\u00fan ha informado el Ministerio del Interior<\/p>\n<p class=\"v-mdl-ath__p v-mdl-ath__p--6\">\nMi\u00e9rcoles, 1 de octubre 2025, 18:36<\/p>\n<p class=\"v-p\">La Comisi\u00f3n Estatal contra la Violencia, el Racismo, la Xenofobia y la Intolerancia en el Deporte ha acordado este mi\u00e9rcoles proponer sanciones a 38 personas por los incidentes acaecidos durante las manifestaciones en las \u00faltimas cuatro etapas de la pasada Vuelta Ciclista a Espa\u00f1a que discurrieron en las comunidades de Castilla y Le\u00f3n y de Madrid.<\/p>\n<p class=\"v-p\">Seg\u00fan indic\u00f3 el Ministerio del Interior en nota de prensa, las propuestas emitidas por la Oficina Nacional de Deportes (OND) de la Polic\u00eda Nacional contemplan multas de 1.500 a 5.000 euros por episodios registrados en estas cuatro \u00faltimas etapas de la competici\u00f3n ciclista, cuyo final en la capital fue suspendido.<\/p>\n<p class=\"v-p\">Los expedientes corresponden a infracciones calificadas como leves o graves y se tramitan a trav\u00e9s de la Ley contra la Violencia, el Racismo, la Xenofobia y la Intolerancia en el Deporte, y se a\u00f1aden, adem\u00e1s, prohibiciones de acceso a recintos deportivos por un periodo de hasta un a\u00f1o.<\/p>\n<p class=\"v-p\">Seg\u00fan fuentes de Interior, las sanciones se focalizan sobre todo en los activistas propalestinos identificados durante los incidentes acaecidos con motivo de las protestas contra la participaci\u00f3n del equipo Israel-Premier Tech en la pasada edici\u00f3n de la ronda espa\u00f1ola.<\/p>\n<p class=\"v-p\">Por otra parte, la Comisi\u00f3n Estatal contra la Violencia, el Racismo, la Xenofobia y la Intolerancia en el Deporte convino proponer para multa a dos asistentes a la 180\u00aa Edici\u00f3n de las carreras de caballos de Sanl\u00facar de Barrameda (C\u00e1diz).<\/p>\n<p class=\"v-p\">Seg\u00fan los expedientes, uno de los ciudadanos se enfrent\u00f3 a la seguridad cuando pretend\u00eda acceder a la zona de &#8216;boxes&#8217; con un menor de edad y se solicita una multa de 5.000 euros y la prohibici\u00f3n de acceso a los recintos deportivos por un periodo de doce meses, mientras que el otro implicado, se encar\u00f3 a los agentes presentando rasgos de embriaguez y se le propone una sanci\u00f3n de 3.001 euros y la prohibici\u00f3n de acceso a los recintos deportivos por un periodo de seis meses.<\/p>\n<p>Reporta un error<\/p>\n","protected":false},"excerpt":{"rendered":"Incidentes durante la pasada Vuelta a Espa\u00f1a. Ep Los incidentes acaecieron sobre todo en las cuatro \u00faltimas etapas&hellip;\n","protected":false},"author":2,"featured_media":153671,"comment_status":"","ping_status":"","sticky":false,"template":"","format":"standard","meta":{"footnotes":""},"categories":[273],"tags":[4927,34599,40024,313,312,168,25,24,1557,8671,3477,918,23,167,1357],"class_list":{"0":"post-153670","1":"post","2":"type-post","3":"status-publish","4":"format-standard","5":"has-post-thumbnail","7":"category-ciclismo","8":"tag-4927","9":"tag-altercados","10":"tag-antiviolencia","11":"tag-ciclismo","12":"tag-cycling","13":"tag-deportes","14":"tag-es","15":"tag-espana","16":"tag-euros","17":"tag-multas","18":"tag-personas","19":"tag-propone","20":"tag-spain","21":"tag-sports","22":"tag-vuelta"},"share_on_mastodon":{"url":"","error":""},"_links":{"self":[{"href":"https:\/\/www.europesays.com\/es\/wp-json\/wp\/v2\/posts\/153670","targetHints":{"allow":["GET"]}}],"collection":[{"href":"https:\/\/www.europesays.com\/es\/wp-json\/wp\/v2\/posts"}],"about":[{"href":"https:\/\/www.europesays.com\/es\/wp-json\/wp\/v2\/types\/post"}],"author":[{"embeddable":true,"href":"https:\/\/www.europesays.com\/es\/wp-json\/wp\/v2\/users\/2"}],"replies":[{"embeddable":true,"href":"https:\/\/www.europesays.com\/es\/wp-json\/wp\/v2\/comments?post=153670"}],"version-history":[{"count":0,"href":"https:\/\/www.europesays.com\/es\/wp-json\/wp\/v2\/posts\/153670\/revisions"}],"wp:featuredmedia":[{"embeddable":true,"href":"https:\/\/www.europesays.com\/es\/wp-json\/wp\/v2\/media\/153671"}],"wp:attachment":[{"href":"https:\/\/www.europesays.com\/es\/wp-json\/wp\/v2\/media?parent=153670"}],"wp:term":[{"taxonomy":"category","embeddable":true,"href":"https:\/\/www.europesays.com\/es\/wp-json\/wp\/v2\/categories?post=153670"},{"taxonomy":"post_tag","embeddable":true,"href":"https:\/\/www.europesays.com\/es\/wp-json\/wp\/v2\/tags?post=153670"}],"curies":[{"name":"wp","href":"https:\/\/api.w.org\/{rel}","templated":true}]}}