{"id":153676,"date":"2025-10-02T22:44:14","date_gmt":"2025-10-02T22:44:14","guid":{"rendered":"https:\/\/www.europesays.com\/es\/153676\/"},"modified":"2025-10-02T22:44:14","modified_gmt":"2025-10-02T22:44:14","slug":"hector-fort-senala-la-principal-diferencia-entre-hansi-flick-y-eder-sarabia-te-sorprendera-su-respuesta","status":"publish","type":"post","link":"https:\/\/www.europesays.com\/es\/153676\/","title":{"rendered":"H\u00e9ctor Fort se\u00f1ala la principal diferencia entre Hansi Flick y Eder Sarabia. \u00a1Te sorprender\u00e1 su respuesta!"},"content":{"rendered":"<p class=\"ft-text\">Los doce fichajes del Elche Club de F\u00fatbol fueron presentados el mi\u00e9rcoles en el Mart\u00ednez Valero. Tras el acto, los jugadores atendieron a los medios de comunicaci\u00f3n y hablaron sobre sus primeras semanas en el equipo franjiverde. Adem\u00e1s, a H\u00e9ctor Fort le preguntaron sobre la diferencia entre el entrenador del Bar\u00e7a, Hansi Flick, y el t\u00e9cnico del Elche, Eder Sarabia. El defensa no pudo contener la risa al reponder cari\u00f1osamente sobre ambos entrenadores. Fort elogi\u00f3 a ambos en su respuesta<\/p>\n<p><a href=\"https:\/\/www.sport.es\/es\/videos\/betis\/20251003\/pellegrini-sido-extrano-jugar-beticos\/122221099.shtml\" target=\"_self\" title=\"Pellegrini: &quot;Ha sido extra\u00f1o jugar sin b\u00e9ticos&quot;\" rel=\"nofollow noopener\"><img decoding=\"async\" src=\"https:\/\/www.europesays.com\/es\/wp-content\/uploads\/2025\/10\/f4d64172-4719-4589-a87a-98cce3159268_16-9-aspect-ratio_default_0.webp.webp\" width=\"880\" height=\"495\" alt=\"Pellegrini: &quot;Ha sido extra\u00f1o jugar sin b\u00e9ticos&quot;\" class=\"ft-helper-img-rd\" loading=\"lazy\" hasdataaida=\"false\"\/><\/a><\/p>\n<p class=\"ft-org-cardHome__mainPretitle\"><a href=\"https:\/\/www.sport.es\/es\/betis\/\" target=\"_self\" title=\"\" class=\"ft-link ft-link--secondary\" rel=\"nofollow noopener\">Betis<\/a><\/p>\n<p>2\/10\/2025, 22:40:06<\/p>\n<p>2\/10\/2025, 22:40:06<a href=\"https:\/\/www.sport.es\/es\/videos\/resumenes-europa-league\/20251003\/lyon-salzburgo-gol-ruben-kluivert\/122220555.shtml\" target=\"_self\" title=\"Ruben Kluivert anot\u00f3 el segundo gol del Lyon ante el Salzburgo\" rel=\"nofollow noopener\"><img decoding=\"async\" src=\"https:\/\/www.europesays.com\/es\/wp-content\/uploads\/2025\/10\/3d3a6c2c-8496-440d-8508-a7afb8cc2522_16-9-aspect-ratio_default_0.webp.webp\" width=\"880\" height=\"495\" alt=\"Ruben Kluivert anot\u00f3 el segundo gol del Lyon ante el Salzburgo\" class=\"ft-helper-img-rd\" loading=\"lazy\" hasdataaida=\"false\"\/><\/a><\/p>\n<p class=\"ft-org-cardHome__mainPretitle\">Res\u00famenes Europa League<\/p>\n<p>2\/10\/2025, 22:21:43<\/p>\n<p>2\/10\/2025, 22:21:43<a href=\"https:\/\/www.sport.es\/es\/videos\/resumenes-europa-league\/20251003\/lyon-salzburgo-gol-martin-satriano\/122220469.shtml\" target=\"_self\" title=\"Mart\u00edn Satriano anot\u00f3 el primer tanto del Lyon\" rel=\"nofollow noopener\"><img decoding=\"async\" src=\"https:\/\/www.europesays.com\/es\/wp-content\/uploads\/2025\/10\/472ae2fd-98a4-4dd1-8247-02d02458b36d_16-9-aspect-ratio_default_0.webp.webp\" width=\"880\" height=\"495\" alt=\"Mart\u00edn Satriano anot\u00f3 el primer tanto del Lyon\" class=\"ft-helper-img-rd\" loading=\"lazy\" hasdataaida=\"false\"\/><\/a><\/p>\n<p class=\"ft-org-cardHome__mainPretitle\">Res\u00famenes Europa League<\/p>\n<p>2\/10\/2025, 22:01:26<\/p>\n<p>2\/10\/2025, 22:01:26 <\/p>\n","protected":false},"excerpt":{"rendered":"Los doce fichajes del Elche Club de F\u00fatbol fueron presentados el mi\u00e9rcoles en el Mart\u00ednez Valero. Tras el&hellip;\n","protected":false},"author":2,"featured_media":153677,"comment_status":"","ping_status":"","sticky":false,"template":"","format":"standard","meta":{"footnotes":""},"categories":[268],"tags":[168,30412,8212,25,24,280,282,13342,22698,288,281,23,167],"class_list":{"0":"post-153676","1":"post","2":"type-post","3":"status-publish","4":"format-standard","5":"has-post-thumbnail","7":"category-futbol","8":"tag-deportes","9":"tag-eder-sarabia","10":"tag-elche-cf","11":"tag-es","12":"tag-espana","13":"tag-football","14":"tag-futbol","15":"tag-hansi-flick","16":"tag-hector-fort","17":"tag-laliga","18":"tag-soccer","19":"tag-spain","20":"tag-sports"},"share_on_mastodon":{"url":"","error":""},"_links":{"self":[{"href":"https:\/\/www.europesays.com\/es\/wp-json\/wp\/v2\/posts\/153676","targetHints":{"allow":["GET"]}}],"collection":[{"href":"https:\/\/www.europesays.com\/es\/wp-json\/wp\/v2\/posts"}],"about":[{"href":"https:\/\/www.europesays.com\/es\/wp-json\/wp\/v2\/types\/post"}],"author":[{"embeddable":true,"href":"https:\/\/www.europesays.com\/es\/wp-json\/wp\/v2\/users\/2"}],"replies":[{"embeddable":true,"href":"https:\/\/www.europesays.com\/es\/wp-json\/wp\/v2\/comments?post=153676"}],"version-history":[{"count":0,"href":"https:\/\/www.europesays.com\/es\/wp-json\/wp\/v2\/posts\/153676\/revisions"}],"wp:featuredmedia":[{"embeddable":true,"href":"https:\/\/www.europesays.com\/es\/wp-json\/wp\/v2\/media\/153677"}],"wp:attachment":[{"href":"https:\/\/www.europesays.com\/es\/wp-json\/wp\/v2\/media?parent=153676"}],"wp:term":[{"taxonomy":"category","embeddable":true,"href":"https:\/\/www.europesays.com\/es\/wp-json\/wp\/v2\/categories?post=153676"},{"taxonomy":"post_tag","embeddable":true,"href":"https:\/\/www.europesays.com\/es\/wp-json\/wp\/v2\/tags?post=153676"}],"curies":[{"name":"wp","href":"https:\/\/api.w.org\/{rel}","templated":true}]}}