{"id":153678,"date":"2025-10-02T22:45:09","date_gmt":"2025-10-02T22:45:09","guid":{"rendered":"https:\/\/www.europesays.com\/es\/153678\/"},"modified":"2025-10-02T22:45:09","modified_gmt":"2025-10-02T22:45:09","slug":"the-new-york-times-demanda-a-justin-baldoni-por-150-000-dolares-por-danos-y-gastos-gente","status":"publish","type":"post","link":"https:\/\/www.europesays.com\/es\/153678\/","title":{"rendered":"\u2018The New York Times\u2019 demanda a Justin Baldoni por 150.000 d\u00f3lares por da\u00f1os y gastos | Gente"},"content":{"rendered":"<p class=\"\">El culebr\u00f3n legal alrededor del rodaje de<a href=\"https:\/\/elpais.com\/opinion\/2024-08-21\/blake-lively-no-rompe-el-circulo.html\" target=\"_self\" rel=\"nofollow noopener\" title=\"https:\/\/elpais.com\/opinion\/2024-08-21\/blake-lively-no-rompe-el-circulo.html\"> la pel\u00edcula Romper el c\u00edrculo<\/a> (It Ends With Us, en el original), protagonizada por Blake Lively y Justin Baldoni, quien adem\u00e1s la dirige, sigue acumulando cap\u00edtulos. Porque ahora el prestigioso diario estadounidense The New York Times ha decidido demandar al actor y director, y le exige 150.000 d\u00f3lares por da\u00f1os punitivos y compensaci\u00f3n de gastos.<\/p>\n<p class=\"\">El diario trata con ello de cubrir los costes que le ha supuesto la demanda que interpuso Justin Baldoni en enero con motivo del reportaje publicado por el Times a finales de diciembre. En \u00e9l, titulado <a href=\"https:\/\/www.nytimes.com\/es\/2024\/12\/22\/espanol\/cultura\/blake-lively-justin-baldoni-romper-el-circulo.html\" target=\"_blank\" rel=\"noreferrer nofollow noopener\" title=\"https:\/\/www.nytimes.com\/es\/2024\/12\/22\/espanol\/cultura\/blake-lively-justin-baldoni-romper-el-circulo.html\">\u2018Podemos enterrar a cualquiera\u2019: dentro de una m\u00e1quina de desprestigio de Hollywood<\/a>, se explicaba c\u00f3mo el actor y su productora, Wayfarer, hab\u00edan tramado todo un complot en la industria del entretenimiento para hundir la carrera de su coprotagonista, Blake Lively. Algo que se demostraba en el art\u00edculo con mensajes y todo tipo de documentos que la propia actriz hab\u00eda compartido con el diario. Por ello, Baldoni decidi\u00f3 demandar al medio por difamaci\u00f3n y por hacer una narraci\u00f3n \u201cdescontextualizada y manipuladora\u201d, exigiendo <a href=\"https:\/\/elpais.com\/cultura\/2025-01-01\/justin-baldoni-demanda-a-the-new-york-times-por-un-articulo-sobre-su-presunto-acoso-a-la-actriz-blake-lively.html\" target=\"_blank\" rel=\"noreferrer nofollow noopener\" title=\"https:\/\/elpais.com\/cultura\/2025-01-01\/justin-baldoni-demanda-a-the-new-york-times-por-un-articulo-sobre-su-presunto-acoso-a-la-actriz-blake-lively.html\">nada menos que 250 millones de d\u00f3lares<\/a>. Pero la jugada no le sali\u00f3 bien, y <a href=\"https:\/\/elpais.com\/cultura\/2025-06-09\/un-juez-desestima-la-demanda-por-difamacion-de-400-millones-de-dolares-de-justin-baldoni-contra-blake-lively.html\" target=\"_blank\" rel=\"noreferrer nofollow noopener\" title=\"https:\/\/elpais.com\/cultura\/2025-06-09\/un-juez-desestima-la-demanda-por-difamacion-de-400-millones-de-dolares-de-justin-baldoni-contra-blake-lively.html\">en junio un juez la desestim\u00f3<\/a>. <\/p>\n<p>M\u00e1s informaci\u00f3n<\/p>\n<p class=\"\">Por eso, ahora llega esta nueva denuncia, que se present\u00f3 el martes 30 de septiembre ante la Corte Suprema de Nueva York. As\u00ed lo demuestran los documentos legales a los que han tenido acceso medios como <a href=\"https:\/\/www.thewrap.com\/nyt-sues-justin-baldoni-legal-fees-defamation-it-ends-with-us\/\" target=\"_blank\" rel=\"noreferrer nofollow noopener\" title=\"https:\/\/www.thewrap.com\/nyt-sues-justin-baldoni-legal-fees-defamation-it-ends-with-us\/\">The Wrap<\/a> y <a href=\"https:\/\/people.com\/justin-baldoni-company-sued-by-new-york-times-dropped-defamation-case-fees-11822902\" target=\"_blank\" rel=\"noreferrer nofollow noopener\" title=\"https:\/\/people.com\/justin-baldoni-company-sued-by-new-york-times-dropped-defamation-case-fees-11822902\">People<\/a>. En ellos se puede leer que el diario exige que Baldoni les pague esos 150.000 d\u00f3lares por \u201clos costes, tasas y gastos en los que ha incurrido el Times por la defensa de la acci\u00f3n de difamaci\u00f3n de Wayfarer\u201d.<\/p>\n<p class=\"\">El peri\u00f3dico afirma que la corte de distrito vio claro que Wayfarer y Baldoni \u201ccomenzaron la demanda y la continuaron sin una base ni de hechos ni legal\u201d. Y ponen en valor lo dicho por el juez en junio: que The New York Times, como todo medio, tiene derecho a informar de procedimientos legales y no por ello puede ser sujeto de una demanda. \u201cAnte tales circunstancias, la ley de Nueva York exige que se conceda al Times el reembolso de sus costas y honorarios de abogados, as\u00ed como cualquier otra indemnizaci\u00f3n por da\u00f1os y perjuicios que el tribunal considere justa y adecuada\u00bb, reclaman. <\/p>\n<p><img alt=\"Justin Baldoni y Blake Lively, en un momento del rodaje de 'Romper el c\u00edrculo', en enero de 2024 en Jersey City, Nueva Jersey.\" decoding=\"auto\" class=\"_re lazyload a_m-h\" height=\"277\"  width=\"414\"  src=\"https:\/\/www.europesays.com\/es\/wp-content\/uploads\/2025\/10\/ONJZMKRF65DO5MQPGN3FC2ISDE.jpg\" loading=\"lazy\"\/>Justin Baldoni y Blake Lively, en el set de rodaje de &#8216;Romper el c\u00edrculo&#8217;, en enero de 2024 en Jersey City, Nueva Jersey.<br \/>\nJose Perez\/Bauer-Griffin (GC Images)<\/p>\n<p class=\"\">A Baldoni no le est\u00e1 saliendo nada bien la estrategia. Adem\u00e1s de la demanda del Times, a principios de septiembre<a href=\"https:\/\/elpais.com\/gente\/2025-09-09\/blake-lively-interpone-una-nueva-demanda-contra-justin-baldoni-le-exige-millones-de-dolares-por-danos-emocionales.html\" target=\"_self\" rel=\"nofollow noopener\" title=\"https:\/\/elpais.com\/gente\/2025-09-09\/blake-lively-interpone-una-nueva-demanda-contra-justin-baldoni-le-exige-millones-de-dolares-por-danos-emocionales.html\"> la propia Lively le demand\u00f3 por da\u00f1os emocionales<\/a>. Esta es su segunda denuncia: la primera fue la que expuso el diario en diciembre, contra la que Baldoni atac\u00f3 en enero. Despu\u00e9s de eso, un juez decidi\u00f3 que la vista para resolver la cuesti\u00f3n <a href=\"https:\/\/elpais.com\/cultura\/2025-01-28\/el-caso-de-romper-el-circulo-se-resolvera-en-los-tribunales-blake-lively-y-justin-baldoni-iran-a-juicio-en-marzo-de-2026.html\" target=\"_self\" rel=\"nofollow noopener\" title=\"https:\/\/elpais.com\/cultura\/2025-01-28\/el-caso-de-romper-el-circulo-se-resolvera-en-los-tribunales-blake-lively-y-justin-baldoni-iran-a-juicio-en-marzo-de-2026.html\">tendr\u00eda lugar en los tribunales en marzo de 2026<\/a>. Como parte de su estrategia, muy focalizada en hacer ruido en los medios de comunicaci\u00f3n, <a href=\"https:\/\/elpais.com\/gente\/2025-05-09\/taylor-swift-es-citada-como-testigo-por-los-abogados-de-justin-baldoni-en-su-batalla-judicial-contra-blake-lively.html\" target=\"_self\" rel=\"nofollow noopener\" title=\"https:\/\/elpais.com\/gente\/2025-05-09\/taylor-swift-es-citada-como-testigo-por-los-abogados-de-justin-baldoni-en-su-batalla-judicial-contra-blake-lively.html\">Baldoni ha intentado citar a declarar a Taylor Swift<\/a>, amiga \u00edntima (aunque tras este caso parece que ya no tanto) de Lively. Al parecer, si se ve obligada a hacerlo, <a href=\"https:\/\/elpais.com\/gente\/2025-09-12\/taylor-swift-acepta-declarar-en-la-guerra-judicial-entre-blake-lively-y-justin-baldoni.html\" target=\"_self\" rel=\"nofollow noopener\" title=\"https:\/\/elpais.com\/gente\/2025-09-12\/taylor-swift-acepta-declarar-en-la-guerra-judicial-entre-blake-lively-y-justin-baldoni.html\">la cantante declarar\u00e1 ante el juez, aunque en un calendario adaptado<\/a> al lanzamiento de su nuevo disco, que tendr\u00e1<a href=\"https:\/\/elpais.com\/cultura\/2025-10-02\/taylor-swift-omnipresente-en-su-gran-semana-con-the-life-of-a-showgirl-disco-cines-entrevistas-y-sorpresas.html\" target=\"_self\" rel=\"nofollow noopener\" title=\"https:\/\/elpais.com\/cultura\/2025-10-02\/taylor-swift-omnipresente-en-su-gran-semana-con-the-life-of-a-showgirl-disco-cines-entrevistas-y-sorpresas.html\"> lugar este viernes.<\/a><\/p>\n<p class=\"\">En diciembre, Blake Lively mostr\u00f3 decenas de documentos ante The New York Times donde dejaba ver <a href=\"https:\/\/elpais.com\/opinion\/2025-01-02\/blake-lively-una-historia-de-machismo-millones-y-mentiras-en-hollywood.html\" target=\"_self\" rel=\"nofollow noopener\" title=\"https:\/\/elpais.com\/opinion\/2025-01-02\/blake-lively-una-historia-de-machismo-millones-y-mentiras-en-hollywood.html\">c\u00f3mo Baldoni la hab\u00eda acosado<\/a> en el set de rodaje de Romper el c\u00edrculo, haciendo comentarios sobre el cuerpo de la actriz o sobre el hecho de que diera de mamar a su hijo peque\u00f1o, y tambi\u00e9n habl\u00e1ndole de sexo o de su adicci\u00f3n al porno. Adem\u00e1s, tambi\u00e9n explic\u00f3 que \u00e9l hab\u00eda contratado a una empresa de gesti\u00f3n de crisis que busc\u00f3 hundir su carrera. Entre los mensajes que se enviaban, se pod\u00edan leer frases como \u201cPodemos enterrar a cualquiera\u201d; \u201c<a href=\"https:\/\/elpais.com\/smoda\/famosos\/2024-10-09\/como-blake-lively-se-convirtio-en-la-persona-mas-odiada-de-internet-en-cinco-golpes.html\" target=\"_self\" rel=\"nofollow noopener\" title=\"https:\/\/elpais.com\/smoda\/famosos\/2024-10-09\/como-blake-lively-se-convirtio-en-la-persona-mas-odiada-de-internet-en-cinco-golpes.html\">La narrativa online que has creado<\/a> es buen\u00edsima\u201d; o \u201cHemos sobrevivido\u201d.<\/p>\n<p class=\"\">Baldoni lo neg\u00f3 todo y demand\u00f3 tanto al diario (por 250 millones) como a la actriz (por otros 150). Pero poco a poco su estrategia se ha ido desmoronando. Su agencia de representaci\u00f3n, WME, decidi\u00f3 dejar de llevar su carrera. Adem\u00e1s, su equipo ha filtrado documentos, im\u00e1genes y supuestas pruebas, como <a href=\"https:\/\/www.tmz.com\/2025\/01\/21\/blake-lively-fires-back-after-it-ends-with-us-footage-leaked-justin-baldoni\/\" rel=\"nofollow noopener\" target=\"_blank\">un v\u00eddeo de 10 minutos<\/a> donde se ve a ambos preparar una escena de baile de la pel\u00edcula sonrientes, o un audio de Baldoni a Lively enviado a las dos de la madrugada, pidi\u00e9ndole disculpas. Sin embargo, la demanda del Times, unida a la de Lively de septiembre (donde exige \u201cvarios millones de d\u00f3lares\u201d) dejan ver que no solo habr\u00e1 que esperar hasta marzo del pr\u00f3ximo a\u00f1o para saber c\u00f3mo se resuelve el asunto, sino que habr\u00e1 a\u00fan m\u00e1s cap\u00edtulos del mismo.<\/p>\n","protected":false},"excerpt":{"rendered":"El culebr\u00f3n legal alrededor del rodaje de la pel\u00edcula Romper el c\u00edrculo (It Ends With Us, en el&hellip;\n","protected":false},"author":2,"featured_media":153679,"comment_status":"","ping_status":"","sticky":false,"template":"","format":"standard","meta":{"footnotes":""},"categories":[174],"tags":[1014,29858,255,12115,146,147,25,24,629,256,260,1505,896,753,23,3945,27947],"class_list":{"0":"post-153678","1":"post","2":"type-post","3":"status-publish","4":"format-standard","5":"has-post-thumbnail","7":"category-famosos","8":"tag-actores","9":"tag-blake-lively","10":"tag-celebrities","11":"tag-demandas","12":"tag-entertainment","13":"tag-entretenimiento","14":"tag-es","15":"tag-espana","16":"tag-estados-unidos","17":"tag-famosos","18":"tag-gente","19":"tag-hollywood","20":"tag-nueva-york","21":"tag-peliculas","22":"tag-spain","23":"tag-taylor-swift","24":"tag-the-new-york-times"},"share_on_mastodon":{"url":"","error":""},"_links":{"self":[{"href":"https:\/\/www.europesays.com\/es\/wp-json\/wp\/v2\/posts\/153678","targetHints":{"allow":["GET"]}}],"collection":[{"href":"https:\/\/www.europesays.com\/es\/wp-json\/wp\/v2\/posts"}],"about":[{"href":"https:\/\/www.europesays.com\/es\/wp-json\/wp\/v2\/types\/post"}],"author":[{"embeddable":true,"href":"https:\/\/www.europesays.com\/es\/wp-json\/wp\/v2\/users\/2"}],"replies":[{"embeddable":true,"href":"https:\/\/www.europesays.com\/es\/wp-json\/wp\/v2\/comments?post=153678"}],"version-history":[{"count":0,"href":"https:\/\/www.europesays.com\/es\/wp-json\/wp\/v2\/posts\/153678\/revisions"}],"wp:featuredmedia":[{"embeddable":true,"href":"https:\/\/www.europesays.com\/es\/wp-json\/wp\/v2\/media\/153679"}],"wp:attachment":[{"href":"https:\/\/www.europesays.com\/es\/wp-json\/wp\/v2\/media?parent=153678"}],"wp:term":[{"taxonomy":"category","embeddable":true,"href":"https:\/\/www.europesays.com\/es\/wp-json\/wp\/v2\/categories?post=153678"},{"taxonomy":"post_tag","embeddable":true,"href":"https:\/\/www.europesays.com\/es\/wp-json\/wp\/v2\/tags?post=153678"}],"curies":[{"name":"wp","href":"https:\/\/api.w.org\/{rel}","templated":true}]}}