{"id":153680,"date":"2025-10-02T22:47:11","date_gmt":"2025-10-02T22:47:11","guid":{"rendered":"https:\/\/www.europesays.com\/es\/153680\/"},"modified":"2025-10-02T22:47:11","modified_gmt":"2025-10-02T22:47:11","slug":"inma-pelegrin-la-mirada-de-un-perro-vale-a-veces-mas-que-una-palabra","status":"publish","type":"post","link":"https:\/\/www.europesays.com\/es\/153680\/","title":{"rendered":"Inma Pelegr\u00edn: \u00abLa mirada de un perro vale a veces m\u00e1s que una palabra\u00bb"},"content":{"rendered":"<p>Inma Pelegr\u00edn (Lorca, 1969), una de las autoras m\u00e1s esperadas de la Feria del Libro de Murcia, que arranca hoy y se prolonga hasta el  &#8230; 12 de octubre, en el Paseo Alfonso X El Sabio, gan\u00f3 el Premio Lumen de Novela con &#8216;Fosca&#8217;, un thriller rural que impact\u00f3 al jurado (Elena Medel, Clara Obligado, Lola Larumbe, \u00c1ngeles Gonz\u00e1lez-Sinde y Mar\u00eda Fasce) por su \u00e1spero lenguaje, por su capacidad para hacer que el lector \u00abhuela y palpe la oscuridad\u00bb, por hablar de un tema tan actual como la naturaleza, el desamparo y la humanidad, y por una historia poderosa que arrastra a los lectores hasta el final con una mezcla de miedo en el cuerpo, ternura y compasi\u00f3n. Destaca Lumen que esta es la primera novela de Inma Pelegr\u00edn, ganadora de cinco premios de poes\u00eda. Su maestro es Gin\u00e9s S\u00e1nchez, profesor de la escuela de escritura Club Renacimiento, escritor de culto de la editorial Tusquets, donde ha publicado la mayor parte de su narrativa desde que ganara el premio Tusquets de Novela con &#8216;Los gatos pardos&#8217; (2013). Dijo el jurado que &#8216;Fosca&#8217; es \u00abuna antinovela de iniciaci\u00f3n con ecos que van de Ana Mar\u00eda Matute a Jes\u00fas Carrasco. Se lee con los sentidos y con el coraz\u00f3n\u00bb. Dijeron Carrasco pero podr\u00eda haber dicho Gin\u00e9s S\u00e1nchez. <\/p>\n<p class=\"v-p\"><strong>\u2013El protagonista de &#8216;Fosca&#8217; es un ni\u00f1o con prosopagnosia, alguien incapaz de reconocer las caras. Un crimen cambia su vida para siempre. Pero no consigue identificar al culpable. Usted tambi\u00e9n tiene esta misma condici\u00f3n.<\/strong><\/p>\n<p class=\"v-p\">\u2013Quer\u00eda hablar de la prosopagnosia porque es muy dif\u00edcil explicarla. A veces lo cuentas y lo cuentas, pero la gente no se hace a la idea. Esto es b\u00e1sico en la historia. Gabi, el protagonista, presencia un asesinato y precisamente por esta condici\u00f3n o este d\u00e9ficit cognitivo que tiene, aunque ha presenciado el asesinato y le ha visto la cara al asesino, no puede saber o no saber qui\u00e9n de su entorno ha sido, porque se parecen todos bastante. La novela habla de la investigaci\u00f3n de un ni\u00f1o que desde la inocencia, buscando lo oscuro de los dem\u00e1s pero tambi\u00e9n la luz, porque s\u00ed hay determinados episodios de luz, encuentra tambi\u00e9n su propia oscuridad. Tambi\u00e9n hay en \u00e9l desde ternura hasta lo m\u00e1s cruel. Todos somos contradictorios y somos capaces de lo mejor y lo peor, y de querer una cosa y la contraria. <\/p>\n<p class=\"v-p\"><strong>\u2013Es muy interesante el uso que hace de una amplia variedad de t\u00e9rminos que nos resultan familiares en el Sureste espa\u00f1ol. Nuestra forma de hablar, tan criticada y ridiculizada, es tambi\u00e9n rica y puede resultar admirable.<\/strong><\/p>\n<p class=\"v-p\">\u2013Me apetec\u00eda mucho que quedaran registrados esos t\u00e9rminos que utilizamos muchos de los que vivimos en el Sureste peninsular. Elena Medel dec\u00eda que cuando ley\u00f3 la novela como miembro del concurso por algunas palabras pensaba que la trama pod\u00eda transcurrir en Almer\u00eda o en Granada. Iban as\u00ed ubicando el lugar en el que transcurre la novela, aunque no aparece dicho el pueblo al que pertenece esta familia. Lo que yo quer\u00eda registrando esos t\u00e9rminos es que no se perdieran, porque pertenecen a la oralidad, y me gustaba que quedaran por escrito. Murcianos y almerienses tenemos la costumbre de decir que nosotros hablamos muy mal. Pero no, se\u00f1or: el andaluz habla con acento andaluz, el gallego habla con acento gallego, el catal\u00e1n con su acento catal\u00e1n&#8230; y los murcianos no hablamos ni bien ni mal sino con nuestro acento, con nuestras caracter\u00edsticas y con nuestras palabras. Era una manera de honrar a nuestros abuelos, que eran los que utilizaban esas palabras.<\/p>\n<p>\nHOMENAJE A LA FORMA DE HABLAR EN EL SURESTE\n<\/p>\n<p>\u00abLos murcianos no hablamos ni bien ni mal sino con nuestro acento, con nuestras caracter\u00edsticas y con nuestras palabras\u00bb <\/p>\n<p class=\"v-p\"><strong>\u2013\u00bfC\u00f3mo organiz\u00f3 ese registro?<\/strong><\/p>\n<p class=\"v-p\">\u2013Me fui encontrando miguitas de pan por las casas&#8230; Preguntando mucho c\u00f3mo se dec\u00eda tal o cual cosa antes. Y me encant\u00f3 esa labor de investigaci\u00f3n por los sitios. Una mujer dec\u00eda, por ejemplo, \u00abse enfad\u00f3 con no s\u00e9 qui\u00e9n, pero menos mal que por el camino se repropi\u00f3\u00bb. Iba al diccionario y buscaba repropiarse y resulta que est\u00e1: es, cuando un caballo se desboca, volver en s\u00ed. Ten\u00eda todo el sentido, la mujer utilizaba correctamente la palabra, y encima estaba en la RAE. Aunque fuera un t\u00e9rmino en desuso o con apariencia culta. En la novela aparece la palabra agostarse, y en Madrid, durante la correcci\u00f3n, me dec\u00edan que era un t\u00e9rmino muy culto, y agostarse es lo que dice la gente del campo, es decir, echarse a perder la mata que no ha crecido. No es secarse ni morirse, es agostarse.<\/p>\n<p class=\"v-p\"><strong>\u2013Dedica el libro \u00aba Antonio, por mostrarme la realidad que evoca este libro\u00bb y a sus hijos, Juan, Pedro y Mar\u00eda: \u00abA los cuatro, por hacer de mi mundo un lugar habitable\u00bb. Justo lo que no tiene Gabi. <\/strong><\/p>\n<p class=\"v-p\">\u2013Ni aquella casa ni aquella familia son para el protagonista, para Gabriel, un lugar habitable. Tristemente, ocurre en muchos lugares. Antonio es el padre de mis tres hijos, es agricultor, y yo a veces me sent\u00eda un poco vampira pregunt\u00e1ndole cosas sobre el campo, sobre palabras, sobre pr\u00e1cticas agr\u00edcolas&#8230; Entre \u00e9l y una amiga, Inma S\u00e1nchez, que me proporcionaba palabras del palabrero murciano, un diccionario murciano-espa\u00f1ol, y una madre que ten\u00eda fabulosa, y que dec\u00eda palabras precios\u00edsimas, a todos ellos los he estado vampirizando. En contraposici\u00f3n a esa familia que con el lenguaje de ahora podemos llamar desestructurada aunque no en el tiempo de la novela y en el que vive Gabi, est\u00e1 mi familia, en la que viven mis tres hijos. Son ellos los que han creado el hogar. Cuando a m\u00ed se me han puesto las circunstancias dif\u00edciles entre todos han sido capaces de arroparme, sustentarme y llevarme arriba. La vida no siempre es f\u00e1cil, a veces se complica por enfermedades. En esos momentos te das cuenta de que hay gente que te ayuda, que te viene a visitar, que te cuida, que te lleva al aseo y que te limpia. Cosas tan b\u00e1sicas que hechas con amor, con compasi\u00f3n, con empat\u00eda&#8230; son hermosas de recibir.<\/p>\n<p>\nLUCES Y SOMBRAS\n<\/p>\n<p>\u00abTodos somos contradictorios, capaces de lo mejor y lo peor\u00bb<\/p>\n<p class=\"v-p\"><strong>\u2013Gabi tiene una perra, &#8216;Sombra&#8217;.<\/strong><\/p>\n<p class=\"v-p\">\u2013La conexi\u00f3n del protagonista con su perra &#8216;Sombra&#8217; es fundamental para contar la historia. Las relaciones sin palabras, desde las emociones, a veces son m\u00e1s valiosas que las que se hacen desde el intelecto. La sola mirada de un perro vale a veces m\u00e1s que las palabras.<\/p>\n<p class=\"v-p\"><strong>\u2013Usted vive en el campo, en Lorca, con cuatro mascotas&#8230;<\/strong><\/p>\n<p class=\"v-p\">\u2013Cuatro perros, s\u00ed. Todos adoptados. O encontrados o que no los quer\u00edan. Un mast\u00edn tranquil\u00f3n, &#8216;Pupu&#8217;, enorm\u00edsimo. &#8216;Pupu&#8217; era de un pastor, estaba lleno de par\u00e1sitos, le hab\u00edan mordido en la cabeza siendo beb\u00e9 y lleva en el hueso de la cabeza un roto. Es buena gente. Luego tengo a &#8216;Kira&#8217;, perra de caza muy parecida a la de la portada de &#8216;Fosca&#8217;; es muy nerviosa, siempre est\u00e1 aturullada, loca perdida cada vez que ve p\u00e1jaros. Uno muy chiquit\u00edn, adulto, &#8216;Rollo&#8217;, despeluchado y despeinado, lo encontr\u00f3 un polic\u00eda en la calle San Francisco de Lorca y nadie quer\u00eda adoptarlo. Tiene unos bigotes de intelectual y cejas grand\u00edsimas. Es particular, marroncillo claro. La \u00faltima en llegar es &#8216;L\u00edo&#8217;, no s\u00e9 de qu\u00e9 raza, muerde los muebles, lo recogi\u00f3 mi hija. El peque\u00f1o le muerde a todos y est\u00e1 sin educar, bueno, yo no he educado a ninguno. Y el quinto ser\u00eda el de mi vecino, le llamamos simplemente &#8216;El Vecino&#8217;.<\/p>\n<p class=\"v-p\"><strong>\u2013\u00bfCu\u00e1ndo tiene previsto firmar en la Feria del Libro de Murcia?<\/strong><\/p>\n<p class=\"v-p\">\u2013Tengo presentaciones por toda Espa\u00f1a, ayer en Lorca con Futuro Imperfecto, y en Murcia, haya fosca o no, estar\u00e9 presentando el libro el domingo 5, con Gin\u00e9s S\u00e1nchez, mi maestro, y luego firmar\u00e9; estar\u00e9 el d\u00eda 11 por la ma\u00f1ana en la c\u00e1rcel de Campos del R\u00edo con Solidarios por el Desarrollo y por la tarde en la caseta de Libros Traperos.<\/p>\n","protected":false},"excerpt":{"rendered":"Inma Pelegr\u00edn (Lorca, 1969), una de las autoras m\u00e1s esperadas de la Feria del Libro de Murcia, que&hellip;\n","protected":false},"author":2,"featured_media":153681,"comment_status":"","ping_status":"","sticky":false,"template":"","format":"standard","meta":{"footnotes":""},"categories":[172],"tags":[224,146,147,25,24,225,7731,3128,8515,23,14272,3106],"class_list":{"0":"post-153680","1":"post","2":"type-post","3":"status-publish","4":"format-standard","5":"has-post-thumbnail","7":"category-libros","8":"tag-books","9":"tag-entertainment","10":"tag-entretenimiento","11":"tag-es","12":"tag-espana","13":"tag-libros","14":"tag-mirada","15":"tag-palabra","16":"tag-perro","17":"tag-spain","18":"tag-vale","19":"tag-veces"},"share_on_mastodon":{"url":"","error":""},"_links":{"self":[{"href":"https:\/\/www.europesays.com\/es\/wp-json\/wp\/v2\/posts\/153680","targetHints":{"allow":["GET"]}}],"collection":[{"href":"https:\/\/www.europesays.com\/es\/wp-json\/wp\/v2\/posts"}],"about":[{"href":"https:\/\/www.europesays.com\/es\/wp-json\/wp\/v2\/types\/post"}],"author":[{"embeddable":true,"href":"https:\/\/www.europesays.com\/es\/wp-json\/wp\/v2\/users\/2"}],"replies":[{"embeddable":true,"href":"https:\/\/www.europesays.com\/es\/wp-json\/wp\/v2\/comments?post=153680"}],"version-history":[{"count":0,"href":"https:\/\/www.europesays.com\/es\/wp-json\/wp\/v2\/posts\/153680\/revisions"}],"wp:featuredmedia":[{"embeddable":true,"href":"https:\/\/www.europesays.com\/es\/wp-json\/wp\/v2\/media\/153681"}],"wp:attachment":[{"href":"https:\/\/www.europesays.com\/es\/wp-json\/wp\/v2\/media?parent=153680"}],"wp:term":[{"taxonomy":"category","embeddable":true,"href":"https:\/\/www.europesays.com\/es\/wp-json\/wp\/v2\/categories?post=153680"},{"taxonomy":"post_tag","embeddable":true,"href":"https:\/\/www.europesays.com\/es\/wp-json\/wp\/v2\/tags?post=153680"}],"curies":[{"name":"wp","href":"https:\/\/api.w.org\/{rel}","templated":true}]}}