{"id":153684,"date":"2025-10-02T22:49:07","date_gmt":"2025-10-02T22:49:07","guid":{"rendered":"https:\/\/www.europesays.com\/es\/153684\/"},"modified":"2025-10-02T22:49:07","modified_gmt":"2025-10-02T22:49:07","slug":"sergio-dalma-este-viernes-en-atrevete","status":"publish","type":"post","link":"https:\/\/www.europesays.com\/es\/153684\/","title":{"rendered":"\u00a1Sergio Dalma, este viernes en Atr\u00e9vete!"},"content":{"rendered":"<p>\u00a1Acabamos la semana por todo lo alto en el despertador de Cadena Dial! Y es que este viernes, para irnos con muy buen sabor de boca hacia el fin de semana\u2026 <strong>\u00a1Sergio Dalma nos visita en Atr\u00e9vete!<\/strong><\/p>\n<p>El artista se sentar\u00e1 junto a <strong>Jaime Moreno y Saray Esteso<\/strong> para hablar de su pr\u00f3ximo lanzamiento este viernes a las 9:30h (una menos en Canarias). Queda poco m\u00e1s de un mes para que <strong>\u2018Ritorno a Via Dalma\u2019<\/strong> salga a la luz el 14 de noviembre, y no podemos tener m\u00e1s ganas.<\/p>\n<p>Mientras tanto, ya puedes disfrutar de \u2018Entre t\u00fa y mil mares\u2019, el primer single, y reservar el \u00e1lbum en la preventa. Esto \u00faltimo puede darte uno de los golden tickets que ha escondido en los discos que te permite ir al concierto que quieras en primera fila.<\/p>\n<p>Y, por supuesto, todav\u00eda est\u00e1s a tiempo de participar en el <strong>concurso<\/strong> que hemos preparado en Atr\u00e9vete junto a Sergio Dalma: <a href=\"https:\/\/www.cadenadial.com\/2025\/concurso-en-atrevete-gana-un-viaje-a-roma-gracias-a-sergio-dalma-429884.html\" rel=\"nofollow noopener\" target=\"_blank\"><strong>\u00a1Un viaje a Roma!<\/strong><\/a><\/p>\n<p>Dalma presenta \u2018Entre t\u00fa y mil mares\u2019, primer adelanto de \u2018Ritorno a Via Dalma\u2019\u00a0<\/p>\n<p><strong>\u2018Entre t\u00fa y mil mares\u2019<\/strong> es la primera apuesta para presentar un proyecto que trae al presente algunas de las canciones de autores italianos m\u00e1s populares en nuestro pa\u00eds. La canci\u00f3n, compuesta por Biagio Antonacci, es uno de los temas m\u00e1s populares de Laura Pausini. \u00a0<\/p>\n<p>Publicada en el a\u00f1o 2000, Dalma la reinterpreta ahora bajo la producci\u00f3n de Pablo D\u00edez y Alex Perea, que, sin duda, han sabido adaptar la estructura del tema para traerlo al presente, respetando el ADN de esta ic\u00f3nica canci\u00f3n.\u00a0<\/p>\n<p>\u2018Entre t\u00fa y mil mares\u2019 viene acompa\u00f1ada de un videoclip dirigido por Jimmy Llamas y producido por LunaYNieva. La historia nos presenta las vidas de dos adultos que intentan dejar atr\u00e1s un gran amor. Se cumplen quince a\u00f1os de la publicaci\u00f3n de VIA DALMA, el \u00e1lbum con el que Sergio Dalma interpret\u00f3 en espa\u00f1ol algunas de las grandes canciones italianas de nuestro tiempo. Aquel proyecto revolucion\u00f3 el mercado musical nacional, <strong>superando las 300.000 copias vendidas<\/strong>.\u00a0<\/p>\n<p>Escucha\u00a0<a href=\"https:\/\/www.cadenadial.com\/programas\/atrevete\" rel=\"nofollow noopener\" target=\"_blank\"><strong>Atr\u00e9vete<\/strong><\/a>\u00a0en Cadena Dial de lunes a viernes de 6h a 11h, y los s\u00e1bados de 7h a 10h (una hora menos en Canarias). Participa en el programa en directo en:<\/p>\n<p>Y no te pierdas los mejores momentos de lo que pasa cada ma\u00f1ana en nuestras redes sociales:\u00a0<a href=\"https:\/\/www.instagram.com\/atrevetedial\/?hl=es\" target=\"_blank\" rel=\"false noopener nofollow\"><strong>Instagram<\/strong><\/a>,\u00a0<a href=\"https:\/\/www.facebook.com\/atreveteencadenadial\" target=\"_blank\" rel=\"false noopener nofollow\"><strong>Facebook<\/strong><\/a>,\u00a0<a href=\"https:\/\/x.com\/atrevetedial\" target=\"_blank\" rel=\"false noopener nofollow\"><strong>X<\/strong>\u00a0<\/a>y\u00a0<a href=\"https:\/\/www.tiktok.com\/@atrevetedial?lang=es\" target=\"_blank\" rel=\"false noopener nofollow\"><strong>TikTok.<\/strong><\/a><\/p>\n<p>                                    <script async src=\"\/\/www.instagram.com\/embed.js\"><\/script><script async src=\"\/\/www.tiktok.com\/embed.js\"><\/script><\/p>\n","protected":false},"excerpt":{"rendered":"\u00a1Acabamos la semana por todo lo alto en el despertador de Cadena Dial! Y es que este viernes,&hellip;\n","protected":false},"author":2,"featured_media":153685,"comment_status":"","ping_status":"","sticky":false,"template":"","format":"standard","meta":{"footnotes":""},"categories":[170],"tags":[146,147,25,24,184,185,46286,23],"class_list":{"0":"post-153684","1":"post","2":"type-post","3":"status-publish","4":"format-standard","5":"has-post-thumbnail","7":"category-musica","8":"tag-entertainment","9":"tag-entretenimiento","10":"tag-es","11":"tag-espana","12":"tag-music","13":"tag-musica","14":"tag-sergio-dalma","15":"tag-spain"},"share_on_mastodon":{"url":"","error":""},"_links":{"self":[{"href":"https:\/\/www.europesays.com\/es\/wp-json\/wp\/v2\/posts\/153684","targetHints":{"allow":["GET"]}}],"collection":[{"href":"https:\/\/www.europesays.com\/es\/wp-json\/wp\/v2\/posts"}],"about":[{"href":"https:\/\/www.europesays.com\/es\/wp-json\/wp\/v2\/types\/post"}],"author":[{"embeddable":true,"href":"https:\/\/www.europesays.com\/es\/wp-json\/wp\/v2\/users\/2"}],"replies":[{"embeddable":true,"href":"https:\/\/www.europesays.com\/es\/wp-json\/wp\/v2\/comments?post=153684"}],"version-history":[{"count":0,"href":"https:\/\/www.europesays.com\/es\/wp-json\/wp\/v2\/posts\/153684\/revisions"}],"wp:featuredmedia":[{"embeddable":true,"href":"https:\/\/www.europesays.com\/es\/wp-json\/wp\/v2\/media\/153685"}],"wp:attachment":[{"href":"https:\/\/www.europesays.com\/es\/wp-json\/wp\/v2\/media?parent=153684"}],"wp:term":[{"taxonomy":"category","embeddable":true,"href":"https:\/\/www.europesays.com\/es\/wp-json\/wp\/v2\/categories?post=153684"},{"taxonomy":"post_tag","embeddable":true,"href":"https:\/\/www.europesays.com\/es\/wp-json\/wp\/v2\/tags?post=153684"}],"curies":[{"name":"wp","href":"https:\/\/api.w.org\/{rel}","templated":true}]}}