{"id":153690,"date":"2025-10-02T22:53:08","date_gmt":"2025-10-02T22:53:08","guid":{"rendered":"https:\/\/www.europesays.com\/es\/153690\/"},"modified":"2025-10-02T22:53:08","modified_gmt":"2025-10-02T22:53:08","slug":"munter-y-kandinsky-arte-deseo-y-traicion","status":"publish","type":"post","link":"https:\/\/www.europesays.com\/es\/153690\/","title":{"rendered":"M\u00fcnter y Kandinsky: arte, deseo y traici\u00f3n"},"content":{"rendered":"<p style=\"\"><a href=\"https:\/\/www.abc.es\/cultura\/arte\/gabriele-munter-amazona-azul-escapo-sombra-kandinsky-20241112180508-nt.html\" target=\"_self\" data-voc-vtm-id=\"in-text-traffic\" title=\"Gabriele M\u00fcnter (Berl\u00edn, 1877-Murnau, 1962)\" data-mrf-link=\"www.abc.es\" rel=\"nofollow noopener\">Gabriele M\u00fcnter (Berl\u00edn, 1877-Murnau, 1962)<\/a>, fot\u00f3grafa y pintora, fue alumna y pareja de <a href=\"https:\/\/www.abc.es\/cultura\/cultural\/kandinsky-pionero-arte-abstracto-pintor-centro-pompidoumalaga-20250403161555-nt.html\" target=\"_self\" data-voc-vtm-id=\"in-text-traffic\" title=\"Wassily Kandinsky\" data-mrf-link=\"www.abc.es\" rel=\"nofollow noopener\">Wassily Kandinsky<\/a>. Se conocieron en 1901 en la escuela Phalanx de M\u00fanich, donde \u00e9l daba clases. Vivieron juntos, viajaron por Europa y el norte de \u00c1frica y fundaron el m\u00edtico  &#8230; grupo <strong>Der Blaue Reiter (El Jinete Azul)<\/strong> en M\u00fanich en 1911 junto con nombres como Franz Marc, August Macke, Alexej von Jawlensky y su pareja, Marianne von Werefkin.<\/p>\n<p class=\"voc-p\" style=\"\">A finales del a\u00f1o pasado, el <strong>Museo Thyssen<\/strong> le dedic\u00f3 a M\u00fcnter una gran monogr\u00e1fica. La artista pudo liberarse al fin de la <strong>alargada sombra del artista ruso<\/strong> y revelarse como la gran pintora expresionista que es. Adem\u00e1s, se public\u00f3 una novela gr\u00e1fica, &#8216;Gabriele M\u00fcnter. Las tierras azules&#8217;, de Mayte Alvarado (Astiberri), en torno a su figura y el <strong>Museo Pompidou M\u00e1laga<\/strong> ha acogido, hasta el pasado 7 de septiembre, una exposici\u00f3n de Kandinsky. <\/p>\n<p class=\"voc-p\" style=\"\">El c\u00edrculo se cierra ahora con <strong>&#8216;M\u00fcnter y el amor de Kandinsky&#8217;<\/strong>, pel\u00edcula dirigida por el cineasta alem\u00e1n <strong>Marcus O. Rosenm\u00fcller<\/strong>, que llega a los cines este viernes. Basada en hechos reales, aunque con partes dramatizadas, est\u00e1 protagonizada por Vanessa Loibl en el papel de M\u00fcnter y Vladimir Burlakov como Kandinsky. Una de las virtudes del filme es que est\u00e1 contado desde la perspectiva de ella y no de \u00e9l. As\u00ed se aprecia ya desde el propio t\u00edtulo. Arranca en 1942, cuando <strong>los nazis<\/strong> irrumpen en la casa de M\u00fcnter en <strong>Murnau<\/strong> en busca de pinturas de Kandinsky. A ella la tratan como la amante del enemigo del Estado. Un flashback nos lleva a sus inicios como artista. <\/p>\n<p class=\"voc-p\" style=\"\">Gabriele fue mucho m\u00e1s que musa y amante del pintor, papel al que muchas artistas fueron relegadas. No se habla de Camille Claudel sin Rodin, de <a href=\"https:\/\/www.abc.es\/cultura\/arte\/abci-francoise-gilot-unica-mujer-huyo-picasso-201808140225_noticia.html\" target=\"_self\" data-voc-vtm-id=\"in-text-traffic\" title=\"Fran\u00e7oise Gilot sin Picasso\" data-mrf-link=\"www.abc.es\" rel=\"nofollow noopener\">Fran\u00e7oise Gilot sin Picasso<\/a>, de <a href=\"https:\/\/www.abc.es\/cultura\/arte\/lee-miller-alla-mujer-metio-banera-hitler-20250307142507-nt.html\" target=\"_self\" data-voc-vtm-id=\"in-text-traffic\" title=\"Lee Miller sin Man Ray\" data-mrf-link=\"www.abc.es\" rel=\"nofollow noopener\">Lee Miller sin Man Ray<\/a>, de <a href=\"https:\/\/www.abc.es\/cultura\/arte\/abci-frida-kahlo-artista-mas-alla-cliches-y-mito-personaje-202108260018_noticia.html\" target=\"_self\" data-voc-vtm-id=\"in-text-traffic\" title=\"Frida Kahlo sin Diego Rivera\" data-mrf-link=\"www.abc.es\" rel=\"nofollow noopener\">Frida Kahlo sin Diego Rivera<\/a>&#8230; Gabriele fue una mujer <strong>moderna, libre, emancipada<\/strong>, que vest\u00eda a la moda, fumaba, montaba en bicicleta&#8230;, pero que, como tantas otras, fueron <strong>infravaloradas y silenciadas<\/strong> durante siglos y al fin ven la luz. Hace unos d\u00edas en estas mismas p\u00e1ginas cont\u00e1bamos la historia de la maestra flamenca del Barroco <a href=\"https:\/\/www.abc.es\/cultura\/arte\/michaelina-wautier-fsfasfasdfasdfasfasfasfasfas-20250929163647-nt.html\" target=\"_self\" data-voc-vtm-id=\"in-text-traffic\" title=\"Michaelina Wautier\" data-mrf-link=\"www.abc.es\" rel=\"nofollow noopener\">Michaelina Wautier<\/a>. Muchas de sus obras fueron atribuidas a colegas masculinos. El a\u00f1o pasado, el Guggenheim Bilbao rescataba a la pintora sueca <a href=\"https:\/\/www.abc.es\/cultura\/arte\/hilma-klint-pintora-invento-abstraccion-oculto-vida-20241017195659-nt.html\" target=\"_self\" data-voc-vtm-id=\"in-text-traffic\" title=\"Hilma af Klint\" data-mrf-link=\"www.abc.es\" rel=\"nofollow noopener\">Hilma af Klint<\/a> como pionera de la abstracci\u00f3n, m\u00e9rito que hasta ahora se adjudicaba al propio Kandinsky.<\/p>\n<p class=\"voc-title\">Estuvieron catorce a\u00f1os juntos (de 1902 a 1916), pero fue una relaci\u00f3n t\u00f3xica<\/p>\n<p class=\"voc-p\" style=\"\">Gabriele aparece en la pel\u00edcula como una mujer que luch\u00f3 por independizarse y hacerse un hueco como pintora, pero tambi\u00e9n como una mujer <strong>enamorada perdidamente<\/strong> de quien era su profesor y mentor. \u00c9l era once a\u00f1os mayor que ella. Su lealtad contrasta con la<strong> traici\u00f3n<\/strong> de Kandinsky, retratado como un genio atormentado y un celoso enfermizo de su creatividad. En Par\u00eds, Gabriele recibi\u00f3 clases en la Grande Chaumi\u00e8re, public\u00f3 trabajos en prensa y consigui\u00f3 que el Sal\u00f3n de los Independientes aceptase seis de sus obras. El filme lo retrata como un hombre<strong> fr\u00edo y cruel<\/strong>, <strong>ciclot\u00edmico<\/strong>, con cambios constantes de humor. \u00abNo encuentras paz en ning\u00fan sitio\u00bb, le dice ella en una escena. <\/p>\n<p class=\"voc-p\" style=\"\">Estuvieron <strong>catorce a\u00f1os juntos (de 1902 a 1916)<\/strong>, pero fue una <strong>relaci\u00f3n t\u00f3xica<\/strong>: ella ten\u00eda que aguantar los arrebatos de su pareja. Murnau pas\u00f3 a ser lugar de encuentro e intercambio creativo de M\u00fcnter y Kandinsky con Alexej von Jawlensky y Marianne Werefkin. M\u00fcnter reconoce que, gracias a Jawlensky, \u00abme abstraigo de la naturaleza. Ya no intento pintar formas reconocibles, sino la esencia\u00bb. <\/p>\n<p class=\"voc-p\" style=\"\">Pero estalla la <strong>Primera Guerra Mundial<\/strong>. Kandinsky regresa a Rusia y Gabriele se marcha a Suecia. \u00c9l desapareci\u00f3 de su vida e inici\u00f3 una nueva relaci\u00f3n con una rusa rica con la que se cas\u00f3 (tuvieron un hijo que muri\u00f3), pese a que su historia con Gabriele era un &#8216;matrimonio de conciencia&#8217;. <strong>Se hab\u00edan prometido<\/strong>. A su vuelta a Alemania, le reclama sus obras, pero ella se niega a devolv\u00e9rselas. Es su manera de vengarse. Pero <strong>siempre las protegi\u00f3<\/strong> (los nazis andaban en busca de las pinturas de un &#8216;artista generado&#8217; como Kandinsky) y las conserv\u00f3, hasta que en 1957, a los 80 a\u00f1os, las don\u00f3 junto a obras suyas y de otros miembros de El Jinete Azul a la Galer\u00eda Municipal de M\u00fanich. Se ven por \u00faltima vez en Estocolmo en 1916. <\/p>\n<p class=\"voc-title\">\u00abLo hice todo por ti, te di mi vida\u00bb, le dijo M\u00fcnter. \u00ab\u00bfAlguna vez te lo ped\u00ed?\u00bb, le responde Kandinsky<\/p>\n<p class=\"voc-p\" style=\"\">\u00abTe amo, incluso m\u00e1s que a la pintura. <strong>Lo hice todo por ti, te di mi vida<\/strong>\u00bb, le dice Gabriele a Wassily. \u00ab<strong>\u00bfAlguna vez te lo ped\u00ed?<\/strong>\u00bb, le responde \u00e9l. La culpa a ella del fracaso de El Jinete Azul, de ser irritable y tener un car\u00e1cter dif\u00edcil. Reconoce, eso s\u00ed, que tiene \u00abtalento de sobra, una chispa divina\u00bb. Su crueldad le llev\u00f3 a fingir su desaparici\u00f3n durante cuatro a\u00f1os. \u00ab<strong>Quiero estar muerto para Alemania y para Gabriele M\u00fcnter<\/strong>\u00bb. Se sinti\u00f3 seducida, usada y desechada. Se volvi\u00f3 loca. <\/p>\n<p class=\"voc-p\" style=\"\">Aparte de la relaci\u00f3n art\u00edstica y sentimental de M\u00fcnter y Kandinsky, la pel\u00edcula aborda la fundaci\u00f3n de El Jinete Azul, que crean tras abandonar la Nueva Asociaci\u00f3n de Artistas de M\u00fanich. Promulgan <strong>un nuevo arte<\/strong>, sin normas r\u00edgidas, alejado de las convenciones. Kandinsky abogaba por \u00abretar el sistema acad\u00e9mico e introducir un nivel espiritual a nuestro arte\u00bb. <\/p>\n","protected":false},"excerpt":{"rendered":"Gabriele M\u00fcnter (Berl\u00edn, 1877-Murnau, 1962), fot\u00f3grafa y pintora, fue alumna y pareja de Wassily Kandinsky. Se conocieron en&hellip;\n","protected":false},"author":2,"featured_media":153691,"comment_status":"","ping_status":"","sticky":false,"template":"","format":"standard","meta":{"footnotes":""},"categories":[91],"tags":[229,2180,146,147,25,24,46288,46287,23,5616],"class_list":{"0":"post-153690","1":"post","2":"type-post","3":"status-publish","4":"format-standard","5":"has-post-thumbnail","7":"category-entretenimiento","8":"tag-arte","9":"tag-deseo","10":"tag-entertainment","11":"tag-entretenimiento","12":"tag-es","13":"tag-espana","14":"tag-kandinsky","15":"tag-munter","16":"tag-spain","17":"tag-traicion"},"share_on_mastodon":{"url":"","error":""},"_links":{"self":[{"href":"https:\/\/www.europesays.com\/es\/wp-json\/wp\/v2\/posts\/153690","targetHints":{"allow":["GET"]}}],"collection":[{"href":"https:\/\/www.europesays.com\/es\/wp-json\/wp\/v2\/posts"}],"about":[{"href":"https:\/\/www.europesays.com\/es\/wp-json\/wp\/v2\/types\/post"}],"author":[{"embeddable":true,"href":"https:\/\/www.europesays.com\/es\/wp-json\/wp\/v2\/users\/2"}],"replies":[{"embeddable":true,"href":"https:\/\/www.europesays.com\/es\/wp-json\/wp\/v2\/comments?post=153690"}],"version-history":[{"count":0,"href":"https:\/\/www.europesays.com\/es\/wp-json\/wp\/v2\/posts\/153690\/revisions"}],"wp:featuredmedia":[{"embeddable":true,"href":"https:\/\/www.europesays.com\/es\/wp-json\/wp\/v2\/media\/153691"}],"wp:attachment":[{"href":"https:\/\/www.europesays.com\/es\/wp-json\/wp\/v2\/media?parent=153690"}],"wp:term":[{"taxonomy":"category","embeddable":true,"href":"https:\/\/www.europesays.com\/es\/wp-json\/wp\/v2\/categories?post=153690"},{"taxonomy":"post_tag","embeddable":true,"href":"https:\/\/www.europesays.com\/es\/wp-json\/wp\/v2\/tags?post=153690"}],"curies":[{"name":"wp","href":"https:\/\/api.w.org\/{rel}","templated":true}]}}