{"id":153694,"date":"2025-10-02T22:57:13","date_gmt":"2025-10-02T22:57:13","guid":{"rendered":"https:\/\/www.europesays.com\/es\/153694\/"},"modified":"2025-10-02T22:57:13","modified_gmt":"2025-10-02T22:57:13","slug":"ampliacion-de-listas-extraordinarias-de-catedraticos-de-musica-en-aragon-clarinete-y-percusion","status":"publish","type":"post","link":"https:\/\/www.europesays.com\/es\/153694\/","title":{"rendered":"AMPLIACI\u00d3N DE LISTAS EXTRAORDINARIAS DE CATEDR\u00c1TICOS DE M\u00daSICA EN ARAG\u00d3N (CLARINETE Y PERCUSI\u00d3N)"},"content":{"rendered":"<p>Desde USTEA informamos que La Direcci\u00f3n General de Personal del Departamento de Educaci\u00f3n, Cultura y Deporte del <strong>Gobierno de Arag\u00f3n<\/strong> ha convocado un procedimiento extraordinario de <strong>ampliaci\u00f3n de listas de espera<\/strong> para aspirantes a interinidad en dos especialidades del Cuerpo de Catedr\u00e1ticos de M\u00fasica y Artes Esc\u00e9nicas (CMAE).<\/p>\n<p><strong>Especialidades convocadas<\/strong><\/p>\n<p>El procedimiento afecta a las siguientes especialidades:<\/p>\n<ul class=\"wp-block-list\">\n<li><strong>0593008 CLARINETE<\/strong>.<\/li>\n<li><strong>0593058 PERCUSI\u00d3N<\/strong>.<\/li>\n<\/ul>\n<p><strong>Plazo y presentaci\u00f3n de solicitudes<\/strong><\/p>\n<p>El plazo de presentaci\u00f3n de solicitudes:<\/p>\n<ul class=\"wp-block-list\">\n<li><strong>Inicio:<\/strong> Martes, 30 de septiembre de 2025 (00:00 horas).<\/li>\n<li><strong>Fin:<\/strong> Martes, 7 de octubre de 2025 (23:59 horas).<\/li>\n<\/ul>\n<p><strong>Aspectos Clave de la Convocatoria<\/strong><\/p>\n<p>La resoluci\u00f3n de convocatoria (publicada el 26 de septiembre de 2025) detalla los siguientes anexos esenciales para los aspirantes:<\/p>\n<ul class=\"wp-block-list\">\n<li><strong>Anexo I:<\/strong> Incluye la lista de <strong>Titulaciones Habilitantes<\/strong> necesarias para participar.<\/li>\n<li><strong>Anexo II:<\/strong> Describe la <strong>Prueba Pr\u00e1ctica<\/strong> que deber\u00e1n superar los aspirantes para acceder a la lista.<\/li>\n<\/ul>\n<p>Se recomienda a todos los interesados consultar el texto completo de cada Resoluci\u00f3n y consultar en M\u00e1s Informaci\u00f3n para revisar los requisitos espec\u00edficos, la composici\u00f3n de la Comisi\u00f3n Calificadora y las causas de exclusi\u00f3n.<\/p>\n","protected":false},"excerpt":{"rendered":"Desde USTEA informamos que La Direcci\u00f3n General de Personal del Departamento de Educaci\u00f3n, Cultura y Deporte del Gobierno&hellip;\n","protected":false},"author":2,"featured_media":153695,"comment_status":"","ping_status":"","sticky":false,"template":"","format":"standard","meta":{"footnotes":""},"categories":[8],"tags":[46289,17,18,25,24,13,14,11,19,20,9,10,15,16,46290,23,12,21,22],"class_list":{"0":"post-153694","1":"post","2":"type-post","3":"status-publish","4":"format-standard","5":"has-post-thumbnail","7":"category-espana","8":"tag-46289","9":"tag-breaking-news","10":"tag-breakingnews","11":"tag-es","12":"tag-espana","13":"tag-featured-news","14":"tag-featurednews","15":"tag-headlines","16":"tag-latest-news","17":"tag-latestnews","18":"tag-news","19":"tag-noticias","20":"tag-noticias-destacadas","21":"tag-noticiasdestacadas","22":"tag-personal-interino","23":"tag-spain","24":"tag-titulares","25":"tag-ultimas-noticias","26":"tag-ultimasnoticias"},"share_on_mastodon":{"url":"","error":""},"_links":{"self":[{"href":"https:\/\/www.europesays.com\/es\/wp-json\/wp\/v2\/posts\/153694","targetHints":{"allow":["GET"]}}],"collection":[{"href":"https:\/\/www.europesays.com\/es\/wp-json\/wp\/v2\/posts"}],"about":[{"href":"https:\/\/www.europesays.com\/es\/wp-json\/wp\/v2\/types\/post"}],"author":[{"embeddable":true,"href":"https:\/\/www.europesays.com\/es\/wp-json\/wp\/v2\/users\/2"}],"replies":[{"embeddable":true,"href":"https:\/\/www.europesays.com\/es\/wp-json\/wp\/v2\/comments?post=153694"}],"version-history":[{"count":0,"href":"https:\/\/www.europesays.com\/es\/wp-json\/wp\/v2\/posts\/153694\/revisions"}],"wp:featuredmedia":[{"embeddable":true,"href":"https:\/\/www.europesays.com\/es\/wp-json\/wp\/v2\/media\/153695"}],"wp:attachment":[{"href":"https:\/\/www.europesays.com\/es\/wp-json\/wp\/v2\/media?parent=153694"}],"wp:term":[{"taxonomy":"category","embeddable":true,"href":"https:\/\/www.europesays.com\/es\/wp-json\/wp\/v2\/categories?post=153694"},{"taxonomy":"post_tag","embeddable":true,"href":"https:\/\/www.europesays.com\/es\/wp-json\/wp\/v2\/tags?post=153694"}],"curies":[{"name":"wp","href":"https:\/\/api.w.org\/{rel}","templated":true}]}}