{"id":153700,"date":"2025-10-02T23:04:14","date_gmt":"2025-10-02T23:04:14","guid":{"rendered":"https:\/\/www.europesays.com\/es\/153700\/"},"modified":"2025-10-02T23:04:14","modified_gmt":"2025-10-02T23:04:14","slug":"quien-es-mirka-vavrinec-la-musa-detras-del-exito-de-roger-federer","status":"publish","type":"post","link":"https:\/\/www.europesays.com\/es\/153700\/","title":{"rendered":"Qui\u00e9n es Mirka Vavrinec, la musa detr\u00e1s del \u00e9xito de Roger Federer"},"content":{"rendered":"<p>Antes de quedar asociada al nombre de Roger, Mirka Vavrinec desarroll\u00f3 su camino en el tenis profesional, y lleg\u00f3 a representar a Suiza en los Juegos Ol\u00edmpicos de S\u00eddney.<\/p>\n<p class=\"paragraph\"><a href=\"https:\/\/www.infobae.com\/tag\/mirka-federer\/\" target=\"_blank\" rel=\"noreferrer nofollow noopener\" title=\"https:\/\/www.infobae.com\/tag\/mirka-federer\/\"><b>Mirka Federer<\/b><\/a>, extenista profesional y c\u00f3nyuge de <a href=\"https:\/\/www.infobae.com\/tag\/roger-federer\/\" target=\"_blank\" rel=\"noreferrer nofollow noopener\" title=\"https:\/\/www.infobae.com\/tag\/roger-federer\/\"><b>Roger Federer<\/b><\/a>, ha sido una figura discreta durante a\u00f1os, aunque su papel en la vida y carrera del legendario tenista suizo resulta fundamental. <b>Madre de dos pares de gemelos, compa\u00f1era de vida y apoyo silencioso<\/b>, supo sostener con firmeza uno de los recorridos m\u00e1s exitosos de la historia del tenis.<\/p>\n<p><img alt=\"El apoyo de Mirka fue\" class=\"global-image\" decoding=\"async\" fetchpriority=\"low\" height=\"1401\" loading=\"lazy\" src=\"https:\/\/www.europesays.com\/es\/wp-content\/uploads\/2025\/10\/HAW4VBKJM5DVNFAJDRDXNTVXHI.jpg\" width=\"1920\"\/>El apoyo de Mirka fue clave en la carrera y vida familiar del legendario tenista suizo<br \/>\nREUTERS\/Kirsty Wigglesworth\/Pool<\/p>\n<p class=\"paragraph\">El destino uni\u00f3 a <b>Mirka y Roger Federer<\/b> en los <b>Juegos Ol\u00edmpicos de S\u00eddney 2000<\/b>, donde ambos representaban a <a href=\"https:\/\/www.infobae.com\/tag\/suiza\/\" target=\"_blank\" rel=\"noreferrer nofollow noopener\" title=\"https:\/\/www.infobae.com\/tag\/suiza\/\"><b>Suiza<\/b><\/a> en la competici\u00f3n de tenis. Ese primer contacto marc\u00f3 el inicio de una larga relaci\u00f3n sentimental, que tras nueve a\u00f1os de noviazgo culmin\u00f3 en <b>matrimonio en Basilea en abril de 2009<\/b>. <b>Federer<\/b> comparti\u00f3 que la ceremonia, celebrada en un entorno \u00edntimo y familiar, signific\u00f3 \u201cun hermoso d\u00eda de primavera y una ocasi\u00f3n incre\u00edblemente feliz\u201d.<\/p>\n<p><img alt=\"La pareja Federer es reconocida\" class=\"global-image\" decoding=\"async\" fetchpriority=\"low\" height=\"1080\" loading=\"lazy\" src=\"https:\/\/www.europesays.com\/es\/wp-content\/uploads\/2025\/10\/6CDFUBSRDBEXHLFY73OEDQD6OE.jpg\" width=\"1920\"\/>La pareja Federer es reconocida por su compromiso filantr\u00f3pico y valores familiares<br \/>\n(Grosby)<\/p>\n<p class=\"paragraph\">La familia experiment\u00f3 un giro excepcional con el nacimiento de <b>dos pares de gemelos<\/b>. En <b>julio de 2009<\/b> nacieron <b>Charlene Riva<\/b> y <b>Myla Rose<\/b>, y en <b>2014<\/b>, <b>Leo<\/b> y <b>Lenny<\/b>. <b>Roger<\/b> ha manifestado p\u00fablicamente que la paternidad y el matrimonio enriquecieron su existencia. <b>Mirka y sus hijos<\/b> han estado presentes en momentos claves de su carrera, como en la <b>final de Wimbledon 2017<\/b>, cuando celebraron todos juntos en la cancha central.<\/p>\n<p class=\"paragraph\">Antes de quedar asociada al nombre de <b>Roger<\/b>, <b>Mirka Vavrinec<\/b> desarroll\u00f3 su camino en el <b>tenis profesional<\/b>, y lleg\u00f3 a representar a <b>Suiza<\/b> en los <b>Juegos Ol\u00edmpicos de S\u00eddney<\/b>. Sin embargo, una <b>lesi\u00f3n en el pie<\/b> puso fin a su trayectoria deportiva antes de tiempo. Ante el desaf\u00edo, opt\u00f3 por acompa\u00f1ar a <b>Roger<\/b>, combinando humanidad y experiencia como extenista.<\/p>\n<p><img alt=\" Mirka, madre de dos\" class=\"global-image\" decoding=\"async\" fetchpriority=\"low\" height=\"1079\" loading=\"lazy\" src=\"https:\/\/www.europesays.com\/es\/wp-content\/uploads\/2025\/10\/A2QQRVIA5JBVRDL6IO65ZNXPXM.jpg\" width=\"1920\"\/> Mirka, madre de dos pares de gemelos, es referente de fortaleza y discreci\u00f3n en el deporte y la cultura pop<br \/>\nAFP PHOTO \/ Adrian DENNIS <\/p>\n<p class=\"paragraph\">El respaldo inquebrantable de <b>Mirka<\/b> ha sido reconocido en distintas ocasiones por su esposo. Tras la victoria en el <b>Abierto de Australia en 2017<\/b>, <b>Federer<\/b> destac\u00f3 el rol protag\u00f3nico de su esposa en su carrera, recordando c\u00f3mo ella lo apoy\u00f3 desde sus inicios, \u201csin t\u00edtulos, y sigue aqu\u00ed 89 t\u00edtulos despu\u00e9s\u201d. Al anunciar su <b>retiro en septiembre de 2022<\/b>, <b>Roger<\/b> rememor\u00f3 el apoyo de <b>Mirka<\/b> durante m\u00e1s de dos d\u00e9cadas, recordando momentos como los viajes con el equipo o su presencia en partidos decisivos, incluso embarazada de ocho meses.<\/p>\n<p class=\"paragraph\">El compromiso solidario es otra faceta que define a la pareja. En <b>2020<\/b>, <b>el matrimonio don\u00f3 m\u00e1s de USD 1 mill\u00f3n<\/b> para familias suizas afectadas por la pandemia, reforzando su perfil filantr\u00f3pico. Desde la <b>Fundaci\u00f3n Roger Federer<\/b>, ambos canalizan recursos destinados a la <b>educaci\u00f3n en \u00c1frica<\/b>, con la intenci\u00f3n de que sus hijas contin\u00faen la labor solidaria. <b>Roger<\/b> afirm\u00f3 su deseo de mostrar a sus hijas la realidad de quienes m\u00e1s lo necesitan: \u201cDefinitivamente, quiero mostrarles que este mundo tambi\u00e9n existe. No hay otra opci\u00f3n para ellos porque estar\u00e9 viajando\u201d.<\/p>\n<p><img alt=\"Mirka y Roger Federer han\" class=\"global-image\" decoding=\"async\" fetchpriority=\"low\" height=\"2303\" loading=\"lazy\" src=\"https:\/\/www.europesays.com\/es\/wp-content\/uploads\/2025\/10\/ZRZI424B4WD2C36R4OP6EPF4GI.jpg\" width=\"3478\"\/>Mirka y Roger Federer han participado en eventos internacionales y promueven la educaci\u00f3n en \u00c1frica a trav\u00e9s de su fundaci\u00f3n<br \/>\nREUTERS\/Aude Guerrucci<\/p>\n<p class=\"paragraph\">La fortaleza del entorno familiar y la <b>humildad<\/b> han sido constantes en la vida de los <b>Federer<\/b>. \u00c9l resalta frecuentemente la importancia de no olvidar las ra\u00edces y cuidar de los seres queridos, valores que atribuye a la influencia de Mirka. <b>\u201cNunca olvides tus ra\u00edces, recuerda lo importante que es tu familia, tus amigos, y cu\u00eddalos. Quieres que ellos tambi\u00e9n te cuiden cuando no te vaya bien\u201d,<\/b> manifest\u00f3 <b>Federer<\/b>.<\/p>\n<p class=\"paragraph\">La vida familiar de los <b>Federer<\/b> tambi\u00e9n refleja sensibilidad social y cercan\u00eda con m\u00faltiples \u00e1mbitos. En <b>2022<\/b>, acogieron a una perrita llamada <b>Willow<\/b>, sumando alegr\u00eda al hogar. <b>Mirka y Roger<\/b> han participado en eventos internacionales, como la <b>Gala Met 2023<\/b>, donde \u00e9l fue copresidente y ella capt\u00f3 miradas con un singular vestido rosa con plumas. La pareja igualmente ha asistido a la <b>Semana de la Moda de Par\u00eds<\/b> y compartido el palco real en <b>Wimbledon<\/b> junto a <b>Kate Middleton<\/b>.<\/p>\n<p><img alt=\"El personaje de Zendaya en\" class=\"global-image\" decoding=\"async\" fetchpriority=\"low\" height=\"1877\" loading=\"lazy\" src=\"https:\/\/www.europesays.com\/es\/wp-content\/uploads\/2025\/10\/NNS6424JZZLIC6O2DJQLDCMDZM.jpg\" width=\"3000\"\/>El personaje de Zendaya en &#8216;Challengers&#8217; se inspir\u00f3 en la actitud de Mirka durante la final de Wimbledon 2019<br \/>\n(Metro Goldwyn Mayer Pictures v\u00eda AP)<\/p>\n<p class=\"paragraph\">La influencia de <b>Mirka Federer<\/b> sobrepasa los l\u00edmites del deporte. En <b>2024<\/b>, el guionista de la pel\u00edcula <b>\u201cChallengers\u201d<\/b>, <b>Justin Kuritzkes<\/b>, revel\u00f3 que el personaje de <b>Zendaya<\/b>, <b>Tashi<\/b>, se inspir\u00f3 en Mirka, especialmente por su actitud durante la <b>final de Wimbledon 2019<\/b> entre <b>Roger Federer<\/b> y <b>Novak Djokovic<\/b>. <b>Kuritzkes<\/b> describi\u00f3 c\u00f3mo la intensidad y el nerviosismo que transmit\u00eda <b>Mirka<\/b> en cada punto lo llevaron a reflexionar sobre las verdaderas fuentes de presi\u00f3n en la vida de quienes lo tienen todo.<\/p>\n<p><img alt=\"La historia de Mirka Federer\" class=\"global-image\" decoding=\"async\" fetchpriority=\"low\" height=\"1080\" loading=\"lazy\" src=\"https:\/\/www.europesays.com\/es\/wp-content\/uploads\/2025\/10\/DXCU7ESBFRCIVEDTDWGFF66CBE.jpg\" width=\"1920\"\/>La historia de Mirka Federer demuestra que el apoyo silencioso puede ser tan relevante como el \u00e9xito deportivo<\/p>\n<p class=\"paragraph\">La figura de <b>Mirka Federer<\/b> evidencia que, incluso rodeados de fama y \u00e9xito, existen <b>retos profundos que definen la vida personal y familiar<\/b>. Su fortaleza y discreci\u00f3n se han convertido en referentes, demostrando que el apoyo silencioso puede ser tan poderoso como el triunfo en la cancha. Mirka no solo representa la estabilidad en la vida de Roger Federer, sino que tambi\u00e9n ha dejado una huella innegable en la cultura popular y el compromiso social, inspirando historias m\u00e1s all\u00e1 de lo deportivo.<\/p>\n","protected":false},"excerpt":{"rendered":"Antes de quedar asociada al nombre de Roger, Mirka Vavrinec desarroll\u00f3 su camino en el tenis profesional, y&hellip;\n","protected":false},"author":2,"featured_media":153701,"comment_status":"","ping_status":"","sticky":false,"template":"","format":"standard","meta":{"footnotes":""},"categories":[274],"tags":[46291,9993,19121,168,25,24,6290,27211,3772,46292,23,3020,167,5916,327,326,31731],"class_list":{"0":"post-153700","1":"post","2":"type-post","3":"status-publish","4":"format-standard","5":"has-post-thumbnail","7":"category-tenis","8":"tag-46291","9":"tag-colour-image","10":"tag-couple","11":"tag-deportes","12":"tag-es","13":"tag-espana","14":"tag-female","15":"tag-half-length","16":"tag-male","17":"tag-mirka-vavrinec","18":"tag-spain","19":"tag-sport","20":"tag-sports","21":"tag-swiss","22":"tag-tenis","23":"tag-tennis","24":"tag-tennis-player"},"share_on_mastodon":{"url":"","error":""},"_links":{"self":[{"href":"https:\/\/www.europesays.com\/es\/wp-json\/wp\/v2\/posts\/153700","targetHints":{"allow":["GET"]}}],"collection":[{"href":"https:\/\/www.europesays.com\/es\/wp-json\/wp\/v2\/posts"}],"about":[{"href":"https:\/\/www.europesays.com\/es\/wp-json\/wp\/v2\/types\/post"}],"author":[{"embeddable":true,"href":"https:\/\/www.europesays.com\/es\/wp-json\/wp\/v2\/users\/2"}],"replies":[{"embeddable":true,"href":"https:\/\/www.europesays.com\/es\/wp-json\/wp\/v2\/comments?post=153700"}],"version-history":[{"count":0,"href":"https:\/\/www.europesays.com\/es\/wp-json\/wp\/v2\/posts\/153700\/revisions"}],"wp:featuredmedia":[{"embeddable":true,"href":"https:\/\/www.europesays.com\/es\/wp-json\/wp\/v2\/media\/153701"}],"wp:attachment":[{"href":"https:\/\/www.europesays.com\/es\/wp-json\/wp\/v2\/media?parent=153700"}],"wp:term":[{"taxonomy":"category","embeddable":true,"href":"https:\/\/www.europesays.com\/es\/wp-json\/wp\/v2\/categories?post=153700"},{"taxonomy":"post_tag","embeddable":true,"href":"https:\/\/www.europesays.com\/es\/wp-json\/wp\/v2\/tags?post=153700"}],"curies":[{"name":"wp","href":"https:\/\/api.w.org\/{rel}","templated":true}]}}