{"id":153702,"date":"2025-10-02T23:05:11","date_gmt":"2025-10-02T23:05:11","guid":{"rendered":"https:\/\/www.europesays.com\/es\/153702\/"},"modified":"2025-10-02T23:05:11","modified_gmt":"2025-10-02T23:05:11","slug":"evenepoel-se-divierte-en-solitario-2","status":"publish","type":"post","link":"https:\/\/www.europesays.com\/es\/153702\/","title":{"rendered":"Evenepoel se divierte en solitario"},"content":{"rendered":"<p>Remco Evenepoel no necesita rivales a su alrededor para divertirse. Le basta con tomar la bici de crono, el casco aerodin\u00e1mico y volar en solitario  &#8230; en busca de un nuevo \u00e9xito. El belga se ha vuelto un coleccionista de maillots y ya encadena tres esta temporada -el belga, el arco\u00edris y el europeo, conquistado este mi\u00e9rcoles en la regi\u00f3n de Drome-Ardeches francesa-. Tras el disgusto que se llev\u00f3 tras caer en la <a href=\"https:\/\/www.lasprovincias.es\/deportes\/ciclismo\/pogacar-reedita-victoria-mundial-ruta-aplastamiento-20250928164355-ntrc.html\" data-voc-vtm-id=\"in-text-traffic\" title=\"prueba en ruta\" rel=\"nofollow noopener\" target=\"_blank\">prueba en ruta<\/a> del Mundial de Kigali (Ruanda), Evenepoel volvi\u00f3 a su versi\u00f3n m\u00e1s autoritaria, la que ejerce contra el crono, y, una vez m\u00e1s en los \u00faltimos tiempos, ha superado la oposici\u00f3n de un Filippo Ganna que se est\u00e1 acostumbrando a perder frente al ambicioso belga.<\/p>\n<p class=\"v-p\">Las diferencias en los 24 kil\u00f3metros con viento en contra fueron notables. 43 segundos frente a todo un especialista como el italiano y 1.08 sobre el sueco Niklas Larsen, que dej\u00f3 fuera del podio por dos segundos al brit\u00e1nico Tarling.<\/p>\n<p class=\"v-p\">El rendimiento de Evenepoel contra el crono est\u00e1 siendo espectacular. De hecho, si se excluye la cronoescalada del Tour a Peyragudes, donde fue d\u00e9cimo y al d\u00eda siguiente abandon\u00f3, no pierde desde el 21 de julio de 2024. Entonces fue tercero en la crono que cerraba aquella Grande Boucle en Niza, por detr\u00e1s de Pogacar y Vingegaard. Desde entonces ha ido encadenando victorias. Se coron\u00f3 campe\u00f3n ol\u00edmpico en Par\u00eds con 14 segundos de ventaja sobre Ganna y repiti\u00f3 \u00e9xito en el Mundial con seis sobre el italiano.<\/p>\n<p><a href=\"http:\/\/www.lasprovincias.es\/deportes\/ciclismo\/navarra-paula-ostiz-imparable-logra-oro-europeo-20251001171835-ntrc.html#vtm_modulosEngag=mod-rel:deportes:noticia:1:cmp:1-not\" class=\"v-a-link\" aria-label=\"Imagen\" rel=\"nofollow noopener\" target=\"_blank\"><\/p>\n<p><img decoding=\"async\" loading=\"lazy\" src=\"https:\/\/www.europesays.com\/es\/wp-content\/uploads\/2025\/10\/paula-ostiz-kesB--366x256@RC.jpg\" class=\"v-a-img\" width=\"258\" height=\"180\" alt=\"\" data-voc-vtm-id=\"in-text-traffic\"\/><\/p>\n<p><\/a><\/p>\n<p class=\"v-p\">Tras recuperarse del accidente que sufri\u00f3 en pretemporada, gan\u00f3 la crono del Tour de Romandia, en Suiza, por delante de Almeida, al que aventaj\u00f3 en 11 segundos sobre 17 kil\u00f3metros. Un mes despu\u00e9s tambi\u00e9n se impon\u00eda en la crono de la Dauphin\u00e9, sobre la misma distancia, superando en 20 segundos a Vingegaard. De camino al Tour, aprovechaba para ganar su primer maillot de la temporada, el belga, con 1:11 de diferencia sobre Vermeersch en 40&#8217;5 kil\u00f3metros. En la ronda gala gan\u00f3 la cita de Caen, 33 kil\u00f3metros planos donde sac\u00f3 16 segundos a Pogacar. Despu\u00e9s de penar en la subida a Peyragudes, volvi\u00f3 a montarse en la bici de crono en Ruanda, donde apabull\u00f3 llegando incluso a doblar a un Pogacar al que sac\u00f3 2 minutos y 27 segundos. Era el segundo maillot de 2025. Y el tercero lleg\u00f3 este mi\u00e9rcoles, en una crono de 24 kil\u00f3metros que domin\u00f3 a su antojo, sin dar opci\u00f3n a Ganna a pensar en la victoria.<\/p>\n","protected":false},"excerpt":{"rendered":"Remco Evenepoel no necesita rivales a su alrededor para divertirse. Le basta con tomar la bici de crono,&hellip;\n","protected":false},"author":2,"featured_media":153703,"comment_status":"","ping_status":"","sticky":false,"template":"","format":"standard","meta":{"footnotes":""},"categories":[273],"tags":[313,312,168,39184,25,24,2680,8155,23,167],"class_list":{"0":"post-153702","1":"post","2":"type-post","3":"status-publish","4":"format-standard","5":"has-post-thumbnail","7":"category-ciclismo","8":"tag-ciclismo","9":"tag-cycling","10":"tag-deportes","11":"tag-divierte","12":"tag-es","13":"tag-espana","14":"tag-evenepoel","15":"tag-solitario","16":"tag-spain","17":"tag-sports"},"share_on_mastodon":{"url":"","error":""},"_links":{"self":[{"href":"https:\/\/www.europesays.com\/es\/wp-json\/wp\/v2\/posts\/153702","targetHints":{"allow":["GET"]}}],"collection":[{"href":"https:\/\/www.europesays.com\/es\/wp-json\/wp\/v2\/posts"}],"about":[{"href":"https:\/\/www.europesays.com\/es\/wp-json\/wp\/v2\/types\/post"}],"author":[{"embeddable":true,"href":"https:\/\/www.europesays.com\/es\/wp-json\/wp\/v2\/users\/2"}],"replies":[{"embeddable":true,"href":"https:\/\/www.europesays.com\/es\/wp-json\/wp\/v2\/comments?post=153702"}],"version-history":[{"count":0,"href":"https:\/\/www.europesays.com\/es\/wp-json\/wp\/v2\/posts\/153702\/revisions"}],"wp:featuredmedia":[{"embeddable":true,"href":"https:\/\/www.europesays.com\/es\/wp-json\/wp\/v2\/media\/153703"}],"wp:attachment":[{"href":"https:\/\/www.europesays.com\/es\/wp-json\/wp\/v2\/media?parent=153702"}],"wp:term":[{"taxonomy":"category","embeddable":true,"href":"https:\/\/www.europesays.com\/es\/wp-json\/wp\/v2\/categories?post=153702"},{"taxonomy":"post_tag","embeddable":true,"href":"https:\/\/www.europesays.com\/es\/wp-json\/wp\/v2\/tags?post=153702"}],"curies":[{"name":"wp","href":"https:\/\/api.w.org\/{rel}","templated":true}]}}