{"id":153704,"date":"2025-10-02T23:06:19","date_gmt":"2025-10-02T23:06:19","guid":{"rendered":"https:\/\/www.europesays.com\/es\/153704\/"},"modified":"2025-10-02T23:06:19","modified_gmt":"2025-10-02T23:06:19","slug":"este-podria-ser-el-12-equipo-de-la-f1-con-un-historico-al-mando","status":"publish","type":"post","link":"https:\/\/www.europesays.com\/es\/153704\/","title":{"rendered":"Este podr\u00eda ser el 12\u00b0 equipo de la F1, con un hist\u00f3rico al mando"},"content":{"rendered":"<p>&#13;<br \/>\n                    &#13;<br \/>\n                        &#13;<br \/>\n&#13;<\/p>\n<p>El ex jefe de Red Bull busca un regreso con poder total de decisi\u00f3n y analiza opciones, incluida la creaci\u00f3n de un equipo desde cero.<\/p>\n<p>&#13;<br \/>\n<a onclick=\"vApp.ga4SelectContentEvent(&quot;Colapinto en el GP de Singapur en F1: horarios y cronograma completo&quot;, &quot;Automovilismo&quot;, &quot;Interlinking&quot;);\" href=\"https:\/\/www.tycsports.com\/automovilismo\/colapinto-en-el-gp-de-singapur-en-f1-horarios-y-cronograma-completo-id689621\" rel=\"nofollow noopener\" target=\"_blank\">&#13;<br \/>\n                    &#13;<br \/>\n                    &#13;<br \/>\n                    Colapinto en el GP de Singapur en F1: horarios y cronograma completo<\/a> <img decoding=\"async\" class=\"mainImg r16x9\" width=\"416\" height=\"234\" fetchpriority=\"high\" src=\"https:\/\/www.europesays.com\/es\/wp-content\/uploads\/2025\/10\/f1-2026_416x234.webp.webp\"  alt=\"F1 2026\" title=\"F1 2026\"\/> Un boceto de los nuevos F1 bajo el reglamento 2026. (r\/formula1 en Reddit)<\/p>\n<p>Luego de <a onclick=\"ga4SelectContentEvent(&quot;Christian Horner podr\\u00eda fundar una nueva escuder\\u00eda para volver a la F\\u00f3rmula 1&quot;, &quot;Automovilismo&quot;, &quot;Nota&quot;);\" href=\"https:\/\/www.tycsports.com\/automovilismo\/christian-horner-deja-oficialmente-red-bull-tras-veinte-anos-al-frente-del-equipo-id687672.html\" target=\"_blank\" rel=\"nofollow noopener\">su salida de Red Bull con un acuerdo cercano a los 100 millones de d\u00f3lares<\/a>, <b>Christian Horner baraja distintas alternativas para regresar a la F\u00f3rmula 1<\/b>, y entre ellas aparece una posibilidad que sorprende: <b>fundar su propia escuder\u00eda <\/b>como duod\u00e9cimo equipo del campeonato, seg\u00fan el sitio especializado The Race.<\/p>\n<p>&#13;<\/p>\n<p>        El brit\u00e1nico <b>tiene v\u00eda libre para volver al paddock en la primera mitad de 2026<\/b>, seg\u00fan lo acordado en su desvinculaci\u00f3n con la marca de bebidas energ\u00e9ticas. Esa cl\u00e1usula, que aceler\u00f3 el pago de su indemnizaci\u00f3n, es una se\u00f1al clara de que <b>su retorno al Gran Circo es solo cuesti\u00f3n de tiempo.<\/b><\/p>\n<p><b>Entre sus prioridades figura mantener el control total del proyecto<\/b>, como lo hizo en Red Bull, donde adem\u00e1s de liderar el equipo de F1, manejaba el \u00e1rea de motores, el marketing y el desarrollo tecnol\u00f3gico. Por eso mismo, no considera puestos donde deba rendir cuentas a superiores, como le ofrecieron previamente en Ferrari.<\/p>\n<p><b>Horner tambi\u00e9n estar\u00eda buscando participaci\u00f3n accionaria en su pr\u00f3xima aventura<\/b>, algo que no ten\u00eda en su anterior rol. Varios inversores estar\u00edan dispuestos a respaldarlo financieramente, lo que abrir\u00eda la puerta tanto a comprar parte de un equipo existente como a iniciar uno nuevo desde cero.<\/p>\n<p><img decoding=\"async\" class=\"mainImg r16x9\" width=\"416\" height=\"234\" fetchpriority=\"low\" loading=\"lazy\" src=\"https:\/\/www.europesays.com\/es\/wp-content\/uploads\/2025\/10\/christian-horner-_416x234.webp.webp\"  alt=\"Christian Horner \" title=\"Christian Horner \"\/> Christian Horner llevaba dos d\u00e9cadas en Red Bull. (Mark Thompson\/Getty Images)<\/p>\n<p><b>Alpine y Aston Martin aparecen como opciones atractivas para su perfil, ya que podr\u00edan ofrecerle el nivel de autoridad que pretende<\/b>. En el caso del equipo franc\u00e9s, su v\u00ednculo con Flavio Briatore facilitar\u00eda un eventual ingreso con rol destacado. En tanto, en la estructura que lidera Lawrence Stroll, una reconfiguraci\u00f3n no ser\u00eda impensada, incluso con Adrian Newey en el staff t\u00e9cnico, con quien Horner recompuso su relaci\u00f3n.<\/p>\n<p><b>La posibilidad de crear un equipo completamente nuevo tambi\u00e9n est\u00e1 sobre la mesa<\/b>. Con Cadillac ingresando en 2026, quedar\u00eda un lugar disponible para alcanzar el l\u00edmite reglamentario de 12 escuder\u00edas. Aunque <b>el proceso demandar\u00eda varios a\u00f1os \u2014probablemente no antes de 2028\u2014 y cientos de millones de d\u00f3lares<\/b>, Horner contar\u00eda con los contactos y el respaldo necesarios para afrontar ese desaf\u00edo.<\/p>\n<p>Ya habr\u00eda habido charlas iniciales con potenciales socios, pero <b>el principal obst\u00e1culo no ser\u00eda econ\u00f3mico sino pol\u00edtico<\/b>: lograr que Liberty Media, la FIA y los equipos actuales aprueben el ingreso. El antecedente del proyecto Andretti, que fue rechazado pese a tener el aval t\u00e9cnico del organismo rector, es una advertencia sobre lo complejo del camino.<\/p>\n<p>Por el momento, Horner no ha tomado una decisi\u00f3n definitiva, pero su determinaci\u00f3n por volver a lo m\u00e1s alto de la F1 est\u00e1 intacta. Y todo indica que, cualquiera sea la v\u00eda, su regreso ser\u00e1 con un rol central y con plena influencia en el rumbo del equipo.<\/p>\n<p>        <img decoding=\"async\" loading=\"lazy\" src=\"https:\/\/www.europesays.com\/es\/wp-content\/uploads\/2025\/07\/automovilismo.png\" width=\"50\" heigth=\"50\" alt=\"Logo de Automovilismo\"\/><\/p>\n<p class=\"subs-tag\">&#13;<br \/>\n            &#13;<br \/>\n            &#13;<br \/>\n            &#13;<br \/>\n            &#13;<br \/>\n            &#13;<br \/>\n         No te pierdas nada<\/p>\n<p>        &#13;<br \/>\n            Recib\u00ed las \u00faltimas noticias de Automovilismo \u00a1y m\u00e1s!    &#13;<br \/>\n    &#13;<\/p>\n<p>&#13;<br \/>\n    &#13;<br \/>\n       &#13;<br \/>\n&#13;<br \/>\n        Te puede interesar<a href=\"https:\/\/www.tycsports.com\/automovilismo\/f1-calor-extremo-gp-de-singapur-franco-colapinto-chaleco-refrigerante-id689962.html\" onclick=\"ga4SelectContentEvent(&quot;Se activ\\u00f3 un protocolo por \\&quot;calor extremo\\&quot; en Singapur: c\\u00f3mo es el chaleco que podr\\u00e1 usar Colapinto&quot;,&quot;Automovilismo&quot;,&quot;page_nota-comun-2024-blo_4109&quot;,&quot;Fernando Bajo &quot;);\" class=\"cardImageHolder\" rel=\"nofollow noopener\" target=\"_blank\"><img decoding=\"async\" class=\"cardImage r16x9\" width=\"416\" height=\"234\" fetchpriority=\"low\" loading=\"lazy\" src=\"https:\/\/www.europesays.com\/es\/wp-content\/uploads\/2025\/10\/calor-extremo-f1_416x234.webp\"  alt=\"Se activ\u00f3 un protocolo por &quot;calor extremo&quot; en Singapur: c\u00f3mo es el chaleco que podr\u00e1 usar Colapinto\" title=\"Se activ\u00f3 un protocolo por &quot;calor extremo&quot; en Singapur: c\u00f3mo es el chaleco que podr\u00e1 usar Colapinto\"\/><\/a><a href=\"https:\/\/www.tycsports.com\/automovilismo\/f1-los-horarios-y-el-cronograma-del-gp-de-singapur-id689755.html\" onclick=\"ga4SelectContentEvent(&quot;Singapur espera: el cronograma del pr\\u00f3ximo GP de la F\\u00f3rmula 1&quot;,&quot;Automovilismo&quot;,&quot;page_nota-comun-2024-blo_4109&quot;,&quot;Mat\\u00edas Morales&quot;);\" class=\"cardImageHolder\" rel=\"nofollow noopener\" target=\"_blank\"><img decoding=\"async\" class=\"cardImage r16x9\" width=\"416\" height=\"234\" fetchpriority=\"low\" loading=\"lazy\" src=\"https:\/\/www.europesays.com\/es\/wp-content\/uploads\/2025\/10\/f1_416x234.webp.webp\"  alt=\"Singapur espera: el cronograma del pr\u00f3ximo GP de la F\u00f3rmula 1\" title=\"Singapur espera: el cronograma del pr\u00f3ximo GP de la F\u00f3rmula 1\"\/><\/a><a href=\"https:\/\/www.tycsports.com\/automovilismo\/franco-colapinto-piloto-alpine-preparacion-gran-premio-singapur-formula-1-f1-automovilismo-id689823.html\" onclick=\"ga4SelectContentEvent(&quot;Colapinto, sincero acerca del GP de Singapur: \\u201cEs de las carreras m\\u00e1s duras\\u201d&quot;,&quot;Automovilismo&quot;,&quot;page_nota-comun-2024-blo_4109&quot;,&quot;Mat\\u00edas Besana&quot;);\" class=\"cardImageHolder\" rel=\"nofollow noopener\" target=\"_blank\">&#13;<br \/>\n                    &#13;<br \/>\n                    &#13;<br \/>\n                <img decoding=\"async\" class=\"cardImage r16x9\" width=\"416\" height=\"234\" fetchpriority=\"low\" loading=\"lazy\" src=\"https:\/\/www.europesays.com\/es\/wp-content\/uploads\/2025\/10\/franco-colapinto-corredor-de-alpine_416x234.webp\"  alt=\"Colapinto, sincero acerca del GP de Singapur: \u201cEs de las carreras m\u00e1s duras\u201d\" title=\"Colapinto, sincero acerca del GP de Singapur: \u201cEs de las carreras m\u00e1s duras\u201d\"\/><\/a><a href=\"https:\/\/www.tycsports.com\/automovilismo\/gp-singapur-clima-preocupacion-colapinto--id689753.html\" onclick=\"ga4SelectContentEvent(&quot;Atento, Colapinto: preocupaci\\u00f3n por el clima para el GP de Singapur&quot;,&quot;Automovilismo&quot;,&quot;page_nota-comun-2024-blo_4109&quot;,&quot;Lautaro Mourin&quot;);\" class=\"cardImageHolder\" rel=\"nofollow noopener\" target=\"_blank\">&#13;<br \/>\n                    &#13;<br \/>\n                    &#13;<br \/>\n                <img decoding=\"async\" class=\"cardImage r16x9\" width=\"416\" height=\"234\" fetchpriority=\"low\" loading=\"lazy\" src=\"https:\/\/www.europesays.com\/es\/wp-content\/uploads\/2025\/10\/gp-de-singapur-2025_416x234.webp\"  alt=\"Atento, Colapinto: preocupaci\u00f3n por el clima para el GP de Singapur\" title=\"Atento, Colapinto: preocupaci\u00f3n por el clima para el GP de Singapur\"\/><\/a><a href=\"https:\/\/www.tycsports.com\/automovilismo\/quien-es-laura-villars-la-joven-piloto-que-desafia-al-poder-y-quiere-ser-presidenta-de-la-fia-id689686.html\" onclick=\"ga4SelectContentEvent(&quot;Qui\\u00e9n es Laura Villars, la joven piloto que desaf\\u00eda al poder y quiere ser presidenta de la FIA&quot;,&quot;Automovilismo&quot;,&quot;page_nota-comun-2024-blo_4109&quot;,&quot;Thiago Cammarota&quot;);\" class=\"cardImageHolder\" rel=\"nofollow noopener\" target=\"_blank\"><img decoding=\"async\" class=\"cardImage r16x9\" width=\"416\" height=\"234\" fetchpriority=\"low\" loading=\"lazy\" src=\"https:\/\/www.europesays.com\/es\/wp-content\/uploads\/2025\/10\/laura_416x234.webp\"  alt=\"Qui\u00e9n es Laura Villars, la joven piloto que desaf\u00eda al poder y quiere ser presidenta de la FIA\" title=\"Qui\u00e9n es Laura Villars, la joven piloto que desaf\u00eda al poder y quiere ser presidenta de la FIA\"\/><\/a><a href=\"https:\/\/www.tycsports.com\/automovilismo\/curioso-posteo-alpine-franco-colapinto-gran-premio-singapur-formula-1-id689662.html\" onclick=\"ga4SelectContentEvent(&quot;El curioso posteo de Alpine con Colapinto sobre el Gran Premio de Singapur&quot;,&quot;Automovilismo&quot;,&quot;page_nota-comun-2024-blo_4109&quot;,&quot;Federico Zbogar&quot;);\" class=\"cardImageHolder\" rel=\"nofollow noopener\" target=\"_blank\"><img decoding=\"async\" class=\"cardImage r16x9\" width=\"416\" height=\"234\" fetchpriority=\"low\" loading=\"lazy\" src=\"https:\/\/www.europesays.com\/es\/wp-content\/uploads\/2025\/09\/1758845294_420_franco-colapinto_416x234.webp\"  alt=\"El curioso posteo de Alpine con Colapinto sobre el Gran Premio de Singapur\" title=\"El curioso posteo de Alpine con Colapinto sobre el Gran Premio de Singapur\"\/><\/a>&#13;<br \/>\n&#13;<br \/>\n    &#13;<br \/>\n&#13;<br \/>\n&#13;<br \/>\n                  &#13;<\/p>\n","protected":false},"excerpt":{"rendered":"&#13; &#13; &#13; &#13; El ex jefe de Red Bull busca un regreso con poder total de decisi\u00f3n&hellip;\n","protected":false},"author":2,"featured_media":153705,"comment_status":"","ping_status":"","sticky":false,"template":"","format":"standard","meta":{"footnotes":""},"categories":[270],"tags":[1763,168,25,24,306,271,272,23,167],"class_list":{"0":"post-153704","1":"post","2":"type-post","3":"status-publish","4":"format-standard","5":"has-post-thumbnail","7":"category-formula-1","8":"tag-automovilismo","9":"tag-deportes","10":"tag-es","11":"tag-espana","12":"tag-f1","13":"tag-formula-1","14":"tag-formula1","15":"tag-spain","16":"tag-sports"},"share_on_mastodon":{"url":"","error":""},"_links":{"self":[{"href":"https:\/\/www.europesays.com\/es\/wp-json\/wp\/v2\/posts\/153704","targetHints":{"allow":["GET"]}}],"collection":[{"href":"https:\/\/www.europesays.com\/es\/wp-json\/wp\/v2\/posts"}],"about":[{"href":"https:\/\/www.europesays.com\/es\/wp-json\/wp\/v2\/types\/post"}],"author":[{"embeddable":true,"href":"https:\/\/www.europesays.com\/es\/wp-json\/wp\/v2\/users\/2"}],"replies":[{"embeddable":true,"href":"https:\/\/www.europesays.com\/es\/wp-json\/wp\/v2\/comments?post=153704"}],"version-history":[{"count":0,"href":"https:\/\/www.europesays.com\/es\/wp-json\/wp\/v2\/posts\/153704\/revisions"}],"wp:featuredmedia":[{"embeddable":true,"href":"https:\/\/www.europesays.com\/es\/wp-json\/wp\/v2\/media\/153705"}],"wp:attachment":[{"href":"https:\/\/www.europesays.com\/es\/wp-json\/wp\/v2\/media?parent=153704"}],"wp:term":[{"taxonomy":"category","embeddable":true,"href":"https:\/\/www.europesays.com\/es\/wp-json\/wp\/v2\/categories?post=153704"},{"taxonomy":"post_tag","embeddable":true,"href":"https:\/\/www.europesays.com\/es\/wp-json\/wp\/v2\/tags?post=153704"}],"curies":[{"name":"wp","href":"https:\/\/api.w.org\/{rel}","templated":true}]}}