{"id":153708,"date":"2025-10-02T23:08:10","date_gmt":"2025-10-02T23:08:10","guid":{"rendered":"https:\/\/www.europesays.com\/es\/153708\/"},"modified":"2025-10-02T23:08:10","modified_gmt":"2025-10-02T23:08:10","slug":"etta-eyong-incluido-en-la-prelista-de-camerun","status":"publish","type":"post","link":"https:\/\/www.europesays.com\/es\/153708\/","title":{"rendered":"Etta Eyong incluido en la prelista de Camer\u00fan"},"content":{"rendered":"<p data-mrf-recirculation=\"Links P\u00e1rrafos\" class=\"ue-c-article__paragraph paragraph ue-c-article--first-letter-highlighted\">Era cuesti\u00f3n de tiempo. Su rendimiento durante este inicio de temporada da m\u00e1s que cr\u00e9dito para que <strong>Etta Eyong<\/strong>, tarde o temprano, sea<strong> internacional con<\/strong> la selecci\u00f3n de su pa\u00eds natal, <strong>Camer\u00fan<\/strong>.<\/p>\n<p data-mrf-recirculation=\"Links P\u00e1rrafos\" class=\"ue-c-article__paragraph paragraph\">Con apenas 21 a\u00f1os, su olfato goleador y su visi\u00f3n de juego han hecho que<strong> los focos est\u00e9n puesto m\u00e1s que nunca<\/strong><strong>en el estadio de Orriols <\/strong>por parte de los hombres dirigidos por <strong>Samuel Eto&#8217;o<\/strong> para ojearle y proponer darle un sitio de la convocatoria final para disputar la <strong>Copa \u00c1frica<\/strong> que se jugar\u00e1 entre los pr\u00f3ximos meses de diciembre y enero.<\/p>\n<p><img decoding=\"async\" width=\"1024\" height=\"682\" class=\"ue-c-article__image lazyload\" alt=\"El delantero camerun\u00e9s del Levante Etta Eyong durante el partido de la jornada 7 de LaLiga EA Sports que disputan Getafe y Levante este s\u00e1bado en el estadio Coliseum. EFE\/ Rodrigo Jim\u00e9nez\" loading=\"lazy\" src=\"https:\/\/www.europesays.com\/es\/wp-content\/uploads\/2025\/10\/68dea3d96da69.jpeg\"\/><\/p>\n<p>El delantero camerun\u00e9s del Levante Etta Eyong durante el partido de la jornada 7 de LaLiga EA Sports que disputan Getafe y Levante este s\u00e1bado en el estadio Coliseum. EFE\/ Rodrigo Jim\u00e9nez<\/p>\n<p data-mrf-recirculation=\"Links P\u00e1rrafos\" class=\"ue-c-article__paragraph paragraph\">A d\u00eda de hoy, con su selecci\u00f3n ya clasificada para la cita continental de final de este a\u00f1o, el delantero granota est\u00e1 incluido en la<strong> pre-convocatoria de Camer\u00fan<\/strong> para sus dos partidos de la pr\u00f3xima semana, <strong>Islas Mauricio<\/strong> (8 de octubre) y <strong>Angola\u00a0<\/strong>(13 de octubre), ambos envites de fase de acceso al <strong>Mundial de 2026<\/strong>, seg\u00fan ha apuntado Deportes COPE Valencia.<\/p>\n<p>Copa \u00c1frica, un \u00abenemigo\u00bb para el Levante<\/p>\n<p data-mrf-recirculation=\"Links P\u00e1rrafos\" class=\"ue-c-article__paragraph paragraph\">La posible convocatoria de <strong>Etta Eyong<\/strong> para los encuentros previos a la cita definitiva de los meses de diciembre y enero pueden suponer una gran alegr\u00eda, en forma de escaparate para el jugador de cara al futuro, y de manera paralela, un gran problema para el equipo y sobre todo, para <strong>Juli\u00e1n Calero<\/strong>.<\/p>\n<p data-mrf-recirculation=\"Links P\u00e1rrafos\" class=\"ue-c-article__paragraph paragraph\">Ante la posibilidad de una convocatoria final para la <strong>Copa \u00c1frica<\/strong>, el atacante <strong>se perder\u00eda <\/strong>el envite que cerrar\u00eda el calendario en este 2025, el fin de semana del 20 o 21 de diciembre ante la Real Sociedad en el Ciutat de Valencia, y la posibilidad de estar ausente, en caso de continuar en la cita internacional, ante el <strong>Sevilla <\/strong>(4 de enero), <strong>Espanyol <\/strong>(11 de enero) y <strong>Real Madrid <\/strong>(18 de enero) .<\/p>\n","protected":false},"excerpt":{"rendered":"Era cuesti\u00f3n de tiempo. Su rendimiento durante este inicio de temporada da m\u00e1s que cr\u00e9dito para que Etta&hellip;\n","protected":false},"author":2,"featured_media":153709,"comment_status":"","ping_status":"","sticky":false,"template":"","format":"standard","meta":{"footnotes":""},"categories":[268],"tags":[168,25,24,280,282,281,23,167],"class_list":{"0":"post-153708","1":"post","2":"type-post","3":"status-publish","4":"format-standard","5":"has-post-thumbnail","7":"category-futbol","8":"tag-deportes","9":"tag-es","10":"tag-espana","11":"tag-football","12":"tag-futbol","13":"tag-soccer","14":"tag-spain","15":"tag-sports"},"share_on_mastodon":{"url":"","error":""},"_links":{"self":[{"href":"https:\/\/www.europesays.com\/es\/wp-json\/wp\/v2\/posts\/153708","targetHints":{"allow":["GET"]}}],"collection":[{"href":"https:\/\/www.europesays.com\/es\/wp-json\/wp\/v2\/posts"}],"about":[{"href":"https:\/\/www.europesays.com\/es\/wp-json\/wp\/v2\/types\/post"}],"author":[{"embeddable":true,"href":"https:\/\/www.europesays.com\/es\/wp-json\/wp\/v2\/users\/2"}],"replies":[{"embeddable":true,"href":"https:\/\/www.europesays.com\/es\/wp-json\/wp\/v2\/comments?post=153708"}],"version-history":[{"count":0,"href":"https:\/\/www.europesays.com\/es\/wp-json\/wp\/v2\/posts\/153708\/revisions"}],"wp:featuredmedia":[{"embeddable":true,"href":"https:\/\/www.europesays.com\/es\/wp-json\/wp\/v2\/media\/153709"}],"wp:attachment":[{"href":"https:\/\/www.europesays.com\/es\/wp-json\/wp\/v2\/media?parent=153708"}],"wp:term":[{"taxonomy":"category","embeddable":true,"href":"https:\/\/www.europesays.com\/es\/wp-json\/wp\/v2\/categories?post=153708"},{"taxonomy":"post_tag","embeddable":true,"href":"https:\/\/www.europesays.com\/es\/wp-json\/wp\/v2\/tags?post=153708"}],"curies":[{"name":"wp","href":"https:\/\/api.w.org\/{rel}","templated":true}]}}