{"id":153710,"date":"2025-10-02T23:09:09","date_gmt":"2025-10-02T23:09:09","guid":{"rendered":"https:\/\/www.europesays.com\/es\/153710\/"},"modified":"2025-10-02T23:09:09","modified_gmt":"2025-10-02T23:09:09","slug":"por-que-ella-y-yo-no","status":"publish","type":"post","link":"https:\/\/www.europesays.com\/es\/153710\/","title":{"rendered":"\u00ab\u00bfPor qu\u00e9 ella y yo no?\u00bb"},"content":{"rendered":"<p>02\/10\/2025<br \/>\n<br \/><strong><br \/>\nActualizado 03\/10\/2025 a las 00:49h.<br \/>\n<\/strong><\/p>\n<p class=\"voc-p\" style=\"\"><strong>Luc\u00eda<\/strong>, la mayor de las tres <strong>hermanas Pombo<\/strong>, ha desmentido los rumores de embarazo. Despu\u00e9s de publicar una imagen de un colgante en el que aparece un patito grande con otro m\u00e1s peque\u00f1o, las redes sociales estallaron con las especulaciones. Sin embargo, detr\u00e1s de esa imagen se esconde una historia <strong>mucho m\u00e1s dolorosa<\/strong> de lo que pueda parecer. <\/p>\n<p class=\"voc-p\" style=\"\">\u00abEquipo, no estoy embarazada, <strong>ojal\u00e1 lo estuviera<\/strong>, pero no lo estoy\u00bb, ha compartido con franqueza. Un mensaje que ha calado fuerte en sus m\u00e1s de 673.000 seguidores y que habla de un tema todav\u00eda tab\u00fa en la sociedad espa\u00f1ola: cuando concebir no es tan f\u00e1cil como se pensaba. \u00abHe de reconocer que me est\u00e1 costando\u00bb, ha admitido <a href=\"https:\/\/www.abc.es\/gente\/lucia-pombo-disfruta-fin-semana-tranquilo-rodeada-20250406123621-vi.html\" target=\"_self\" data-voc-vtm-id=\"in-text-traffic\" title=\"Luc\u00eda, que tiene 35 a\u00f1os\" data-mrf-link=\"www.abc.es\" rel=\"nofollow noopener\">Luc\u00eda, que tiene 35 a\u00f1os<\/a> y se cas\u00f3 en 2022 con \u00c1lvaro L\u00f3pez Huerta. <\/p>\n<p class=\"voc-p\" style=\"\">La maternidad es precisamente un tema del que ha hablado con sus hermanas, que dice que <strong>le est\u00e1n ayudando \u00abmuch\u00edsimo\u00bb<\/strong>. \u00abHoy he ido al ginec\u00f3logo y el 100% de las personas que veo en mi vida est\u00e1n embarazadas. Y las ve\u00eda y, es lo que le contaba a Mar\u00eda, que me alegraba much\u00edsimo pero la realidad es que en el fondo sent\u00eda un <strong>&#8216;\u00bfPor qu\u00e9 ella y yo no?&#8217;<\/strong>\u00bb, ha confesado en el v\u00eddeo que ha compartido. Una dif\u00edcil admisi\u00f3n que habla de la frustraci\u00f3n y el dolor que siente.<\/p>\n<p class=\"voc-p\" style=\"\">\u00abNo era consciente de que este proceso pod\u00eda doler tanto\u00bb, ha confesado tambi\u00e9n. Fue en 2019 cuando Marta y Luc\u00eda Pombo admitieron que ten\u00edan endometriosis, una enfermedad cr\u00f3nica en la que se genera tejido similar al endometrio fuera del \u00fatero. Y aunque la hermana mediana de las tres &#8216;influencers&#8217; ha sido madre ya en tres ocasiones, a la mayor le est\u00e1 costando m\u00e1s. El pasado verano, mientras estaban de vacaciones en Santander, Luc\u00eda desvelaba que hab\u00eda ido al ginec\u00f3logo tras sentir molestias en <a href=\"https:\/\/www.abc.es\/gente\/lucia-pombo-recibe-malas-noticias-vacaciones-familiares-20240809135812-nt.html\" target=\"_self\" data-voc-vtm-id=\"in-text-traffic\" title=\"un lado del cuerpo\" data-mrf-link=\"www.abc.es\" rel=\"nofollow noopener\">un lado del cuerpo<\/a>, el mismo lado en el que tiene un endometrioma, es decir, un bulso resultado de la enfermedad. Ten\u00eda un bulto adherido al intestino que los m\u00e9dicos iban a \u00abvigilar\u00bb.<\/p>\n<p class=\"voc-p\" style=\"\">Luc\u00eda Pombo ha admitido en varias ocasiones que siente la presi\u00f3n por ser madre ya que es la mayor de las tres hermanas y la \u00fanica que no ha tenido hijos. \u00abAhora que lo quiero empezar a buscar es un poco estresante que est\u00e9n <a href=\"https:\/\/www.abc.es\/gente\/lucia-pombo-aborda-sinceridad-nunca-tema-maternidad-20240616192706-vi.html\" target=\"_self\" data-voc-vtm-id=\"in-text-traffic\" title=\"todo el d\u00eda pregunt\u00e1ndotelo\" data-mrf-link=\"www.abc.es\" rel=\"nofollow noopener\">todo el d\u00eda pregunt\u00e1ndotelo<\/a>\u00bb, contaba. Sin embargo, ahora dice que sus sentimientos han cambiado: \u00abMe pod\u00e9is embarazar las veces que quer\u00e1is y pod\u00e9is seguir pregunt\u00e1ndome. No es una cosa que me afecta. Hay muchas mujeres a las que s\u00ed y es mejor no preguntar, pero yo lo llevo bien\u00bb.<\/p>\n<p>Reportar un error<\/p>\n","protected":false},"excerpt":{"rendered":"02\/10\/2025 Actualizado 03\/10\/2025 a las 00:49h. Luc\u00eda, la mayor de las tres hermanas Pombo, ha desmentido los rumores&hellip;\n","protected":false},"author":2,"featured_media":153711,"comment_status":"","ping_status":"","sticky":false,"template":"","format":"standard","meta":{"footnotes":""},"categories":[174],"tags":[6818,255,9536,36242,146,147,25,24,256,14231,10595,9181,23],"class_list":{"0":"post-153710","1":"post","2":"type-post","3":"status-publish","4":"format-standard","5":"has-post-thumbnail","7":"category-famosos","8":"tag-admite","9":"tag-celebrities","10":"tag-dificultades","11":"tag-embarazada","12":"tag-entertainment","13":"tag-entretenimiento","14":"tag-es","15":"tag-espana","16":"tag-famosos","17":"tag-lucia","18":"tag-pombo","19":"tag-quedarse","20":"tag-spain"},"share_on_mastodon":{"url":"","error":""},"_links":{"self":[{"href":"https:\/\/www.europesays.com\/es\/wp-json\/wp\/v2\/posts\/153710","targetHints":{"allow":["GET"]}}],"collection":[{"href":"https:\/\/www.europesays.com\/es\/wp-json\/wp\/v2\/posts"}],"about":[{"href":"https:\/\/www.europesays.com\/es\/wp-json\/wp\/v2\/types\/post"}],"author":[{"embeddable":true,"href":"https:\/\/www.europesays.com\/es\/wp-json\/wp\/v2\/users\/2"}],"replies":[{"embeddable":true,"href":"https:\/\/www.europesays.com\/es\/wp-json\/wp\/v2\/comments?post=153710"}],"version-history":[{"count":0,"href":"https:\/\/www.europesays.com\/es\/wp-json\/wp\/v2\/posts\/153710\/revisions"}],"wp:featuredmedia":[{"embeddable":true,"href":"https:\/\/www.europesays.com\/es\/wp-json\/wp\/v2\/media\/153711"}],"wp:attachment":[{"href":"https:\/\/www.europesays.com\/es\/wp-json\/wp\/v2\/media?parent=153710"}],"wp:term":[{"taxonomy":"category","embeddable":true,"href":"https:\/\/www.europesays.com\/es\/wp-json\/wp\/v2\/categories?post=153710"},{"taxonomy":"post_tag","embeddable":true,"href":"https:\/\/www.europesays.com\/es\/wp-json\/wp\/v2\/tags?post=153710"}],"curies":[{"name":"wp","href":"https:\/\/api.w.org\/{rel}","templated":true}]}}