{"id":153716,"date":"2025-10-02T23:13:13","date_gmt":"2025-10-02T23:13:13","guid":{"rendered":"https:\/\/www.europesays.com\/es\/153716\/"},"modified":"2025-10-02T23:13:13","modified_gmt":"2025-10-02T23:13:13","slug":"equipo-de-linkin-park-se-pronuncia-sobre-concierto-de-la-banda-en-vive-claro","status":"publish","type":"post","link":"https:\/\/www.europesays.com\/es\/153716\/","title":{"rendered":"Equipo de Linkin Park se pronuncia sobre concierto de la banda en Vive Claro"},"content":{"rendered":"<p>Los conciertos en el Vive Claro Distrito Cultural en los \u00faltimos d\u00edas han generado debate y preocupaci\u00f3n entre los fan\u00e1ticos que desean ver a artistas como Guns N&#8217; Roses, Imagine Dragons y Linkin Park, agrupaciones que se presentar\u00e1n durante el mes de octubre en ese escenario. Luego de la <a class=\"Link\" href=\"https:\/\/www.noticiascaracol.com\/economia\/abece-para-iniciar-proceso-de-devolucion-de-dinero-por-boletas-de-kendrick-lamar-en-bogota-rg10\" title=\"cancelaci\u00f3n del evento de Kendrick Lamar\" type=\"text\/html\" data-cms-ai=\"0\" rel=\"nofollow noopener\" target=\"_blank\">cancelaci\u00f3n del evento de Kendrick Lamar<\/a> muchos se preguntan qu\u00e9 pasar\u00e1 con los pr\u00f3ximos conciertos.<\/p>\n<p>S\u00edganos en nuestro <a class=\"Link\" href=\"https:\/\/whatsapp.com\/channel\/0029Va4PN8hFCCoO00odQi0v\" title=\"WhatsApp Channel\" target=\"_blank\" rel=\"nofollow noreferrer noopener\" type=\"text\/html\" data-cms-ai=\"0\">WhatsApp Channel<\/a>, para recibir las noticias de mayor inter\u00e9s<\/p>\n<p>Mientras se est\u00e1 a la espera de que se confirme la aprobaci\u00f3n de los <a class=\"Link\" href=\"https:\/\/www.noticiascaracol.com\/colombia\/bogota\/concierto-guns-n-roses-en-vive-claro-en-vilo-distrito-niega-en-primera-instancia-la-autorizacion-rg10\" title=\"permisos para el concierto de Guns N&#039; Roses\" type=\"text\/html\" data-cms-ai=\"0\" rel=\"nofollow noopener\" target=\"_blank\">permisos para el concierto de Guns N&#8217; Roses<\/a>, programado para el martes 7 de octubre, desde Linkin Park se envi\u00f3 un mensaje a sus fans colombianos, se\u00f1alando que saben lo que est\u00e1 pasando en Bogot\u00e1 y est\u00e1n atentos a lo que pueda suceder.<\/p>\n<p>\u00bfQu\u00e9 dicen desde Linkin Park sobre Vive Claro?<\/p>\n<p>Fue Adam Ruehmer, encargado de marketing de Linkin Park, quien a trav\u00e9s de X reaccion\u00f3 a lo que est\u00e1 pasando en Colombia con el escenario que los espera el pr\u00f3ximo 25 de octubre. \u00abPara quienes preguntan, definitivamente <b>estamos al tanto de la situaci\u00f3n del recinto en Bogot\u00e1<\/b>\u00ab, se\u00f1al\u00f3 el hombre.<\/p>\n<p>Agreg\u00f3 en su mensaje que \u00abno tengo actualizaciones ni informaci\u00f3n adicional, solo que <b>quienes deben estar al tanto lo saben\u00bb<\/b>.<\/p>\n<blockquote class=\"twitter-tweet\">\n<p lang=\"en\" dir=\"ltr\">To those asking, we are definitely aware of the situation with the venue in Bogota. I don&#8217;t have any updates or additional information, just that the people on our end who need to be aware of it are aware of it.<\/p>\n<p>\u2014 Adam Ruehmer (@heydudeimadam) <a href=\"https:\/\/twitter.com\/heydudeimadam\/status\/1973527862897709400?ref_src=twsrc%5Etfw\" data-cms-ai=\"0\" rel=\"nofollow noopener\" target=\"_blank\">October 1, 2025<\/a><\/p><\/blockquote>\n<p>Con este mensaje, Ruehmer tranquiliz\u00f3 un poco a los fan\u00e1ticos de Linkin Park que han empezado a preocuparse debido a la reciente cancelaci\u00f3n de Kendrick Lamar y la falta de permisos para el concierto de Guns N&#8217; Roses en Vive Claro. Muchos seguidores colombianos de la banda agradecieron su publicaci\u00f3n, se\u00f1alando que el saber que la banda est\u00e1 al tanto de la situaci\u00f3n les da seguridad de que se podr\u00e1 actuar m\u00e1s r\u00e1pido en caso de complicaciones y asegurar el segundo show de la banda en la ciudad.<\/p>\n<p>Linkin Park regresa a Colombia<\/p>\n<p>La banda se prepara para regresar a Colombia luego del \u00fanico concierto que dieron el a\u00f1o pasado en el sorpresivo regreso de la agrupaci\u00f3n tras la muerte de <a class=\"Link\" href=\"https:\/\/www.noticiascaracol.com\/entretenimiento\/quien-fue-chester-bennington-la-voz-que-marco-a-una-generacion-con-linkin-park-rg10\" title=\"Chester Bennington\" type=\"text\/html\" data-cms-ai=\"0\" rel=\"nofollow noopener\" target=\"_blank\">Chester Bennington<\/a>. Ahora Linkin Park regresar\u00e1 el 25 de octubre para presentar una gira enmarcada por su m\u00e1s reciente \u00e1lbum &#8216;From Zero&#8217;, con toda una nueva propuesta, pero manteniendo sus or\u00edgenes.<\/p>\n<p>Con &#8216;From Zero&#8217;, la nueva formaci\u00f3n con <a class=\"Link\" href=\"https:\/\/www.noticiascaracol.com\/entretenimiento\/linkin-park-esta-de-regreso-y-ella-es-emily-armstrong-su-nueva-vocalista-rg10\" title=\"Emily Armstrong\" target=\"_blank\" rel=\"nofollow noreferrer noopener\" type=\"text\/html\" data-cms-ai=\"0\">Emily Armstrong<\/a> como voz principal, junto a los miembros originales que han decidido seguir adelante: Mike Shinoda, Brad Delson, Dave \u201cPhoenix\u201d Farrell y Joe Hahnlos, Linkin Park busca construir algo nuevo sin olvidar el pasado. Canciones como &#8216;Up From The Bottom&#8217; o &#8216;Unshatter&#8217; se mezclan ya con cl\u00e1sicos.<\/p>\n<p><b>\u00abEstamos incre\u00edblemente agradecidos por la incre\u00edble recepci\u00f3n de From Zero<\/b>. Este nuevo cap\u00edtulo, nuestro continuo viaje y la conexi\u00f3n entre la banda y los fans han sido m\u00e1s de lo que podr\u00edamos haber esperado. Gracias por escucharnos\u00bb, expres\u00f3 Mike Shinoda.<\/p>\n<p>\u00bfHay permiso para realizar el concierto de Guns N&#8217; Roses en Bogot\u00e1?<\/p>\n<p>Desde Ocesa Colombia confirmaron a Noticias Caracol el 30 de septiembre que todav\u00eda faltan algunos permisos por parte del Idiger para llevar a cabo este concierto. Aclararon, de todas formas, que <b>\u00abtodos los documentos est\u00e1n radicados y los estamos esperando a ellos\u00bb<\/b>.<\/p>\n<p>\u00bfQu\u00e9 otros conciertos vienen en Vive Claro?<\/p>\n<p>Los pr\u00f3ximos conciertos en el Vive Claro Distrito Cultural son:<\/p>\n<p><a class=\"Link\" href=\"https:\/\/www.noticiascaracol.com\/autor\/maria-paula-gonzalez\" title=\"MAR\u00cdA PAULA GONZ\u00c1LEZ\" type=\"text\/html\" data-cms-ai=\"0\" rel=\"nofollow noopener\" target=\"_blank\">MAR\u00cdA PAULA GONZ\u00c1LEZ<\/a><br \/>PERIODISTA DIGITAL DE NOTICIAS CARACOL<\/p>\n<p><script async src=\"https:\/\/platform.twitter.com\/widgets.js\" charset=\"utf-8\"><\/script><\/p>\n","protected":false},"excerpt":{"rendered":"Los conciertos en el Vive Claro Distrito Cultural en los \u00faltimos d\u00edas han generado debate y preocupaci\u00f3n entre&hellip;\n","protected":false},"author":2,"featured_media":153717,"comment_status":"","ping_status":"","sticky":false,"template":"","format":"standard","meta":{"footnotes":""},"categories":[170],"tags":[146,147,25,24,184,185,23],"class_list":{"0":"post-153716","1":"post","2":"type-post","3":"status-publish","4":"format-standard","5":"has-post-thumbnail","7":"category-musica","8":"tag-entertainment","9":"tag-entretenimiento","10":"tag-es","11":"tag-espana","12":"tag-music","13":"tag-musica","14":"tag-spain"},"share_on_mastodon":{"url":"","error":""},"_links":{"self":[{"href":"https:\/\/www.europesays.com\/es\/wp-json\/wp\/v2\/posts\/153716","targetHints":{"allow":["GET"]}}],"collection":[{"href":"https:\/\/www.europesays.com\/es\/wp-json\/wp\/v2\/posts"}],"about":[{"href":"https:\/\/www.europesays.com\/es\/wp-json\/wp\/v2\/types\/post"}],"author":[{"embeddable":true,"href":"https:\/\/www.europesays.com\/es\/wp-json\/wp\/v2\/users\/2"}],"replies":[{"embeddable":true,"href":"https:\/\/www.europesays.com\/es\/wp-json\/wp\/v2\/comments?post=153716"}],"version-history":[{"count":0,"href":"https:\/\/www.europesays.com\/es\/wp-json\/wp\/v2\/posts\/153716\/revisions"}],"wp:featuredmedia":[{"embeddable":true,"href":"https:\/\/www.europesays.com\/es\/wp-json\/wp\/v2\/media\/153717"}],"wp:attachment":[{"href":"https:\/\/www.europesays.com\/es\/wp-json\/wp\/v2\/media?parent=153716"}],"wp:term":[{"taxonomy":"category","embeddable":true,"href":"https:\/\/www.europesays.com\/es\/wp-json\/wp\/v2\/categories?post=153716"},{"taxonomy":"post_tag","embeddable":true,"href":"https:\/\/www.europesays.com\/es\/wp-json\/wp\/v2\/tags?post=153716"}],"curies":[{"name":"wp","href":"https:\/\/api.w.org\/{rel}","templated":true}]}}