{"id":153720,"date":"2025-10-02T23:15:15","date_gmt":"2025-10-02T23:15:15","guid":{"rendered":"https:\/\/www.europesays.com\/es\/153720\/"},"modified":"2025-10-02T23:15:15","modified_gmt":"2025-10-02T23:15:15","slug":"once-del-rayo-ante-el-shkendija-para-la-1a-jornada-de-conference-league","status":"publish","type":"post","link":"https:\/\/www.europesays.com\/es\/153720\/","title":{"rendered":"Once del Rayo ante el Shk\u00ebndija para la 1\u00aa jornada de Conference League"},"content":{"rendered":"<p>El\u00a0<a href=\"https:\/\/unionrayo.com\/\" target=\"_blank\" rel=\"noopener nofollow\">Rayo Vallecano<\/a>\u00a0ha dado a conocer el\u00a0<strong>once<\/strong>\u00a0que presentar\u00e1\u00a0<strong>ante el KF Shk\u00ebndija,<\/strong> en el encuentro correspondiente a la 1\u00aa jornada de la fase liga de la <a href=\"https:\/\/es.uefa.com\/uefaconferenceleague\/\" target=\"_blank\" rel=\"nofollow noopener\">Conference<\/a>\u00a0el estadio de Vallecas.<\/p>\n<p>Once del Rayo Vallecano vs KF Shk\u00ebndija<\/p>\n<p>El once elegido por \u00cd\u00f1igo P\u00e9rez est\u00e1 formado por: <b>Batalla; \u2018Pacha\u2019 Espino, Lejeune, Vertrouwd, Balliu; Gumbau, Unai <\/b><strong>L\u00f3pez<\/strong><b>; Fran <\/b><strong>P\u00e9rez<\/strong><b>, Trejo, <\/b><strong>\u00c1lvaro<\/strong><b> Garc\u00eda; Camello<\/b><\/p>\n<p><b><img loading=\"lazy\" decoding=\"async\" src=\"https:\/\/www.europesays.com\/es\/wp-content\/uploads\/2025\/10\/img_1905.jpg\" class=\"size-full wp-image-377699\" width=\"1500\" height=\"1850\" alt=\"img 1905\" title=\"Once del Rayo ante el Shk\u00ebndija para la 1\u00aa jornada de Conference League 2\"  \/><\/b><\/p>\n<p>\u00a0<\/p>\n","protected":false},"excerpt":{"rendered":"El\u00a0Rayo Vallecano\u00a0ha dado a conocer el\u00a0once\u00a0que presentar\u00e1\u00a0ante el KF Shk\u00ebndija, en el encuentro correspondiente a la 1\u00aa jornada&hellip;\n","protected":false},"author":2,"featured_media":153721,"comment_status":"","ping_status":"","sticky":false,"template":"","format":"standard","meta":{"footnotes":""},"categories":[93],"tags":[168,25,24,23,167],"class_list":{"0":"post-153720","1":"post","2":"type-post","3":"status-publish","4":"format-standard","5":"has-post-thumbnail","7":"category-deportes","8":"tag-deportes","9":"tag-es","10":"tag-espana","11":"tag-spain","12":"tag-sports"},"share_on_mastodon":{"url":"","error":""},"_links":{"self":[{"href":"https:\/\/www.europesays.com\/es\/wp-json\/wp\/v2\/posts\/153720","targetHints":{"allow":["GET"]}}],"collection":[{"href":"https:\/\/www.europesays.com\/es\/wp-json\/wp\/v2\/posts"}],"about":[{"href":"https:\/\/www.europesays.com\/es\/wp-json\/wp\/v2\/types\/post"}],"author":[{"embeddable":true,"href":"https:\/\/www.europesays.com\/es\/wp-json\/wp\/v2\/users\/2"}],"replies":[{"embeddable":true,"href":"https:\/\/www.europesays.com\/es\/wp-json\/wp\/v2\/comments?post=153720"}],"version-history":[{"count":0,"href":"https:\/\/www.europesays.com\/es\/wp-json\/wp\/v2\/posts\/153720\/revisions"}],"wp:featuredmedia":[{"embeddable":true,"href":"https:\/\/www.europesays.com\/es\/wp-json\/wp\/v2\/media\/153721"}],"wp:attachment":[{"href":"https:\/\/www.europesays.com\/es\/wp-json\/wp\/v2\/media?parent=153720"}],"wp:term":[{"taxonomy":"category","embeddable":true,"href":"https:\/\/www.europesays.com\/es\/wp-json\/wp\/v2\/categories?post=153720"},{"taxonomy":"post_tag","embeddable":true,"href":"https:\/\/www.europesays.com\/es\/wp-json\/wp\/v2\/tags?post=153720"}],"curies":[{"name":"wp","href":"https:\/\/api.w.org\/{rel}","templated":true}]}}