{"id":153722,"date":"2025-10-02T23:17:10","date_gmt":"2025-10-02T23:17:10","guid":{"rendered":"https:\/\/www.europesays.com\/es\/153722\/"},"modified":"2025-10-02T23:17:10","modified_gmt":"2025-10-02T23:17:10","slug":"el-acuerdo-millonario-que-habla-de-su-futuro-juntos","status":"publish","type":"post","link":"https:\/\/www.europesays.com\/es\/153722\/","title":{"rendered":"el acuerdo millonario que habla de su futuro juntos"},"content":{"rendered":"<p>Cada noche en &#8216;La Revuelta&#8217;,\u00a0<strong>David Broncano<\/strong> (40 a\u00f1os) insiste en conocer el patrimonio y qu\u00e9 tan agitada es la vida amorosa de sus invitados.\u00a0Se trata de las \u00abpreguntas cl\u00e1sicas\u00bb del formato. No ha hecho falta que nadie le cuestione <a href=\"https:\/\/www.lecturas.com\/actualidad\/revuelta-david-broncano-todos-secretos-chico-oro-tele-su-origenes-su-millonario-patrimonio_162439\" target=\"_self\" rel=\"nofollow noopener\">su patrimonio<\/a> para saber que el presentador y su novia, Silvia Alonso, <strong>han adquirido una nueva propiedad a unos cuantos kil\u00f3metros del centro de Madrid<\/strong>, en un entorno privilegiado de la provincia de \u00c1vila.<\/p>\n<p>Seg\u00fan informa Vanitatis, la actriz de &#8216;La Caza&#8217; y el presentador de &#8216;La Revuelta&#8217; adquirieron hace menos de dos meses una <strong>vivienda unifamiliar <\/strong>en la <a href=\"https:\/\/www.lecturas.com\/actualidad\/asi-es-lujosa-mansion-david-broncano-donde-vive-su-novia-madrid-plena-naturaleza-piscina-privada-vistas-panoramicas_164201\" target=\"_self\" rel=\"nofollow noopener\">exclusiva urbanizaci\u00f3n Calas de Guisando<\/a>, cerca del pantano de San Juan y del l\u00edmite de la Comunidad de Madrid.\u00a0Se construy\u00f3 en los a\u00f1os ochenta en un terreno que hab\u00eda sido propiedad del Marqu\u00e9s de Guisando, de ah\u00ed su nombre. En dicho espacio, hab\u00eda calas y tumbas de gran valor patrimonial y natural. Hoy es un enclave con seguridad privada, club n\u00e1utico y deportivo y unas vistas privilegiadas al pantano de San Juan.\u00a0<\/p>\n<p>Es la segunda propiedad que Broncano y Alonso compran en esta zona en el plazo de un a\u00f1o. La casa cuenta con algo m\u00e1s de 300 metros cuadrados construidos y est\u00e1 distribuida en dos plantas. Se sit\u00faa en un terreno de 4.500 m\u00b2.\u00a0La nueva parcela colinda con un solar, que cuenta con otra vivienda, que l<strong>a pareja compr\u00f3 en 2024<\/strong>, seg\u00fan public\u00f3 &#8216;El Economista&#8217;. Esto quiere decir que David Broncano y Silvia Alonso <strong>tiene m\u00e1s de una hect\u00e1rea <\/strong>al sur de la provincia de \u00c1vila, en la comarca lim\u00edtrofe con la propia Comunidad de Madrid.<\/p>\n<p><img loading=\"lazy\" decoding=\"async\"   src=\"https:\/\/www.europesays.com\/es\/wp-content\/uploads\/2025\/10\/david-broncano-y-silvia-alonso_00000000_c02ce92c_251002135949_1200x1081.webp.webp\" alt=\"David Broncano y Silvia Alonso\" class=\"lazyload\" width=\"1200\" height=\"1081\" data-aspectratio=\"1200\/1081\"\/><\/p>\n<p>David Broncano y Silvia Alonso mantienen una relaci\u00f3n desde 2021<\/p>\n<p>&#13;GTRES<\/p>\n<p>De momento, no ha\u00a0trascendido la inversi\u00f3n que habr\u00eda hecho la pareja para hacerse con esta nueva vivienda unifamiliar. &#8216;El Economista&#8217;\u00a0cifr\u00f3 la primera compra en un mill\u00f3n y medio de euros. Era una segunda residencia de 500 m\u00b2 con amplia parcela, piscina privada y zona chill out. &#8216;Vanitatis&#8217; estipula, tras consultar una propiedad similar en un conocido portal inmobiliario, que esta nueva inversi\u00f3n rondar\u00eda\u00a0<strong>los 300.000 euros<\/strong>.<\/p>\n<p><img loading=\"lazy\" decoding=\"async\"   src=\"https:\/\/www.europesays.com\/es\/wp-content\/uploads\/2025\/10\/david-broncano-y-silvia-alonso_00000000_a653fba4_251002211928_1200x675.webp.webp\" alt=\"David Broncano y Silvia Alonso\" class=\"lazyload\" width=\"1200\" height=\"675\" data-aspectratio=\"1200\/675\"\/>&#13;M+<\/p>\n<p>Esta zona habr\u00eda sido elegida por la pareja debido a su predilecci\u00f3n por la monta\u00f1a y la naturaleza. Se trata de un lugar privilegiado e ideal para la pareja, ya que esta segunda residencia les facilitar\u00eda acceder a algunas de las rutas m\u00e1s conocidas de las estribaciones orientales de la sierra de Gredos. Tambi\u00e9n parten de all\u00ed otros caminos hacia el valle del Alberche o a pantanos como el del Burguillo y el de San Juan. El presentador ya habr\u00eda visitado\u00a0el Museo Adolfo Su\u00e1rez y la Transici\u00f3n, en Cebreros, seg\u00fan atestigua una publicaci\u00f3n del propio museo.\u00a0<\/p>\n<p>Las otras inversiones de David Broncano<\/p>\n<p>David Broncano ha asegurado, en una de las muchas veces que le han preguntado por su patrimonio, que tiene \u00abm\u00e1s de un mill\u00f3n y menos de diez\u00bb. \u00abTengo bastante dinero, soy muy privilegiado, tengo m\u00e1s dinero del que pens\u00e9 que tendr\u00eda mi familia en varias generaciones\u00bb, reconoc\u00eda en una entrevista con el youtuber &#8216;Detective Murciano&#8217;.<\/p>\n<p><img loading=\"lazy\" decoding=\"async\"   src=\"https:\/\/www.europesays.com\/es\/wp-content\/uploads\/2025\/10\/david-broncano-la-revuelta_047d587a_251002211738_1200x653.webp.webp\" alt=\"David Broncano 'La Revuelta'\" class=\"lazyload\" width=\"1200\" height=\"653\" data-aspectratio=\"1200\/653\"\/><\/p>\n<p>David Broncano posee una gran fortuna por su trabajo en televisi\u00f3n<\/p>\n<p>&#13;<\/p>\n<p><b id=\"docs-internal-guid-33472058-7fff-c995-219c-8c227f124313\">Si no quieres perderte ninguna noticia de Lecturas, sigue a nuestro nuevo perfil en <a href=\"https:\/\/profile.google.com\/cp\/CgsvZy8xMjF0aHIxMA?pf=5\" rel=\"nofollow noopener\" target=\"_blank\">Google Discover <\/a><\/b><\/p>\n<p>Pese a esto, asegura que sigue viviendo de alquiler en un piso ubicado en el ic\u00f3nico Edificio Torre de Madrid, situado en la c\u00e9ntrica Plaza de Espa\u00f1a. Eso no quiere decir que no posea inmuebles en la capital. El jiennense\u00a0adquiri\u00f3 dos \u00e1ticos contiguos en Casa de Campo en 2022. Ten\u00eda la intenci\u00f3n de reformarlos y convertirlos en una sola vivienda. Con la fusi\u00f3n, la vivienda pasar\u00eda a tener 100 metros cuadrados y 70 de terraza. A lo que habr\u00eda que sumarle dos plazas de garaje y dos trasteros. Su valor se estima en un mill\u00f3n de euros.\u00a0<\/p>\n","protected":false},"excerpt":{"rendered":"Cada noche en &#8216;La Revuelta&#8217;,\u00a0David Broncano (40 a\u00f1os) insiste en conocer el patrimonio y qu\u00e9 tan agitada es&hellip;\n","protected":false},"author":2,"featured_media":153723,"comment_status":"","ping_status":"","sticky":false,"template":"","format":"standard","meta":{"footnotes":""},"categories":[91],"tags":[146,147,25,24,23],"class_list":{"0":"post-153722","1":"post","2":"type-post","3":"status-publish","4":"format-standard","5":"has-post-thumbnail","7":"category-entretenimiento","8":"tag-entertainment","9":"tag-entretenimiento","10":"tag-es","11":"tag-espana","12":"tag-spain"},"share_on_mastodon":{"url":"","error":""},"_links":{"self":[{"href":"https:\/\/www.europesays.com\/es\/wp-json\/wp\/v2\/posts\/153722","targetHints":{"allow":["GET"]}}],"collection":[{"href":"https:\/\/www.europesays.com\/es\/wp-json\/wp\/v2\/posts"}],"about":[{"href":"https:\/\/www.europesays.com\/es\/wp-json\/wp\/v2\/types\/post"}],"author":[{"embeddable":true,"href":"https:\/\/www.europesays.com\/es\/wp-json\/wp\/v2\/users\/2"}],"replies":[{"embeddable":true,"href":"https:\/\/www.europesays.com\/es\/wp-json\/wp\/v2\/comments?post=153722"}],"version-history":[{"count":0,"href":"https:\/\/www.europesays.com\/es\/wp-json\/wp\/v2\/posts\/153722\/revisions"}],"wp:featuredmedia":[{"embeddable":true,"href":"https:\/\/www.europesays.com\/es\/wp-json\/wp\/v2\/media\/153723"}],"wp:attachment":[{"href":"https:\/\/www.europesays.com\/es\/wp-json\/wp\/v2\/media?parent=153722"}],"wp:term":[{"taxonomy":"category","embeddable":true,"href":"https:\/\/www.europesays.com\/es\/wp-json\/wp\/v2\/categories?post=153722"},{"taxonomy":"post_tag","embeddable":true,"href":"https:\/\/www.europesays.com\/es\/wp-json\/wp\/v2\/tags?post=153722"}],"curies":[{"name":"wp","href":"https:\/\/api.w.org\/{rel}","templated":true}]}}