{"id":153724,"date":"2025-10-02T23:19:08","date_gmt":"2025-10-02T23:19:08","guid":{"rendered":"https:\/\/www.europesays.com\/es\/153724\/"},"modified":"2025-10-02T23:19:08","modified_gmt":"2025-10-02T23:19:08","slug":"blackrock-vanguard-y-capital-group-los-duenos-de-la-bolsa-espanola-expansion","status":"publish","type":"post","link":"https:\/\/www.europesays.com\/es\/153724\/","title":{"rendered":"BlackRock, Vanguard y Capital Group, los due\u00f1os de la Bolsa espa\u00f1ola &#8211; Expansi\u00f3n"},"content":{"rendered":"<ol>\n<li><a href=\"https:\/\/news.google.com\/rss\/articles\/CBMigAFBVV95cUxPYlFGd3pmUWNTQmNrVmF2a3ZKdVVmSEYybzZ0REZrcGQ3OWhubXJrd3BadHNaYmhnZDJNeS1laHMzck9saTQycUplQXFUM0dfb21iYnRWMHhWSjVFZ25qa1IxVlduZzdyM0gtVmFKb0lBdWVsN3JCNVBIcDNieDY3cNIBgAFBVV95cUxOcUt2anFVN09hMm9LZEFLLWdZYmk0NTFCaFVjbWFGS0c3cWtZRTdXYmxVN2RIbnAwUGRxaUl4LU5JOXhwSXlHZWRJWm91MGozejdnQkJlRDF2V2JlU1I1aTNhUngxTVNqb0h2YWxPVFdzVlN0OEhxR242MEU0d1dGcg?oc=5\" target=\"_blank\" rel=\"nofollow noopener\">BlackRock, Vanguard y Capital Group, los due\u00f1os de la Bolsa espa\u00f1ola<\/a>&nbsp;&nbsp;Expansi\u00f3n<\/li>\n<li><a href=\"https:\/\/news.google.com\/rss\/articles\/CBMisgFBVV95cUxNVkVOSTNSUWpKYUFyM3dLem5VNGZfQzdNRElzeU5JRVNKdk9xN1ZWUjVPdlBvbHJxeFJSbkJEbkJZVjZrOS1rY3p2X1dSY3c5c2NkRk5xbDlOdE9WNzg3NTZIQnhLeHEzV3NwTC1BMGt1a2NyR0FjZmxwb0w0eHQzcy1KRUtxcEkzNnlMQ2tKNzBTZXFDT2NCZE5PSTB2R01yc0V6Ry1ZbVUweEZtamJrYUhn?oc=5\" target=\"_blank\" rel=\"nofollow noopener\">El intervencionismo del Gobierno dispara el peso del Estado en la Bolsa espa\u00f1ola a m\u00e1ximos de 27 a\u00f1os<\/a>&nbsp;&nbsp;ABC<\/li>\n<li><a href=\"https:\/\/news.google.com\/rss\/articles\/CBMi1wFBVV95cUxOSjNrdFN0cEk4V0pqd3l1dG5IOHhyRndzVlkyV1dQcnA5ektWdnFlX3loU1pfQVBQSThJdU5fRHFmUnJwNDFGUjFka3ZZdl9mTGpaQkJmSTh6Y0JRWTRCRjhMZUt4VWhQVm5XQUs0aGpyaVBwYTBjSkFUbEZOTTJXRXZwcFBRNUlfRk5GVWROM2VqVnFlY0lkTnNHbERReWpRd0Mxd0swaUlVemJzQlVQVTVFUkkwSmhKdnJqSDhUWDg1MlQtWFoweWRGRUdDcWdHajV2OVotdw?oc=5\" target=\"_blank\" rel=\"nofollow noopener\">Sangr\u00eda de dinero en fondos de Bolsa espa\u00f1ola pese al a\u00f1o hist\u00f3rico del Ibex 35<\/a>&nbsp;&nbsp;Cinco D\u00edas<\/li>\n<li><a href=\"https:\/\/news.google.com\/rss\/articles\/CBMirAFBVV95cUxOSTRfdVhtZDBIejkwZ0tuMDd3clRKMzBINlNMLXpnTGI1RUNqdnRUWXhtWUVnQmpGZGVRYW9vNXp1dXE2NUg3RTA1UGg0Ni1vcXpFQWFQcDRsRzhQZ21iN1p6Rk5HeUJIelNIejJuN1VTamRzMW8wQm04TTAzaFFYQ3JFWUlhZDhtQ0c1VGhGSUpJcWw2cUY5ZEtCeXVKQjVESEJFd0FkSjczQ3A10gGyAUFVX3lxTFByZWNQUFV6ZmZvNjZBMWRnUmFtbHpTS0g5NHB4TkJFcktQTy1HaXhQU2NfYWE1XzItUUJDcC0ySXV2M05RTWRZaV9JaF82bml0Tk1Da0dZQXYwS1UxZlo3aHFSeVAyR3llWVYyNV9URTZWNHZLdkpwU0h1NjF4SkdTR3dpdXM3MkJnZXdKT0YxMEZGYzdlRzV2ZDBHb3pacWE2blBWN3dSZnZTdlkzcU03V3c?oc=5\" target=\"_blank\" rel=\"nofollow noopener\">El Estado dispara su inversi\u00f3n en la bolsa espa\u00f1ola a m\u00e1ximos de 27 a\u00f1os y la de las familias cae a m\u00ednimos desde 1993<\/a>&nbsp;&nbsp;El Confidencial<\/li>\n<li><a href=\"https:\/\/news.google.com\/rss\/articles\/CBMigAJBVV95cUxNVXBlR21XVDg0TnRacUh0SlJIOUdGTnhGT3loc3RkUTFpSEx1c0xwQ3JVZ1RmUlJxMVBtV1RoYi1idlVtMEF0RXlwcllieWJ2c2ZxR0xaVXBKZElBRklwUjBRZGYyQTJFd0NKc01UX0Nfd04wLUllRlZPWjY2U2p5endEa0x1SDRsTzVGSU54cXF0UUw5NUl1U2Y3QmtLeGZTZ2FRdVNZQTlNT3lOY1lCOHdGdTdCbEFSeHZOa040eUlQMFRINjA2MXo3aUcyeDRlLWswQ2ZSRFIzUENFMFEydklFSTd6NndaYlNGUVVBVE9sRGg1ZzhWdTNTRmoxNXZw?oc=5\" target=\"_blank\" rel=\"nofollow noopener\">La inversi\u00f3n extranjera controla el 48,7% de la Bolsa espa\u00f1ola y la participaci\u00f3n de las familias cae al m\u00ednimo en 32 a\u00f1os<\/a>&nbsp;&nbsp;La Vanguardia<\/li>\n<\/ol>\n","protected":false},"excerpt":{"rendered":"BlackRock, Vanguard y Capital Group, los due\u00f1os de la Bolsa espa\u00f1ola&nbsp;&nbsp;Expansi\u00f3n El intervencionismo del Gobierno dispara el peso&hellip;\n","protected":false},"author":2,"featured_media":153725,"comment_status":"","ping_status":"","sticky":false,"template":"","format":"standard","meta":{"footnotes":""},"categories":[80],"tags":[82,95,94,25,24,25907,114,23],"class_list":{"0":"post-153724","1":"post","2":"type-post","3":"status-publish","4":"format-standard","5":"has-post-thumbnail","7":"category-economia","8":"tag-business","9":"tag-economia","10":"tag-economy","11":"tag-es","12":"tag-espana","13":"tag-fondos-de-inversion","14":"tag-mercados","15":"tag-spain"},"share_on_mastodon":{"url":"","error":""},"_links":{"self":[{"href":"https:\/\/www.europesays.com\/es\/wp-json\/wp\/v2\/posts\/153724","targetHints":{"allow":["GET"]}}],"collection":[{"href":"https:\/\/www.europesays.com\/es\/wp-json\/wp\/v2\/posts"}],"about":[{"href":"https:\/\/www.europesays.com\/es\/wp-json\/wp\/v2\/types\/post"}],"author":[{"embeddable":true,"href":"https:\/\/www.europesays.com\/es\/wp-json\/wp\/v2\/users\/2"}],"replies":[{"embeddable":true,"href":"https:\/\/www.europesays.com\/es\/wp-json\/wp\/v2\/comments?post=153724"}],"version-history":[{"count":0,"href":"https:\/\/www.europesays.com\/es\/wp-json\/wp\/v2\/posts\/153724\/revisions"}],"wp:featuredmedia":[{"embeddable":true,"href":"https:\/\/www.europesays.com\/es\/wp-json\/wp\/v2\/media\/153725"}],"wp:attachment":[{"href":"https:\/\/www.europesays.com\/es\/wp-json\/wp\/v2\/media?parent=153724"}],"wp:term":[{"taxonomy":"category","embeddable":true,"href":"https:\/\/www.europesays.com\/es\/wp-json\/wp\/v2\/categories?post=153724"},{"taxonomy":"post_tag","embeddable":true,"href":"https:\/\/www.europesays.com\/es\/wp-json\/wp\/v2\/tags?post=153724"}],"curies":[{"name":"wp","href":"https:\/\/api.w.org\/{rel}","templated":true}]}}