{"id":153726,"date":"2025-10-02T23:25:12","date_gmt":"2025-10-02T23:25:12","guid":{"rendered":"https:\/\/www.europesays.com\/es\/153726\/"},"modified":"2025-10-02T23:25:12","modified_gmt":"2025-10-02T23:25:12","slug":"alejandro-rubio-se-alza-con-la-pina-de-oro-en-el-hoyo-de-pinares","status":"publish","type":"post","link":"https:\/\/www.europesays.com\/es\/153726\/","title":{"rendered":"Alejandro Rubio, se alza con la Pi\u00f1a de Oro en El Hoyo de Pinares"},"content":{"rendered":"<p>&#13;<br \/>\n        &#13;<br \/>\n&#13;<br \/>\n        &#13;<\/p>\n<p>            <a href=\"https:\/\/www.europesays.com\/es\/wp-content\/uploads\/2025\/10\/Alejandro-Rubio-Pina-de-Oro-en-El-Hoyo-de-Pinares.jpg\" data-caption=\"\"><img loading=\"lazy\" decoding=\"async\" width=\"378\" height=\"372\" class=\"entry-thumb td-modal-image\" src=\"https:\/\/www.europesays.com\/es\/wp-content\/uploads\/2025\/10\/Alejandro-Rubio-Pina-de-Oro-en-El-Hoyo-de-Pinares.jpg\"   alt=\"\" title=\"Alejandro Rubio, Pi\u00f1a de Oro en El Hoyo de Pinares\"\/><\/a><\/p>\n<p>Tras cortar dos orejas a un ejemplar de V\u00edctor Huertas se alza con uno de los galardones m\u00e1s cotizados de las novilladas sin caballos<\/p>\n<p><strong>Alejandro Rubio<\/strong>\u00a0se ha llevado la prestigiosa\u00a0<strong>Pi\u00f1a de Oro<\/strong>\u00a0de\u00a0<strong>El Hoyo de Pinares<\/strong>\u00a0en su edici\u00f3n ya decimocuarta. El joven novillero se ha alzado con el galard\u00f3n tras cortar dos orejas a un ejemplar de\u00a0<strong>V\u00edctor Huertas<\/strong>.<\/p>\n<p>La\u00a0<strong>Pi\u00f1a de Oro<\/strong>\u00a0es uno de los cert\u00e1menes m\u00e1s importantes de las novilladas sin caballos, un galard\u00f3n de una localidad que apuesta por el futuro de la Tauromaquia y que trabaja en anunciar a los novilleros m\u00e1s importantes frente a encierros de garant\u00edas.<\/p>\n<p><a href=\"#\"><img decoding=\"async\" src=\"https:\/\/www.lascosasdeltoro.com\/wp-content\/uploads\/2016\/10\/rec728.jpg\"\/><\/a>        &#13;<br \/>\n&#13;<br \/>\n        &#13;<br \/>\n                        &#13;<br \/>\n            &#13;<br \/>\n&#13;<br \/>\n                        Art\u00edculo anterior<a href=\"https:\/\/www.lascosasdeltoro.com\/actualidad-taurina\/jornada-de-medios-con-los-finalistas-del-circuito-valenciano-de-cara-a-la-gran-final\/\" rel=\"nofollow noopener\" target=\"_blank\">Jornada de medios con los finalistas del Circuito Valenciano\u00a0de cara a la Gran Final<\/a>Art\u00edculo siguiente<a href=\"https:\/\/www.lascosasdeltoro.com\/actualidad-taurina\/yiyo-protagonista-en-las-ventas\/\" rel=\"nofollow noopener\" target=\"_blank\">\u00abYiyo\u00bb protagonista en Las Ventas<\/a>            <a href=\"https:\/\/www.lascosasdeltoro.com\/author\/admin\/\" aria-label=\"author-photo\" rel=\"nofollow noopener\" target=\"_blank\"><img loading=\"lazy\" alt=\"lascosasdeltoro\" src=\"https:\/\/www.europesays.com\/es\/wp-content\/uploads\/2025\/10\/dbebf142a7a67511c64814587c8eaa16b418c1c1c049ecc90feec213db52a254\"  class=\"avatar avatar-96 photo\" height=\"96\" width=\"96\" decoding=\"async\"\/><\/a>                    &#13;<br \/>\n&#13;<\/p>\n","protected":false},"excerpt":{"rendered":"&#13; &#13; &#13; &#13; Tras cortar dos orejas a un ejemplar de V\u00edctor Huertas se alza con uno&hellip;\n","protected":false},"author":2,"featured_media":153727,"comment_status":"","ping_status":"","sticky":false,"template":"","format":"standard","meta":{"footnotes":""},"categories":[277],"tags":[373,168,25,24,23,167,374],"class_list":{"0":"post-153726","1":"post","2":"type-post","3":"status-publish","4":"format-standard","5":"has-post-thumbnail","7":"category-toreo","8":"tag-bullfighting","9":"tag-deportes","10":"tag-es","11":"tag-espana","12":"tag-spain","13":"tag-sports","14":"tag-toreo"},"share_on_mastodon":{"url":"","error":""},"_links":{"self":[{"href":"https:\/\/www.europesays.com\/es\/wp-json\/wp\/v2\/posts\/153726","targetHints":{"allow":["GET"]}}],"collection":[{"href":"https:\/\/www.europesays.com\/es\/wp-json\/wp\/v2\/posts"}],"about":[{"href":"https:\/\/www.europesays.com\/es\/wp-json\/wp\/v2\/types\/post"}],"author":[{"embeddable":true,"href":"https:\/\/www.europesays.com\/es\/wp-json\/wp\/v2\/users\/2"}],"replies":[{"embeddable":true,"href":"https:\/\/www.europesays.com\/es\/wp-json\/wp\/v2\/comments?post=153726"}],"version-history":[{"count":0,"href":"https:\/\/www.europesays.com\/es\/wp-json\/wp\/v2\/posts\/153726\/revisions"}],"wp:featuredmedia":[{"embeddable":true,"href":"https:\/\/www.europesays.com\/es\/wp-json\/wp\/v2\/media\/153727"}],"wp:attachment":[{"href":"https:\/\/www.europesays.com\/es\/wp-json\/wp\/v2\/media?parent=153726"}],"wp:term":[{"taxonomy":"category","embeddable":true,"href":"https:\/\/www.europesays.com\/es\/wp-json\/wp\/v2\/categories?post=153726"},{"taxonomy":"post_tag","embeddable":true,"href":"https:\/\/www.europesays.com\/es\/wp-json\/wp\/v2\/tags?post=153726"}],"curies":[{"name":"wp","href":"https:\/\/api.w.org\/{rel}","templated":true}]}}