{"id":153728,"date":"2025-10-02T23:28:13","date_gmt":"2025-10-02T23:28:13","guid":{"rendered":"https:\/\/www.europesays.com\/es\/153728\/"},"modified":"2025-10-02T23:28:13","modified_gmt":"2025-10-02T23:28:13","slug":"tres-jugadoras-mallorquinas-en-el-torneo-wta-de-santa-ponca","status":"publish","type":"post","link":"https:\/\/www.europesays.com\/es\/153728\/","title":{"rendered":"Tres jugadoras mallorquinas en el torneo WTA de Santa Pon\u00e7a"},"content":{"rendered":"<p>El <strong>Vanda Pharmaceuticals Mallorca Women\u2019s Championships presented by ecotrans Group<\/strong> se ha presentado este jueves oficialmente en el Mallorca Country Club, en un acto que cont\u00f3 con la asistencia de autoridades, organizadores y jugadoras participantes. El nuevo <strong>torneo <a href=\"https:\/\/www.ultimahora.es\/etiqueta\/WTA.html?utm_source=Inline-tag&amp;utm_medium=internal\" rel=\"nofollow noopener\" target=\"_blank\">WTA<\/a> 125<\/strong>, que se celebrar\u00e1 <strong>del 4 al 12 de octubre en Santa Pon\u00e7a<\/strong>, situar\u00e1 de nuevo a Mallorca en el mapa del <a href=\"https:\/\/www.ultimahora.es\/etiqueta\/tenis.html?utm_source=Inline-tag&amp;utm_medium=internal\" rel=\"nofollow noopener\" target=\"_blank\">tenis<\/a> femenino internacional y tendr\u00e1 a l<strong>a leyenda argentina Gabriela Sabatini como embajadora oficial<\/strong>. En la rueda de prensa participaron <a href=\"https:\/\/www.ultimahora.es\/etiqueta\/Edwin+Weindorfer.html?utm_source=Inline-tag&amp;utm_medium=internal\" rel=\"nofollow noopener\" target=\"_blank\">Edwin Weindorfer<\/a>, CEO de e|motion group; Pilar Carbonell, directora de e|motion Sports Espa\u00f1a; Niko Paunovic, director del torneo; y las jugadoras Yvonne Cavall\u00e9 (Mallorca) y Noma Noha Akugue (Alemania). El acto cont\u00f3 adem\u00e1s con la presencia institucional del alcalde de Calvi\u00e0, Juan Antonio Amengual, y de Eladio Huertas Pons, gerente de la Fundaci\u00f3 per l\u2019Esport Balear (FDB).<\/p>\n<p><strong>Edwin Weindorfer<\/strong> agradeci\u00f3 la presencia de las instituciones y de los patrocinadores principales, subrayando la importancia del apoyo recibido: \u00abQuiero dar las gracias especialmente al Ayuntamiento de Calvi\u00e0, al Govern balear y, por supuesto, a nuestro patrocinador principal, Vanda Pharmaceuticals. Mucha gente me ha preguntado en los \u00faltimos a\u00f1os: \u2018\u00bfpor qu\u00e9 no vuelve un torneo WTA a Mallorca?\u2019. <strong>Nosotros organizamos aqu\u00ed el WTA Mallorca Open entre 2016 y 2019<\/strong>, y ahora hemos decidido recuperar esa apuesta por el tenis femenino. El Mallorca Country Club es una instalaci\u00f3n profesional, con pistas de tierra y de hierba, y creemos que es el lugar id\u00f3neo para volver a crecer con un torneo WTA.\u00bb<\/p>\n<p><img loading=\"lazy\" decoding=\"async\" src=\"https:\/\/www.europesays.com\/es\/wp-content\/uploads\/2025\/10\/3497485.jpg\" border=\"0\" alt=\"\" width=\"1600\" height=\"1066\"\/>&#13;<br \/>\nsagrist\u00e1, Noha y Cavall\u00e9, junto a la mascota del torneo, Champi.&#13;<\/p>\n<p>El CEO de e|motion group destac\u00f3 adem\u00e1s la dimensi\u00f3n social del evento: \u00abEl tenis es el deporte femenino m\u00e1s importante del mundo, y para nosotros supone tambi\u00e9n una responsabilidad con la igualdad. Este torneo est\u00e1 orientado a las jugadoras emergentes, en una \u00e9poca de temporada diferente, en tierra batida, con la ambici\u00f3n de crecer en el futuro. No olvidemos que en el Mallorca Open tuvimos a Aryna Sabalenka o Paula Badosa en la fase previa, y hoy son estrellas mundiales.\u00bb Entre las novedades m\u00e1s destacadas, Weindorfer anunci\u00f3 que la joven mallorquina <strong>Mir\u00e8ia Sagrist\u00e0 recibir\u00e1 una invitaci\u00f3n<\/strong> (wild card) para disputar la fase previa, lo que eleva a tres el n\u00famero de jugadoras de la isla en el torneo, junto a <strong>Cristina D\u00edaz e Yvonne Cavall\u00e9<\/strong>. \u00abEs un orgullo poder apoyar el talento local\u00bb, concluy\u00f3. La jugadora alemana Noma Noha Akugue, invitada con una wild card, destac\u00f3 las excelentes condiciones del club: \u00abPara m\u00ed es una gran oportunidad poder jugar aqu\u00ed. Siempre me preparo en Mallorca para las temporadas y las condiciones son realmente muy buenas.\u00bb<\/p>\n<p>El director del torneo, <strong>Niko Paunovic<\/strong>, explic\u00f3 los detalles t\u00e9cnicos: \u00abTendremos <strong>32 jugadoras en el cuadro individual y 8 parejas en dobles<\/strong>. Las primeras rondas tambi\u00e9n se celebrar\u00e1n en Magaluf, lo que permitir\u00e1 que m\u00e1s residentes y visitantes puedan disfrutar del tenis de alto nivel. Este a\u00f1o contaremos con dos mallorquinas con wild cards, <strong>Cristina D\u00edaz y la joven promesa Mir\u00e8ia Sagrist\u00e0, adem\u00e1s de Yvonne Cavall\u00e9, que participar\u00e1 en el cuadro de dobles<\/strong>.\u00bb<\/p>\n<p>La propia Yvonne Cavall\u00e9 comparti\u00f3 su entusiasmo por competir en casa: \u00ab<strong>Siempre es muy bonito jugar aqu\u00ed y que vuelva el tenis femenino a Mallorca<\/strong>. No solamente es especial para nosotras las jugadoras, sino tambi\u00e9n para nuestra familia y amigos, que pueden vernos competir. Espero que el p\u00fablico responda y anime no solo a las mallorquinas, sino a todas las jugadoras, porque <strong>hay que apoyar el esfuerzo que hacen todas.\u00bb<\/strong> El torneo contar\u00e1 adem\u00e1s con actividades paralelas como un partido de p\u00e1del con celebridades en el Mallorca Country Club y una fiesta de clausura con invitados especiales, que dar\u00e1n visibilidad adicional al evento, entre ellos la embajadora del torneo, Gabriela Sabatini. <strong>El primer fin de semana (4 y 5 de octubre) la entrada ser\u00e1 gratuita para el p\u00fablico<\/strong>. Las entradas para el resto de jornadas ya est\u00e1n disponibles en<strong> www.mallorcawomenschampionships.com<\/strong>.<\/p>\n","protected":false},"excerpt":{"rendered":"El Vanda Pharmaceuticals Mallorca Women\u2019s Championships presented by ecotrans Group se ha presentado este jueves oficialmente en el&hellip;\n","protected":false},"author":2,"featured_media":153729,"comment_status":"","ping_status":"","sticky":false,"template":"","format":"standard","meta":{"footnotes":""},"categories":[274],"tags":[168,46294,25,24,6894,3439,23,167,327,326,3123],"class_list":{"0":"post-153728","1":"post","2":"type-post","3":"status-publish","4":"format-standard","5":"has-post-thumbnail","7":"category-tenis","8":"tag-deportes","9":"tag-edwin-weindorfer","10":"tag-es","11":"tag-espana","12":"tag-rafa-nadal","13":"tag-rafael-nadal","14":"tag-spain","15":"tag-sports","16":"tag-tenis","17":"tag-tennis","18":"tag-wta"},"share_on_mastodon":{"url":"","error":""},"_links":{"self":[{"href":"https:\/\/www.europesays.com\/es\/wp-json\/wp\/v2\/posts\/153728","targetHints":{"allow":["GET"]}}],"collection":[{"href":"https:\/\/www.europesays.com\/es\/wp-json\/wp\/v2\/posts"}],"about":[{"href":"https:\/\/www.europesays.com\/es\/wp-json\/wp\/v2\/types\/post"}],"author":[{"embeddable":true,"href":"https:\/\/www.europesays.com\/es\/wp-json\/wp\/v2\/users\/2"}],"replies":[{"embeddable":true,"href":"https:\/\/www.europesays.com\/es\/wp-json\/wp\/v2\/comments?post=153728"}],"version-history":[{"count":0,"href":"https:\/\/www.europesays.com\/es\/wp-json\/wp\/v2\/posts\/153728\/revisions"}],"wp:featuredmedia":[{"embeddable":true,"href":"https:\/\/www.europesays.com\/es\/wp-json\/wp\/v2\/media\/153729"}],"wp:attachment":[{"href":"https:\/\/www.europesays.com\/es\/wp-json\/wp\/v2\/media?parent=153728"}],"wp:term":[{"taxonomy":"category","embeddable":true,"href":"https:\/\/www.europesays.com\/es\/wp-json\/wp\/v2\/categories?post=153728"},{"taxonomy":"post_tag","embeddable":true,"href":"https:\/\/www.europesays.com\/es\/wp-json\/wp\/v2\/tags?post=153728"}],"curies":[{"name":"wp","href":"https:\/\/api.w.org\/{rel}","templated":true}]}}