{"id":153734,"date":"2025-10-02T23:31:14","date_gmt":"2025-10-02T23:31:14","guid":{"rendered":"https:\/\/www.europesays.com\/es\/153734\/"},"modified":"2025-10-02T23:31:14","modified_gmt":"2025-10-02T23:31:14","slug":"el-ultimo-baile-del-gran-verdugo-del-baskonia","status":"publish","type":"post","link":"https:\/\/www.europesays.com\/es\/153734\/","title":{"rendered":"\u00bfEl \u00faltimo baile del gran verdugo del Baskonia?"},"content":{"rendered":"<p>\n        El Baskonia se adentra este viernes (20.00 horas) en el Astroballe, hogar de un Asvel Villeurbanne en el que <strong>una leyenda de la Euroliga est\u00e1 dando ya los \u00faltimos coletazos<\/strong> de una carrera ciertamente espectacular.\n<\/p>\n<p class=\"article-body__text \">\n        Pese al inexorable paso de los a\u00f1os \u201338 en su caso\u2013, <strong>Nando de Colo contin\u00faa teniendo gasolina suficiente para liderar con pu\u00f1o de hierro a uno de los clubes m\u00e1s modestos de la Euroliga<\/strong>. Frente al Valencia Basket en el duelo del mi\u00e9rcoles, fue el m\u00e1ximo anotador con 17 puntos (6 de 8 en tiros de campo).\n<\/p>\n<p class=\"article-body__text \">\n        El elegante exterior franc\u00e9s adorn\u00f3 su estad\u00edstica con<strong> tres rebotes, cuatro asistencias, dos robos y cinco faltas recibidas<\/strong>. Se agotan los calificativos para definir a un jugador que acaba de iniciar su vig\u00e9sima temporada como profesional. Puede que sea la \u00faltima si se tienen en cuenta sus palabras pronunciadas a mediados de agosto.\n<\/p>\n<blockquote class=\"twitter-tweet\" data-lang=\"es\" wp_automatic_readability=\"7.1517857142857\">\n<p lang=\"fr\" dir=\"ltr\">\ud83c\udf47AGE FINE LIKE WINE \ud83c\udf77<\/p>\n<p>\ud83c\uddeb\ud83c\uddf7 NANDO DE COLO ENORME A 38 ANS FACE A VALENCE EN EUROLIGUE<\/p>\n<p>17 PTS<br \/>3 REB<br \/>4 AST<br \/>3\/8 3PTS<br \/>22 PIR<a href=\"https:\/\/t.co\/Qc2XGM2Y6C\" rel=\"nofollow\">pic.twitter.com\/Qc2XGM2Y6C<\/a><\/p>\n<p>\u2014 \ud83c\uddeb\ud83c\uddf7 BEST OF FRENCHIES \ud83c\udfc0 (@BestOfFrenchies) <a href=\"https:\/\/twitter.com\/BestOfFrenchies\/status\/1973478860265234520?ref_src=twsrc%5Etfw\" rel=\"nofollow noopener\" target=\"_blank\">1 de octubre de 2025<\/a><\/p><\/blockquote>\n<p class=\"article-body__text \">\n        Una noticia que, desde luego, dejar\u00eda hu\u00e9rfanos a los grandes amantes del baloncesto. \u201cPara ser honesto, <strong>\u00bfes esta mi \u00faltima temporada? Tal vez. Estoy concentrado en el presente, en disfrutar, pero en un rinc\u00f3n de mi cabeza podr\u00eda ser la \u00faltima<\/strong>. Ya veremos c\u00f3mo evoluciona la campa\u00f1a\u201d, declar\u00f3 De Colo, uno de esos jugadores por los que merece pagar una entrada y que en muchas ocasiones se ha ensa\u00f1ado con el Baskonia.\n<\/p>\n<p class=\"article-body__text \">\n        De hecho, el conjunto vitoriano siempre ha figurado entre sus v\u00edctimas predilectas. <strong>Su partido con m\u00e1s puntos y valoraci\u00f3n en la Euroliga (39 y 44) se produjo ante el Baskonia cuando militaba en el Fenerbahce<\/strong> un 17 de octubre de 2019. Adem\u00e1s, su velada con m\u00e1s recuperaciones (6) tambi\u00e9n tuvo al inquilino del Buesa Arena como oponente.\n<\/p>\n<p class=\"article-body__text \">\n        Por si ello fuera poco, De Colo tambi\u00e9n se disfraz\u00f3 de verdugo en el Top 8 correspondiente a la temporada 2018-19, cuando <strong>sus excelsas actuaciones ofensivas fueron determinantes para que el CSKA de Mosc\u00fa eliminara al Baskonia<\/strong>, con 28 puntos en el tercer partido y otros 27 en el cuarto.\n<\/p>\n<p>            <a href=\"https:\/\/www.noticiasdealava.eus\/baskonia\/2025\/10\/02\/baskonia-recupera-diakite-asvel-euroliga-10158498.html\" title=\"El Baskonia recupera a Diakite ante el Asvel\" class=\"new__media\" rel=\"nofollow noopener\" target=\"_blank\"><\/p>\n<p>                <img alt=\"El Baskonia recupera a Diakite ante el Asvel\" data-src=\"https:\/\/www.europesays.com\/es\/wp-content\/uploads\/2025\/10\/344018a3-8c73-4eb4-ab00-04d0b756c317_16-9-aspect-ratio_default_0_x922y30.jpg\" class=\"lozad\"\/><\/p>\n<p>        <\/a><\/p>\n<p>        <a href=\"https:\/\/www.noticiasdealava.eus\/baskonia\/2025\/10\/02\/baskonia-recupera-diakite-asvel-euroliga-10158498.html\" title=\"El Baskonia recupera a Diakite ante el Asvel\" class=\"new__headline\" rel=\"nofollow noopener\" target=\"_blank\"><br \/>\n            El Baskonia recupera a Diakite ante el Asvel<br \/>\n        <\/a><\/p>\n<p>  Un \u2018killer\u2019 letal <\/p>\n<p class=\"article-body__text \">\n        El galo figura con letras may\u00fasculas entre los hist\u00f3ricos de la Euroliga. <strong>Es el segundo anotador m\u00e1s compulsivo con 4.866 puntos en 328 partidos<\/strong>, \u00fanicamente por detr\u00e1s del extraterrestre Mike James (5.300).\n<\/p>\n<p class=\"article-body__text \">\n        Es decir, anota casi 15 de media con m\u00e1s de un 54% de acierto en tiros de dos y un 41% en triples. Desde la l\u00ednea de personal es infalible, ya que\u00a0t<strong>an solo ha errado 87 de los 1.270 tiros libres que ha intentado en las 13 campa\u00f1as<\/strong> que acumula en la Euroliga.\n<\/p>\n<p>        El Baskonia siempre ha figurado entre sus v\u00edctimas predilectas. Su partido con m\u00e1s puntos y valoraci\u00f3n en la Euroliga (39 y 44) se produjo ante el Baskonia cuando militaba en el Fenerbahce un 17 de octubre de 2019<\/p>\n<p class=\"article-body__text \">\n        En definitiva, n\u00fameros asombrosos para un base-escolta cuya trayectoria resulta dif\u00edcilmente equiparable a la de alg\u00fan otro jugador hoy en d\u00eda. De Colo empez\u00f3 en el Cholet y pas\u00f3 por el Valencia Basket <strong>antes de dar el salto a la NBA de la mano de San Antonio Spurs y Toronto Raptors<\/strong>.\n<\/p>\n<p>            <a href=\"https:\/\/www.noticiasdealava.eus\/baskonia\/2025\/10\/02\/heurtel-pierde-reencuentro-exequipo-10159933.html\" title=\"Heurtel se pierde el reencuentro con su exequipo\" class=\"new__media\" rel=\"nofollow noopener\" target=\"_blank\"><\/p>\n<p>                <img alt=\"Heurtel se pierde el reencuentro con su exequipo\" data-src=\"https:\/\/www.europesays.com\/es\/wp-content\/uploads\/2025\/10\/12c52741-dde2-42b4-8446-51fa739aa302_16-9-aspect-ratio_default_0.jpg\" class=\"lozad\"\/><\/p>\n<p>        <\/a><\/p>\n<p>        <a href=\"https:\/\/www.noticiasdealava.eus\/baskonia\/2025\/10\/02\/heurtel-pierde-reencuentro-exequipo-10159933.html\" title=\"Heurtel se pierde el reencuentro con su exequipo\" class=\"new__headline\" rel=\"nofollow noopener\" target=\"_blank\"><br \/>\n            Heurtel se pierde el reencuentro con su exequipo<br \/>\n        <\/a><\/p>\n<p class=\"article-body__text \">\n        Tras su etapa en la liga estadounidense, llegaron sus mejores a\u00f1os en el CSKA. <strong>En Mosc\u00fa conquist\u00f3 dos Euroligas \u2013la segunda de ellas en Vitoria en 2019\u2013 y fue designado el MVP en 2016<\/strong>. Finalizada esa inolvidable etapa, competir\u00eda por espacio de tres campa\u00f1as en el Fenerbahce antes de regresar a su pa\u00eds natal para vestir la camiseta del Asvel.\n<\/p>\n<p>  Problemas con las lesiones<\/p>\n<p class=\"article-body__text \">\n        Si bien su rol es diferente al de los a\u00f1os m\u00e1s dorados de su trayectoria deportiva, queda claro que <strong>De Colo ya no deber\u00eda ser por una simple cuesti\u00f3n de edad el l\u00edder indiscutible<\/strong> de la escuadra dirigida por Pierric Poupet.\n<\/p>\n<p class=\"article-body__text \">\n        Adem\u00e1s, <strong>con el paso de los a\u00f1os las lesiones musculares no le han dado respiro<\/strong> y se ha perdido m\u00e1s partidos de los que le hubiera gustado. Sin embargo, ante el Valencia Basket volvi\u00f3 a demostrar que conserva magia en sus a\u00f1os y se le siguen cayendo los puntos de los bolsillos.\n<\/p>\n<p>            <a href=\"https:\/\/www.noticiasdealava.eus\/baskonia\/2025\/10\/02\/galbiati-necesitamos-aumentar-quimica-baskonia-euroliga-asvel-10158932.html\" title=\"Galbiati: &quot;Necesitamos aumentar la qu\u00edmica&quot;\" class=\"new__media\" rel=\"nofollow noopener\" target=\"_blank\"><\/p>\n<p>                <img alt=\"Galbiati: &quot;Necesitamos aumentar la qu\u00edmica&quot;\" data-src=\"https:\/\/www.europesays.com\/es\/wp-content\/uploads\/2025\/10\/5984cff6-3b0a-4d08-8eb8-cb5cb2c2aef3_16-9-aspect-ratio_default_0.jpg\" class=\"lozad\"\/><\/p>\n<p>        <\/a><\/p>\n<p>        <a href=\"https:\/\/www.noticiasdealava.eus\/baskonia\/2025\/10\/02\/galbiati-necesitamos-aumentar-quimica-baskonia-euroliga-asvel-10158932.html\" title=\"Galbiati: &quot;Necesitamos aumentar la qu\u00edmica&quot;\" class=\"new__headline\" rel=\"nofollow noopener\" target=\"_blank\"><br \/>\n            Galbiati: \u00abNecesitamos aumentar la qu\u00edmica\u00bb<br \/>\n        <\/a><\/p>\n<p class=\"article-body__text \">\n        <strong>En el tercer cuarto anot\u00f3 nueve consecutivos manteniendo a su equipo en la pelea<\/strong>, por lo que el Baskonia ya est\u00e1 avisado de lo que puede suceder esta noche si le deja hacer de las suyas.\n<\/p>\n<p class=\"article-body__text \">\n        De Colo ya se retir\u00f3 de la selecci\u00f3n francesa en 2024 tras <strong>una notable carrera de 16 a\u00f1os que culmin\u00f3 con la medalla de plata en los pasados Juegos Ol\u00edmpicos de Par\u00eds<\/strong>. Con la selecci\u00f3n bleu, se subi\u00f3 al caj\u00f3n otras cinco veces: plata en los Juegos Ol\u00edmpicos de 2020, bronce en el Mundial de 2019, oro en el Eurobasket de 2013, plata en el Europeo de 2011 y bronce en el de 2015. En total, anot\u00f3 2.194 puntos con Francia en la etapa FIBA.\n<\/p>\n<p>            <script async src=\"https:\/\/platform.twitter.com\/widgets.js\" charset=\"utf-8\"><\/script><\/p>\n","protected":false},"excerpt":{"rendered":"El Baskonia se adentra este viernes (20.00 horas) en el Astroballe, hogar de un Asvel Villeurbanne en el&hellip;\n","protected":false},"author":2,"featured_media":153735,"comment_status":"","ping_status":"","sticky":false,"template":"","format":"standard","meta":{"footnotes":""},"categories":[269],"tags":[4787,299,298,4714,168,25,24,3956,46296,23,167,3667,46295],"class_list":{"0":"post-153734","1":"post","2":"type-post","3":"status-publish","4":"format-standard","5":"has-post-thumbnail","7":"category-baloncesto","8":"tag-baile","9":"tag-baloncesto","10":"tag-basketball","11":"tag-baskonia","12":"tag-deportes","13":"tag-es","14":"tag-espana","15":"tag-gran","16":"tag-nando-de-colo","17":"tag-spain","18":"tag-sports","19":"tag-ultimo","20":"tag-verdugo"},"share_on_mastodon":{"url":"","error":""},"_links":{"self":[{"href":"https:\/\/www.europesays.com\/es\/wp-json\/wp\/v2\/posts\/153734","targetHints":{"allow":["GET"]}}],"collection":[{"href":"https:\/\/www.europesays.com\/es\/wp-json\/wp\/v2\/posts"}],"about":[{"href":"https:\/\/www.europesays.com\/es\/wp-json\/wp\/v2\/types\/post"}],"author":[{"embeddable":true,"href":"https:\/\/www.europesays.com\/es\/wp-json\/wp\/v2\/users\/2"}],"replies":[{"embeddable":true,"href":"https:\/\/www.europesays.com\/es\/wp-json\/wp\/v2\/comments?post=153734"}],"version-history":[{"count":0,"href":"https:\/\/www.europesays.com\/es\/wp-json\/wp\/v2\/posts\/153734\/revisions"}],"wp:featuredmedia":[{"embeddable":true,"href":"https:\/\/www.europesays.com\/es\/wp-json\/wp\/v2\/media\/153735"}],"wp:attachment":[{"href":"https:\/\/www.europesays.com\/es\/wp-json\/wp\/v2\/media?parent=153734"}],"wp:term":[{"taxonomy":"category","embeddable":true,"href":"https:\/\/www.europesays.com\/es\/wp-json\/wp\/v2\/categories?post=153734"},{"taxonomy":"post_tag","embeddable":true,"href":"https:\/\/www.europesays.com\/es\/wp-json\/wp\/v2\/tags?post=153734"}],"curies":[{"name":"wp","href":"https:\/\/api.w.org\/{rel}","templated":true}]}}