{"id":153736,"date":"2025-10-02T23:32:13","date_gmt":"2025-10-02T23:32:13","guid":{"rendered":"https:\/\/www.europesays.com\/es\/153736\/"},"modified":"2025-10-02T23:32:13","modified_gmt":"2025-10-02T23:32:13","slug":"el-campeon-de-europa-baja-a-la-tierra-a-lamine-yamal","status":"publish","type":"post","link":"https:\/\/www.europesays.com\/es\/153736\/","title":{"rendered":"El campe\u00f3n de Europa baja a la tierra a Lamine Yamal"},"content":{"rendered":"<p>El <a href=\"https:\/\/okdiario.com\/deportes\/goncalo-ramos-ajusta-cuentas-lamine-si-eres-mejor-hay-que-demostrarlo-campo-no-hablar-15513169\" target=\"_blank\" rel=\"noopener noreferrer nofollow\">Paris Saint-Germain<\/a> gan\u00f3 al <a href=\"https:\/\/www.fcbarcelona.es\/es\/\" rel=\"nofollow noopener\" target=\"_blank\">Barcelona<\/a> en <strong>Champions<\/strong> con tres bajas claves en ataque y baj\u00f3 a la tierra a <a href=\"https:\/\/okdiario.com\/deportes\/lamine-vuelve-presumir-mision-redes-borra-mensaje-derrota-contra-psg-15513083\" target=\"_blank\" rel=\"noopener noreferrer nofollow\">Lamine Yamal.<\/a> Le puso los pies en el suelo tras reivindicarse este a trav\u00e9s de redes sociales en la previa del partido. La perla cul\u00e9 empez\u00f3 activo y dejando varios destellos. Pero se fue apagando hasta terminar desapareciendo. <strong>Nuno Mendes<\/strong> le anul\u00f3, no tir\u00f3 a porter\u00eda durante los 90 minutos y el sistema t\u00e1ctico de <strong>Luis Enrique<\/strong> logr\u00f3 frenarlo sin sufrir.<\/p>\n<p><strong>Lamine Yamal<\/strong> volvi\u00f3 a jugar el pasado mi\u00e9rcoles contra un gran rival y vio la realidad de la m\u00e1xima \u00e9lite del f\u00fatbol frente a sus narices. No se med\u00eda a un gran rival con potencia desde el 8 de junio. Aquel d\u00eda jug\u00f3 con la selecci\u00f3n espa\u00f1ola la final de la Liga de Naciones y tambi\u00e9n fue anulado por Portugal. Perdi\u00f3 la final y no apareci\u00f3. Casualmente, tambi\u00e9n fue anulado en aquel partido por <strong>Nuno Mendes<\/strong> en su banda.<\/p>\n<p>Casi cuatro meses despu\u00e9s, <strong>Lamine Yamal<\/strong> tuvo otro gran rival enfrente y volvi\u00f3 a desaparecer sobre el terreno de juego. El mejor posible a d\u00eda de hoy. El campe\u00f3n de Europa. No conoc\u00eda la derrota con el <strong>Barcelona<\/strong> o con Espa\u00f1a desde aquel d\u00eda y el <strong>PSG<\/strong> se la record\u00f3 de nuevo. Entre esos dos partidos, goles al Mallorca y Rayo. Pero el nivel para ser el mejor lo marcan siempre los mejores rivales.<\/p>\n<p>Y <strong>Lamine Yamal<\/strong> no demostr\u00f3 su mejor versi\u00f3n ante el <strong>PSG<\/strong> en la Champions League. El campe\u00f3n de Europa le puso los pies en la tierra. Pec\u00f3 de arrogancia en redes en la previa del partido y se llev\u00f3 un tortazo de realidad sobre el c\u00e9sped. Y eso que empez\u00f3 el partido con una jugada maradoniana en banda del propio Yamal que termin\u00f3 en un buen pase a Ferran filtrado que termin\u00f3 despejado por la defensa parisina.<\/p>\n<p>Pero a partir de ah\u00ed, poco a poco, fue perdiendo fuelle. Durante la primera media hora, con un Bar\u00e7a superior al<strong> PSG<\/strong>, si vimos un Lamine algo m\u00e1s metido. Rob\u00f3 la pelota que perdi\u00f3 Vitinha en campo propio y que termin\u00f3 en el primer gol de Ferran. Pero poco m\u00e1s. Jug\u00f3 los 90 minutos y no tir\u00f3 a porter\u00eda ni una sola vez. Tampoco gener\u00f3, obviamente, ninguna situaci\u00f3n de gol.<\/p>\n<p>Las estad\u00edsticas del que quer\u00eda ser hace una semana <strong>Bal\u00f3n de Oro<\/strong> en Par\u00eds no estuvieron a la altura de ese premio. Y en un partido de la misma altura. Y sin Demb\u00e9l\u00e9, el que se llev\u00f3 el premio. Los ingredientes estaban para reivindicarse. Pero no logr\u00f3.<\/p>\n<p><strong>Nuno Mendes<\/strong> le sec\u00f3 en banda y en la segunda parte desapareci\u00f3 del mapa. <strong>Luis Enrique<\/strong> busc\u00f3 ayudas para desactivarlo y lo consigui\u00f3. Adem\u00e1s, vimos un <strong>Yamal<\/strong> muy ap\u00e1tico a la hora de defender y ayudar a su lateral. Sobre todo en el segundo tiempo. En el gol del empate de Mayulu antes del descanso ya se pudo a ver a Lamine regresando andando mientras Nuno avanzaba como si Montjuic fuese su casa. Ya lo dijo Flick, que hay que trabajar y que con el talento solamente no basta. Era un aviso y Lamine no lo aplic\u00f3.<\/p>\n","protected":false},"excerpt":{"rendered":"El Paris Saint-Germain gan\u00f3 al Barcelona en Champions con tres bajas claves en ataque y baj\u00f3 a la&hellip;\n","protected":false},"author":2,"featured_media":153737,"comment_status":"","ping_status":"","sticky":false,"template":"","format":"standard","meta":{"footnotes":""},"categories":[268],"tags":[168,25,24,280,282,281,23,167],"class_list":{"0":"post-153736","1":"post","2":"type-post","3":"status-publish","4":"format-standard","5":"has-post-thumbnail","7":"category-futbol","8":"tag-deportes","9":"tag-es","10":"tag-espana","11":"tag-football","12":"tag-futbol","13":"tag-soccer","14":"tag-spain","15":"tag-sports"},"share_on_mastodon":{"url":"","error":""},"_links":{"self":[{"href":"https:\/\/www.europesays.com\/es\/wp-json\/wp\/v2\/posts\/153736","targetHints":{"allow":["GET"]}}],"collection":[{"href":"https:\/\/www.europesays.com\/es\/wp-json\/wp\/v2\/posts"}],"about":[{"href":"https:\/\/www.europesays.com\/es\/wp-json\/wp\/v2\/types\/post"}],"author":[{"embeddable":true,"href":"https:\/\/www.europesays.com\/es\/wp-json\/wp\/v2\/users\/2"}],"replies":[{"embeddable":true,"href":"https:\/\/www.europesays.com\/es\/wp-json\/wp\/v2\/comments?post=153736"}],"version-history":[{"count":0,"href":"https:\/\/www.europesays.com\/es\/wp-json\/wp\/v2\/posts\/153736\/revisions"}],"wp:featuredmedia":[{"embeddable":true,"href":"https:\/\/www.europesays.com\/es\/wp-json\/wp\/v2\/media\/153737"}],"wp:attachment":[{"href":"https:\/\/www.europesays.com\/es\/wp-json\/wp\/v2\/media?parent=153736"}],"wp:term":[{"taxonomy":"category","embeddable":true,"href":"https:\/\/www.europesays.com\/es\/wp-json\/wp\/v2\/categories?post=153736"},{"taxonomy":"post_tag","embeddable":true,"href":"https:\/\/www.europesays.com\/es\/wp-json\/wp\/v2\/tags?post=153736"}],"curies":[{"name":"wp","href":"https:\/\/api.w.org\/{rel}","templated":true}]}}