{"id":153738,"date":"2025-10-02T23:33:09","date_gmt":"2025-10-02T23:33:09","guid":{"rendered":"https:\/\/www.europesays.com\/es\/153738\/"},"modified":"2025-10-02T23:33:09","modified_gmt":"2025-10-02T23:33:09","slug":"pamela-anderson-deslumbra-en-el-desfile-de-mugler-con-un-look-de-inspiracion-ochentera","status":"publish","type":"post","link":"https:\/\/www.europesays.com\/es\/153738\/","title":{"rendered":"Pamela Anderson deslumbra en el desfile de Mugler con un &#8216;look&#8217; de inspiraci\u00f3n ochentera"},"content":{"rendered":"<p id=\"eGyhdfJ7VxY\" data-wc=\"63\"><strong>Pamela Anderson<\/strong> contin\u00faa sorprendiendo con su renovada imagen en la semana de la moda parisina. La actriz asisti\u00f3 al esperado debut de <strong>Miguel Castro Freitas<\/strong> como director creativo de <strong>Mugler<\/strong>, donde no solo llam\u00f3 \u00a0la atenci\u00f3n por ocupar un lugar privilegiado en la <strong>primera fila junto a Anna Wintour y Naomi Watts<\/strong>, sino tambi\u00e9n por el impecable estilismo que eligi\u00f3 para la ocasi\u00f3n.<\/p>\n<p id=\"eJHcPdmKnf1\" data-wc=\"40\">La actriz llev\u00f3 una silueta negra que acentuaba su figura, una pieza de inspiraci\u00f3n ochentena con hombreras y un corset que enfatizaba la cintura. Una pieza que si bien toma inspiraci\u00f3n de tendencias del pasado, se siente vigente y relevante.<\/p>\n<p> <img src=\"https:\/\/www.europesays.com\/es\/wp-content\/uploads\/2025\/10\/198e23361bb8-gettyimages-2238728883.jpg\"   width=\"1024\" height=\"637\" loading=\"lazy\" decoding=\"async\" alt=\"Anna Wintour, Pamela Anderson y Naomi Watts juntas en el desfile.\" fetchpriority=\"auto\" class=\"image ho-image\"\/>\u00a9 Getty ImagesAnna Wintour, Pamela Anderson y Naomi Watts juntas en el desfile.<br \/>\nEl look\u00a0de impacto de Pamela Anderson en el desfile<\/p>\n<p id=\"eG0Fx-ScyG0\" data-wc=\"75\">La casa francesa se caracteriza por tener una propuesta dram\u00e1tica y exagerada, por lo que Anderson opt\u00f3 por un <strong>vestido negro de silueta ochentera y que respeta esa misma esencia<\/strong>. Un vestido de cuello alto, con hombreras marcadas, un drapeado frontal y acabado satinado que jugaba con los reflejos de la luz. La actriz combin\u00f3 este vestido con un par de zapatos de punta que alargaron su figura y le dieron el toque sofisticado perfecto.<\/p>\n<p> <img src=\"https:\/\/www.europesays.com\/es\/wp-content\/uploads\/2025\/10\/0eb491f10dfa-gettyimages-2238727083.jpg\"   width=\"682\" height=\"1024\" loading=\"lazy\" decoding=\"async\" alt=\"Pamela Anderson llega al debut de Miguel Castro Freitas en Mugler.\" fetchpriority=\"auto\" class=\"image ho-image\"\/>\u00a9 Getty ImagesPamela Anderson llega al debut de Miguel Castro Freitas en Mugler.<\/p>\n<p id=\"exgWph3jvFOX\" data-wc=\"36\">Este look es sofisticado y poderoso, evoca la era dorada de <strong>Mugler,\u00a0<\/strong>aquella donde la exageraci\u00f3n de las formas y la teatralidad definieron una est\u00e9tica que hasta la fecha se mantiene y define a la maison.\u00a0<\/p>\n<p>Una nueva era de Pamela Anderson<\/p>\n<p id=\"eUUul2nuhZJR\" data-wc=\"70\">M\u00e1s all\u00e1 del vestido, <a class=\"hm-link ho-link\" href=\"https:\/\/www.hola.com\/us-es\/belleza\/20251001859058\/pamela-anderson-color-cabello-cobrizo\/\" rel=\"noopener nofollow\" target=\"_blank\" data-mrf-recirculation=\"article-body-link\">lo que sell\u00f3 su aparici\u00f3n fue su nueva melena cobriza,\u00a0u<\/a>n cambio de look que la actriz presumi\u00f3 tan s\u00f3lo unos d\u00edas antes en un exclusivo evento de semana de la moda en Par\u00eds y con la que refuerza esta nueva etapa en la que la actriz y modelo se presenta m\u00e1s natural, segura y en la que ve a la industria fashionista desde otra perspectiva.<\/p>\n<p> <img src=\"https:\/\/www.europesays.com\/es\/wp-content\/uploads\/2025\/10\/784864ca00b4-gettyimages-2238727171.jpg\"   width=\"682\" height=\"1024\" loading=\"lazy\" decoding=\"async\" alt=\"Pamela Anderson presume su nueva melena en Par\u00eds.\" fetchpriority=\"auto\" class=\"image ho-image\"\/>\u00a9 Getty ImagesPamela Anderson presume su nueva melena en Par\u00eds.<\/p>\n<p id=\"ekKESJMjk6M\" data-wc=\"60\">A tan s\u00f3lo d\u00edas de haber presumido esta nueva melena, ya la hemos visto estilizarla de diferentes formas. Pues aunque el color fue el cambio m\u00e1s obvio en la apariencia de la actriz, la protagonista de <strong>Baywatch<\/strong> tambi\u00e9n lo lleva con un corte fresco y moderno: <a class=\"hm-link ho-link\" href=\"https:\/\/www.hola.com\/us-es\/belleza\/20250704842063\/bixie-cut-el-corte-de-cabello-estrella-que-tienes-que-probar-este-verano\/\" rel=\"noopener nofollow\" target=\"_blank\" data-mrf-recirculation=\"article-body-link\">el bixie cut que poco a poco ha conquistado a las it-girls\u00a0del momento.<\/a><\/p>\n<p> <img src=\"https:\/\/www.europesays.com\/es\/wp-content\/uploads\/2025\/10\/b261c0fcd33f-gettyimages-2238729034.jpg\"   width=\"686\" height=\"1024\" loading=\"lazy\" decoding=\"async\" alt=\"Pamela en la primera fila de Mugler.\" fetchpriority=\"auto\" class=\"image ho-image\"\/>\u00a9 Getty ImagesPamela en la primera fila de Mugler.<\/p>\n<p id=\"e2FbEwKsYK3M\" data-wc=\"51\">La actriz pein\u00f3 su bixie cut\u00a0a manera de blow dry, lo que reafirma esa esencia ochentena que evoca su atuendo. Y entre figuras clave del mundo editorial y cinematogr\u00e1fico, Pamela reafirm\u00f3 que est\u00e1 lejos de ser un \u00edcono del pasado, pues se posiciona como todo un referente de estilo contempor\u00e1neo.<\/p>\n","protected":false},"excerpt":{"rendered":"Pamela Anderson contin\u00faa sorprendiendo con su renovada imagen en la semana de la moda parisina. La actriz asisti\u00f3&hellip;\n","protected":false},"author":2,"featured_media":153739,"comment_status":"","ping_status":"","sticky":false,"template":"","format":"standard","meta":{"footnotes":""},"categories":[174],"tags":[517,255,146,147,25,24,256,1023,22110,23],"class_list":{"0":"post-153738","1":"post","2":"type-post","3":"status-publish","4":"format-standard","5":"has-post-thumbnail","7":"category-famosos","8":"tag-actualidad","9":"tag-celebrities","10":"tag-entertainment","11":"tag-entretenimiento","12":"tag-es","13":"tag-espana","14":"tag-famosos","15":"tag-moda","16":"tag-paris-fashion-week","17":"tag-spain"},"share_on_mastodon":{"url":"","error":""},"_links":{"self":[{"href":"https:\/\/www.europesays.com\/es\/wp-json\/wp\/v2\/posts\/153738","targetHints":{"allow":["GET"]}}],"collection":[{"href":"https:\/\/www.europesays.com\/es\/wp-json\/wp\/v2\/posts"}],"about":[{"href":"https:\/\/www.europesays.com\/es\/wp-json\/wp\/v2\/types\/post"}],"author":[{"embeddable":true,"href":"https:\/\/www.europesays.com\/es\/wp-json\/wp\/v2\/users\/2"}],"replies":[{"embeddable":true,"href":"https:\/\/www.europesays.com\/es\/wp-json\/wp\/v2\/comments?post=153738"}],"version-history":[{"count":0,"href":"https:\/\/www.europesays.com\/es\/wp-json\/wp\/v2\/posts\/153738\/revisions"}],"wp:featuredmedia":[{"embeddable":true,"href":"https:\/\/www.europesays.com\/es\/wp-json\/wp\/v2\/media\/153739"}],"wp:attachment":[{"href":"https:\/\/www.europesays.com\/es\/wp-json\/wp\/v2\/media?parent=153738"}],"wp:term":[{"taxonomy":"category","embeddable":true,"href":"https:\/\/www.europesays.com\/es\/wp-json\/wp\/v2\/categories?post=153738"},{"taxonomy":"post_tag","embeddable":true,"href":"https:\/\/www.europesays.com\/es\/wp-json\/wp\/v2\/tags?post=153738"}],"curies":[{"name":"wp","href":"https:\/\/api.w.org\/{rel}","templated":true}]}}