{"id":153742,"date":"2025-10-02T23:36:06","date_gmt":"2025-10-02T23:36:06","guid":{"rendered":"https:\/\/www.europesays.com\/es\/153742\/"},"modified":"2025-10-02T23:36:06","modified_gmt":"2025-10-02T23:36:06","slug":"avance-del-proximo-capitulo-de-suenos-de-libertad-irene-desesperada-pide-ayuda-a-damian-para-encontrar-a-jo-antena-3","status":"publish","type":"post","link":"https:\/\/www.europesays.com\/es\/153742\/","title":{"rendered":"Avance del pr\u00f3ximo cap\u00edtulo de Sue\u00f1os de libertad: Irene, desesperada, pide ayuda a Dami\u00e1n para encontrar a Jo &#8211; Antena 3"},"content":{"rendered":"<ol>\n<li><a href=\"https:\/\/news.google.com\/rss\/articles\/CBMi_wFBVV95cUxPODFUNi1sYzhZWEoxZlA1dmYtNnNxWHdsc3NMR2NRRktyUno1cldNSFhsVVJDOGI4X3hScVh3Q19VQklYVzVaRU5pUlFHQ0pfUWI1enBFUVZySFFZSE5jdG9rWGtJUTJMWF9USGZmNHBldFMxTFhJNm95T2d0SHZmLUNmQmp6cVF0VzdNdEpjcC1nem9ZeWpSdFByMURXRFgyVXBKSHlSY0VpY25DN2I3WUROb3hQMHNtbkxjaENEblhleDM5cS1xYUYxb2lEaUtkdjhfYlNvSEtiek1VSEhUU0Naa2xkeVY1Tl9aal92dnBRQkdDQ0tvaUh6UjV3YknSAf8BQVVfeXFMTnQxVmZVUkNmbjFhXzEzZ05OUDNlb29TNnJTSHU4eXhrNVJXMnd0eURqZmhQYWZmdnE3cmdZUnlVeURXaEM5Z3E0TEhYUTBmS21sdEF6NnNQejEzckN5bVR2X2lqcHRLYnBLSU5MSmJQTmQwekQzUFNpRnFsd1NYaGx6UXFrSDVmNFBXYXZXRWI5d0dwN0xvNUpveXF0QkhJWlF1cnVkSlk2WTlBVGtUVmJPZXo1T1g2NFpGVUxCVmxuTWprSTBTNVhrWHpkMXEtMFpoekJYZm1MV09LcG1TNXN2RlloZlRmT2xnN0FfYVFEaXgzQ2FUZVhvT3lWeElV?oc=5\" target=\"_blank\" rel=\"nofollow noopener\">Avance del pr\u00f3ximo cap\u00edtulo de Sue\u00f1os de libertad: Irene, desesperada, pide ayuda a Dami\u00e1n para encontrar a Jo<\/a>&nbsp;&nbsp;Antena 3<\/li>\n<li><a href=\"https:\/\/news.google.com\/rss\/articles\/CBMixwFBVV95cUxOeng3Y3NLMU9ON1VidDE4XzU4dGJyb2lmcEFtR2pxWlRqRGhrdHA2Q2t0VXJZeGFOZ2gySXVXLXE4ZDlub04wU2QxV1V3TFVPc1l3aWlmanlPUXFGa3JsNjk3RnYtcHRySXZfNDNydUR4a09Id09jMmxXT2FiRUNSUlVsM1AzRUZoOGNsdXNOUy0tTUZKbmF0NFROUnhfMlBPVl9aNENVUkFLbWx0RFdJbVI2NmhMaHNZLS1MU0hCTS1CR3c3SW5V0gHMAUFVX3lxTE11SHdmZlFzZm8xMVNhdmVic0E0YU1RdlM2clNSR0RHM3NjWXRjdXJlN0gydG5mSkhBNjA1cVduTWkxT1otcjk2MmhvR0pRaWFQdzQ1RDVuMUh6dUNMdVcwN01mcnhQNkpncG5PSVRwclBISVN6d3I5cTh1a0lYSjgwbGl1WjkydGZLRW9OWU80WWdST0liVzJhS2VUNmxSaC1UY2R0dkd1SWl6bEZmV295TVVJSm1kUHZ0elNWcU5JR2xjUFhRVF93TFNmUA?oc=5\" target=\"_blank\" rel=\"nofollow noopener\">Avance del cap\u00edtulo 407 de &#8216;Sue\u00f1os de libertad&#8217; del viernes, 3 de octubre: Bego\u00f1a, \u00bfembarazada?<\/a>&nbsp;&nbsp;El Confidencial<\/li>\n<li><a href=\"https:\/\/news.google.com\/rss\/articles\/CBMi5gFBVV95cUxONHJYTEtwaDB0dHZmSmpsc2FrX20yNDhZXzhIcUN1aWQyX2tLZjZ6OHpUM0xYcVRZQ05HSi0wRDlzVndISHdBTkJKbHI4SUk4TjNZQ1RZUnB3eVRrRVd4b1Q2VzdjbE9rX1RCbmtSS1RoLTNHb2JiZHZJazEzX2lHdWJ1WE5WNXh6Yjd4eERfeWFFN0dHUGx1QUUxWTVWa2g3WWo4YTVWWUQxTUxJdjVWdzhUa2lBUzJocURiTzRibWFDSjU5c3lDWksyNG1oM3RfVnhlUDZXX21Bb1Z1YVZBVzd0TWZuQdIB5gFBVV95cUxPNXhhOXlYNDdfLTVkUmRfQ3gwSFk1RkpYTmktZXIwX1VVQ2N3dWxVbDdadjhTV1N2YXNwZlN6REp3TDltT2Fqb0hPYmh1VldTU3ZUSEprSFpKY1BTUmFud0lpanZ0UnlvZVpTSkp1NE5ndVZMSlR3eWJTNThHS0YweUFNckZ3eVl5dWFrNHR3WlRHLWdwMDFkQ0pCaGk4aWttNlUzalc2VzA3SUktVU1aOHBaN2JpeXdSUWo3ZEJCV1Zfb3lTMXNRMF8zWkM2Wk05Q1Ixc2MydmY5MFhTdHRsV0ZXd0NKUQ?oc=5\" target=\"_blank\" rel=\"nofollow noopener\">Cap\u00edtulo de hoy de Sue\u00f1os de libertad; 2 de octubre: Carmen y Gema le cuentan a Tasio su idea para relanzar el<\/a>&nbsp;&nbsp;Antena 3<\/li>\n<li><a href=\"https:\/\/news.google.com\/rss\/articles\/CBMirwFBVV95cUxNTlhkUDBHU19yMFFZeTVSazB4MFIyR1FZbmFTckgyRjJuMTItQkpmOHpHWGRxVmp0bVdRSXNIU09nVThxZDZTQmpRWDRyODhrbDB1WTdtaEtiV3Q1LUVHemZjU3psTTdKZkdTaGRtMEsxU1JVSHRIMGYwM212RWlfcXBUNzFlck9qSkZucFQ1N3NIZGxUREI4aGNiV0pWWFp4Qnl1Smxmc1A3RVdGQ3dn0gG0AUFVX3lxTE43RjdjeUE4UzdIUXNVNlJxdEp1QVNXeFk3N3dHaElILUJTNWR1Y2FITzNLVVU2alJfYU13T0RCQThWU0d0STRtSmR3X19Mc1hOMHdUN0k0OV9ZbVd5bjJHS2VxREV4RVpmUnQ3bV9KeUd4dnpheXBNdVdrdXJZSkplY0hMN0pnUjctN0NCZjNScy01c3Z2TExLWlRRdXpvV0JubTJ3MU5KZDVYTVBmeUptRjdCMw?oc=5\" target=\"_blank\" rel=\"nofollow noopener\">Avance del cap\u00edtulo de \u2018Sue\u00f1os de libertad\u2019 de hoy: Gabriel sorprende a Isabel con una promesa<\/a>&nbsp;&nbsp;OkDiario<\/li>\n<li><a href=\"https:\/\/news.google.com\/rss\/articles\/CBMirgFBVV95cUxPYTJiWXBpWFMyVHF3SDh5dTBMYUd1U1F2RERoOVBDbFdsc2tNdjdzRzF1UHpmZGQxQWFDb2d4ZEZkSkNXUVg4SXp2T203b3NhdGNHMWdOVERhZm1EZDFKekc5SjlYMjM3blpTWVdlbkRlTlh1dEhqRnd0XzFWVks0T0dxaHhHS1NiaktrLXdXTVM0Nml6V0Z3cFhXaEl6SUFSUDVfc0hKTENyWGs4S1E?oc=5\" target=\"_blank\" rel=\"nofollow noopener\">Bego\u00f1a descubre que est\u00e1 embarazada en los pr\u00f3ximos cap\u00edtulos de &#8216;Sue\u00f1os de libertad&#8217; en Antena 3<\/a>&nbsp;&nbsp;Diez Minutos<\/li>\n<\/ol>\n","protected":false},"excerpt":{"rendered":"Avance del pr\u00f3ximo cap\u00edtulo de Sue\u00f1os de libertad: Irene, desesperada, pide ayuda a Dami\u00e1n para encontrar a Jo&nbsp;&nbsp;Antena&hellip;\n","protected":false},"author":2,"featured_media":153743,"comment_status":"","ping_status":"","sticky":false,"template":"","format":"standard","meta":{"footnotes":""},"categories":[171],"tags":[146,147,25,24,23,214],"class_list":{"0":"post-153742","1":"post","2":"type-post","3":"status-publish","4":"format-standard","5":"has-post-thumbnail","7":"category-tv","8":"tag-entertainment","9":"tag-entretenimiento","10":"tag-es","11":"tag-espana","12":"tag-spain","13":"tag-tv"},"share_on_mastodon":{"url":"","error":""},"_links":{"self":[{"href":"https:\/\/www.europesays.com\/es\/wp-json\/wp\/v2\/posts\/153742","targetHints":{"allow":["GET"]}}],"collection":[{"href":"https:\/\/www.europesays.com\/es\/wp-json\/wp\/v2\/posts"}],"about":[{"href":"https:\/\/www.europesays.com\/es\/wp-json\/wp\/v2\/types\/post"}],"author":[{"embeddable":true,"href":"https:\/\/www.europesays.com\/es\/wp-json\/wp\/v2\/users\/2"}],"replies":[{"embeddable":true,"href":"https:\/\/www.europesays.com\/es\/wp-json\/wp\/v2\/comments?post=153742"}],"version-history":[{"count":0,"href":"https:\/\/www.europesays.com\/es\/wp-json\/wp\/v2\/posts\/153742\/revisions"}],"wp:featuredmedia":[{"embeddable":true,"href":"https:\/\/www.europesays.com\/es\/wp-json\/wp\/v2\/media\/153743"}],"wp:attachment":[{"href":"https:\/\/www.europesays.com\/es\/wp-json\/wp\/v2\/media?parent=153742"}],"wp:term":[{"taxonomy":"category","embeddable":true,"href":"https:\/\/www.europesays.com\/es\/wp-json\/wp\/v2\/categories?post=153742"},{"taxonomy":"post_tag","embeddable":true,"href":"https:\/\/www.europesays.com\/es\/wp-json\/wp\/v2\/tags?post=153742"}],"curies":[{"name":"wp","href":"https:\/\/api.w.org\/{rel}","templated":true}]}}