{"id":153748,"date":"2025-10-02T23:41:13","date_gmt":"2025-10-02T23:41:13","guid":{"rendered":"https:\/\/www.europesays.com\/es\/153748\/"},"modified":"2025-10-02T23:41:13","modified_gmt":"2025-10-02T23:41:13","slug":"avance-del-capitulo-407-de-suenos-de-libertad-del-viernes-3-de-octubre-begona-embarazada","status":"publish","type":"post","link":"https:\/\/www.europesays.com\/es\/153748\/","title":{"rendered":"Avance del cap\u00edtulo 407 de &#8216;Sue\u00f1os de libertad&#8217; del viernes, 3 de octubre: Bego\u00f1a, \u00bfembarazada?"},"content":{"rendered":"\n<ul class=\"bodyList bodyList--unordered\">\n<li class=\"bodyList__item\"><strong><a href=\"https:\/\/www.elconfidencial.com\/television\/series-tv\/2025-09-09\/suenos-de-libertad-marta-belmonte-mafin-marcha-fina-1qrt_4205223\/\" target=\"_self\" rel=\"nofollow noopener\">Marta Belmonte, actriz de Sue\u00f1os de libertad:<\/a> \u00abNo es que se acabe &#8216;Mafin&#8217;, es que Fina se ha ido. Son cosas distintas\u00bb<\/strong><\/li>\n<li class=\"bodyList__item\"><strong><a href=\"https:\/\/www.elconfidencial.com\/television\/series-tv\/2024-02-19\/suenos-de-libertad-personajes-actores-serie-antena3_3833487\/\" target=\"_self\" rel=\"nofollow noopener\">Qui\u00e9n es qui\u00e9n en Sue\u00f1os de libertad, la gran apuesta diaria de Antena 3<\/a><\/strong><\/li>\n<\/ul>\n<p> El personaje de Marta ha tocado fondo con su estado an\u00edmico tras la marcha de Fina, en la serie <a href=\"https:\/\/www.elconfidencial.com\/tags\/temas\/suenos-de-libertad-21338\/\" target=\"_self\" rel=\"nofollow noopener\">Sue\u00f1os de libertad<\/a>. Sin embargo, la \u00faltima confesi\u00f3n de la empresaria a su hermano Andr\u00e9s podr\u00eda hacer que se desahogase finalmente, y encontrase las fuerzas para seguir levant\u00e1ndose cada d\u00eda. Eso s\u00ed, en el nuevo cap\u00edtulo de <strong>este viernes, 3 de octubre<\/strong>, que Antena 3 emitir\u00e1 a las 15:45 horas, ese momento fraternal de confidencias podr\u00eda salirle caro a la hija de Dami\u00e1n. <\/p>\n<p> Durante el episodio anterior, emitido este jueves, de la producci\u00f3n protagonizada por <a href=\"https:\/\/www.elconfidencial.com\/television\/series-tv\/2024-03-12\/suenos-de-libertad-entrevista-natalia-sanchez-begona-montes_3846684\/\" target=\"_self\" rel=\"nofollow noopener\">Natalia S\u00e1nchez<\/a>, Dani Tatay y Roser Tapias, entre otros int\u00e9rpretes, Gabriel se ha ganado de nuevo a Isabel, prometi\u00e9ndole un futuro juntos si lograba hacerse con la empresa. Mientras buscaban nuevas pistas <strong>sobre la desaparici\u00f3n de Jos\u00e9<\/strong>, Irene ha propuesto a Cristina que viviesen juntas. <\/p>\n<p>              <img decoding=\"async\" class=\"inTextNews__img\" alt=\"Foto: suenos-de-libertad-nancho-novo-muerte-don-pedro-1qrt\" src=\"https:\/\/www.europesays.com\/es\/wp-content\/uploads\/2025\/10\/f.elconfidencial.com\/original\/6d5\/ea6\/dfb\/6d5ea6dfb39ccc5ebc9a0e79832bb5f8.jpg\"  \/>     <\/p>\n<p>TE PUEDE INTERESAR<\/p>\n<p>      <a class=\"inTextNews__title\" href=\"https:\/\/www.elconfidencial.com\/television\/series-tv\/2025-10-01\/suenos-de-libertad-nancho-novo-muerte-don-pedro-1qrt_4218416\/\" onclick=\"window.ECCO.emit(&#039;amplitude&#039;, { dataEventName: &#039;click_related_article_module&#039;, data: { related_article_url: &#039;https:\/\/www.elconfidencial.com\/television\/series-tv\/2025-10-01\/suenos-de-libertad-nancho-novo-muerte-don-pedro-1qrt_4218416\/&#039;, related_article_author: &#039;Alberto Richart&#039;, related_article_section: &#039;series-tv&#039; } })\" rel=\"nofollow noopener\" target=\"_blank\"> Nancho Novo, actor de &#8216;Sue\u00f1os de libertad&#8217;, sobre la muerte de don Pedro: \u00abAlg\u00fan d\u00eda saldr\u00e1 todo a la luz\u00bb <\/a>   <\/p>\n<p>    A. Richart   <\/p>\n<p> Carmen y Gema, desbordadas por sus funciones, <strong>han contactado con Emma Govantes <\/strong>para relanzar Pasi\u00f3n Oculta con su imagen. Bego\u00f1a y Andr\u00e9s han desconfiado cada vez m\u00e1s de Gabriel, temiendo que pudiese hacerle da\u00f1o a ella. Mar\u00eda tambi\u00e9n ha alertado a Gabriel de que Dami\u00e1n y Andr\u00e9s sospechaban. <\/p>\n<p> Cristina <strong>ha querido vender sus acciones<\/strong>, decisi\u00f3n que podr\u00eda alterar los equilibrios de poder en la empresa. Gaspar ha aconsejado a Ra\u00fal no aceptar la propuesta como piloto sustituto, mientras que Claudia y el mec\u00e1nico han seguido ocult\u00e1ndose informaci\u00f3n. Por \u00faltimo, Marta ha confesado a Andr\u00e9s la verdad sobre la muerte de <a href=\"https:\/\/www.elconfidencial.com\/television\/series-tv\/2024-11-19\/suenos-de-libertad-gabriel-de-mulder-santiago-ojeda-1qrt_4006537\/\" target=\"_self\" rel=\"nofollow noopener\">Santiago<\/a>. <\/p>\n<p>            Avance del cap\u00edtulo 407           <\/p>\n<p> Gabriel intenta justificar sus viajes a Madrid, y <a href=\"https:\/\/www.elconfidencial.com\/television\/series-tv\/2025-06-08\/suenos-de-libertad-actriz-sara-sanz-cristina-ricarte-1qrt_4144427\/\" target=\"_self\" rel=\"nofollow noopener\">Cristina<\/a> hace una importante confesi\u00f3n a Luz sobre el tema del beso a Luis. El perfumista se entera de que<strong> Cristina quiere irse de la colonia<\/strong>. <\/p>\n<p> Bego\u00f1a cree que <strong>puede estar embarazada<\/strong>, pero decide no cont\u00e1rselo a Gabriel. Mientras, impulsado por Teo, Ra\u00fal miente a Claudia para ir al entrenamiento. Por otro lado, Pelayo reprocha a Marta haberle contado a Andr\u00e9s lo de Santiago. <\/p>\n<p> Gaspar le dice a Manuela que se queda y propone que normalicen su relaci\u00f3n como amigos. <strong>Irene pide ayuda a Dami\u00e1n<\/strong> para encontrar a Jos\u00e9, y Tasio respira por fin al ver que se resuelven algunos problemas de la empresa. <\/p>\n<ul class=\"bodyList bodyList--unordered\">\n<li class=\"bodyList__item\"><strong><a href=\"https:\/\/www.elconfidencial.com\/television\/series-tv\/2025-09-09\/suenos-de-libertad-marta-belmonte-mafin-marcha-fina-1qrt_4205223\/\" target=\"_self\" rel=\"nofollow noopener\">Marta Belmonte, actriz de Sue\u00f1os de libertad:<\/a> \u00abNo es que se acabe &#8216;Mafin&#8217;, es que Fina se ha ido. Son cosas distintas\u00bb<\/strong><\/li>\n<li class=\"bodyList__item\"><strong><a href=\"https:\/\/www.elconfidencial.com\/television\/series-tv\/2024-02-19\/suenos-de-libertad-personajes-actores-serie-antena3_3833487\/\" target=\"_self\" rel=\"nofollow noopener\">Qui\u00e9n es qui\u00e9n en Sue\u00f1os de libertad, la gran apuesta diaria de Antena 3<\/a><\/strong><\/li>\n<\/ul>\n<p> El personaje de Marta ha tocado fondo con su estado an\u00edmico tras la marcha de Fina, en la serie <a href=\"https:\/\/www.elconfidencial.com\/tags\/temas\/suenos-de-libertad-21338\/\" target=\"_self\" rel=\"nofollow noopener\">Sue\u00f1os de libertad<\/a>. Sin embargo, la \u00faltima confesi\u00f3n de la empresaria a su hermano Andr\u00e9s podr\u00eda hacer que se desahogase finalmente, y encontrase las fuerzas para seguir levant\u00e1ndose cada d\u00eda. Eso s\u00ed, en el nuevo cap\u00edtulo de <strong>este viernes, 3 de octubre<\/strong>, que Antena 3 emitir\u00e1 a las 15:45 horas, ese momento fraternal de confidencias podr\u00eda salirle caro a la hija de Dami\u00e1n. <\/p>\n","protected":false},"excerpt":{"rendered":"Marta Belmonte, actriz de Sue\u00f1os de libertad: \u00abNo es que se acabe &#8216;Mafin&#8217;, es que Fina se ha&hellip;\n","protected":false},"author":2,"featured_media":153749,"comment_status":"","ping_status":"","sticky":false,"template":"","format":"standard","meta":{"footnotes":""},"categories":[91],"tags":[146,147,25,24,23],"class_list":{"0":"post-153748","1":"post","2":"type-post","3":"status-publish","4":"format-standard","5":"has-post-thumbnail","7":"category-entretenimiento","8":"tag-entertainment","9":"tag-entretenimiento","10":"tag-es","11":"tag-espana","12":"tag-spain"},"share_on_mastodon":{"url":"","error":""},"_links":{"self":[{"href":"https:\/\/www.europesays.com\/es\/wp-json\/wp\/v2\/posts\/153748","targetHints":{"allow":["GET"]}}],"collection":[{"href":"https:\/\/www.europesays.com\/es\/wp-json\/wp\/v2\/posts"}],"about":[{"href":"https:\/\/www.europesays.com\/es\/wp-json\/wp\/v2\/types\/post"}],"author":[{"embeddable":true,"href":"https:\/\/www.europesays.com\/es\/wp-json\/wp\/v2\/users\/2"}],"replies":[{"embeddable":true,"href":"https:\/\/www.europesays.com\/es\/wp-json\/wp\/v2\/comments?post=153748"}],"version-history":[{"count":0,"href":"https:\/\/www.europesays.com\/es\/wp-json\/wp\/v2\/posts\/153748\/revisions"}],"wp:featuredmedia":[{"embeddable":true,"href":"https:\/\/www.europesays.com\/es\/wp-json\/wp\/v2\/media\/153749"}],"wp:attachment":[{"href":"https:\/\/www.europesays.com\/es\/wp-json\/wp\/v2\/media?parent=153748"}],"wp:term":[{"taxonomy":"category","embeddable":true,"href":"https:\/\/www.europesays.com\/es\/wp-json\/wp\/v2\/categories?post=153748"},{"taxonomy":"post_tag","embeddable":true,"href":"https:\/\/www.europesays.com\/es\/wp-json\/wp\/v2\/tags?post=153748"}],"curies":[{"name":"wp","href":"https:\/\/api.w.org\/{rel}","templated":true}]}}