{"id":153760,"date":"2025-10-02T23:48:08","date_gmt":"2025-10-02T23:48:08","guid":{"rendered":"https:\/\/www.europesays.com\/es\/153760\/"},"modified":"2025-10-02T23:48:08","modified_gmt":"2025-10-02T23:48:08","slug":"con-ocho-corridas-se-completa-la-temporada-grande-2025-en-ciudad-mexicana-de-guadalajara","status":"publish","type":"post","link":"https:\/\/www.europesays.com\/es\/153760\/","title":{"rendered":"Con ocho corridas se completa la Temporada Grande 2025 en ciudad mexicana de Guadalajara"},"content":{"rendered":"<p class=\"mb-4 text-lg md:leading-8 break-words\">Ciudad de M\u00e9xico, 2 oct (EFE).- Los carteles de las ocho corridas que completan la Temporada Grande 2025 de la Plaza de Toros Nuevo Progreso de Guadalajara, capital del estado de Jalisco (oeste del pa\u00eds), se presentaron este jueves. En total con esta segunda parte, Guadalajara tendr\u00e1 un serial de 29 festejos.<\/p>\n<p class=\"mb-4 text-lg md:leading-8 break-words\">Hace m\u00e1s de 30 a\u00f1os que los aficionados tapat\u00edos, como son conocidos los originarios de Guadalajara, no disfrutaban de una oferta taurina tan extensa.<\/p>\n<p class=\"mb-4 text-lg md:leading-8 break-words\">Sin duda, el hecho de que Ciudad de M\u00e9xico no tenga corridas de toros, desde que el Gobierno de la capital del pa\u00eds impusiese el nuevo reglamento de \u201ccorridas sin sangre\u201d, obliga a que los otros cosos de M\u00e9xico refuercen su oferta.<\/p>\n<p class=\"mb-4 text-lg md:leading-8 break-words\">Tanto Nuevo Progreso en Guadalajara como la Monumental de Aguascalientes, plaza que tambi\u00e9n aumenta su oferta en 2025, son gestionadas por Espect\u00e1culos Monterrey Sociedad Anonima (EMSA), empresa que adem\u00e1s controla la Plaza M\u00e9xico en la capital del pa\u00eds.<\/p>\n<p class=\"mb-4 text-lg md:leading-8 break-words\">En cuanto a los matadores anunciados pocas sorpresas. Los espa\u00f1oles Emilio de Justo, Alejandro Talavante, Borja Jim\u00e9nez y el rejoneador Guillermo Hermoso de Mendoza har\u00e1n el pase\u00edllo en esta temporada de cierre, solo el joven Marco P\u00e9rez debuta en Guadalajara por parte de la representaci\u00f3n peninsular.<\/p>\n<p class=\"mb-4 text-lg md:leading-8 break-words\">Adem\u00e1s, estar\u00e1 el peruano Andr\u00e9s Roca Rey en los carteles como m\u00e1xima figura de la segunda parte de la temporada.<\/p>\n<p class=\"mb-4 text-lg md:leading-8 break-words\">De los toreros mexicanos destaca Ernesto Javier \u201cEl Calita\u201d, quien el pasado 28 de septiembre en esta misma plaza de Guadalajara cort\u00f3 cuatro orejas y un rabo, y las figuras mexicana se completan con Diego San Rom\u00e1n, Isaac Fonseca y H\u00e9ctor Guti\u00e9rrez.<\/p>\n<p class=\"mb-4 text-lg md:leading-8 break-words\">En el apartado ganadero aparece menos exigencia de lo que se le supone a la considerada plaza m\u00e1s torista de M\u00e9xico. Los hierros de Santa Fe del Campo, Pe\u00f1alba y Te\u00f3filo G\u00f3mez resaltan de la selecci\u00f3n ganadera.<\/p>\n<p class=\"mb-4 text-lg md:leading-8 break-words\">La temporada finaliza con un festival ben\u00e9fico donde se presentar\u00e1n los diestros espa\u00f1oles ya retirados Enrique Ponce y Pablo Hermoso de Mendoza.<\/p>\n<p class=\"mb-4 text-lg md:leading-8 break-words\">Viernes 10 de octubre &#8211; Corrida de las luces en honor a la Virgen de Zapopan. Diego San Rom\u00e1n, Isaac Fonseca y Marco P\u00e9rez con toros de Boquilla del Carmen.<\/p>\n<p class=\"mb-4 text-lg md:leading-8 break-words\">Domingo 19 de octubre &#8211; Alejandro Talavante, Ernesto Javier \u201cEl Calita\u201d y H\u00e9ctor Guti\u00e9rrez con toros de Te\u00f3filo G\u00f3mez.<\/p>\n<p class=\"mb-4 text-lg md:leading-8 break-words\">Domingo 2 de noviembre &#8211; Borja Jim\u00e9nez, Luis David y Leo Valadez con ganado de Las Huertas.<\/p>\n<p class=\"mb-4 text-lg md:leading-8 break-words\">Domingo 9 de noviembre &#8211; Emilio de Justo, Juan Pablo S\u00e1nchez y Sergio Flores con toros de Santa Fe del Campo.<\/p>\n<p class=\"mb-4 text-lg md:leading-8 break-words\">Domingo 23 de noviembre &#8211; Diego Silveti, Juan Ortega y Diego San Rom\u00e1n con ganado de Los Encinos.<\/p>\n<p class=\"mb-4 text-lg md:leading-8 break-words\">Domingo 30 de noviembre &#8211; Octavio Garc\u00eda \u201cEl Payo\u201d, Andr\u00e9s Roca Rey y Arturo Gilio con toros de Pe\u00f1alba.<\/p>\n<p class=\"mb-4 text-lg md:leading-8 break-words\">Domingo 7 de diciembre. Rejones con toros de Marr\u00f3n para Jorge Hern\u00e1ndez Garate, Guillermo Hermoso de Mendoza y Javier Funtanet.<\/p>\n<p class=\"mb-4 text-lg md:leading-8 break-words\">Domingo 14 de diciembre &#8211; Festival ben\u00e9fico en defensa de la tauromaquia. Pablo Hermoso de Mendoza, Enrique Ponce, Eulalio L\u00f3pez \u201cZotoluco\u201d, Arturo Gilio, Ignacio Garibay y la novillera espa\u00f1ola Olga Casado.<\/p>\n<p class=\"mb-4 text-lg md:leading-8 break-words\">(c) Agencia EFE<\/p>\n","protected":false},"excerpt":{"rendered":"Ciudad de M\u00e9xico, 2 oct (EFE).- Los carteles de las ocho corridas que completan la Temporada Grande 2025&hellip;\n","protected":false},"author":2,"featured_media":153761,"comment_status":"","ping_status":"","sticky":false,"template":"","format":"standard","meta":{"footnotes":""},"categories":[277],"tags":[373,27959,1904,168,25,24,439,46297,29349,23,167,374],"class_list":{"0":"post-153760","1":"post","2":"type-post","3":"status-publish","4":"format-standard","5":"has-post-thumbnail","7":"category-toreo","8":"tag-bullfighting","9":"tag-ciudad-de-mexico","10":"tag-corridas-de-toros","11":"tag-deportes","12":"tag-es","13":"tag-espana","14":"tag-guadalajara","15":"tag-nuevo-progreso","16":"tag-pablo-hermoso-de-mendoza","17":"tag-spain","18":"tag-sports","19":"tag-toreo"},"share_on_mastodon":{"url":"","error":""},"_links":{"self":[{"href":"https:\/\/www.europesays.com\/es\/wp-json\/wp\/v2\/posts\/153760","targetHints":{"allow":["GET"]}}],"collection":[{"href":"https:\/\/www.europesays.com\/es\/wp-json\/wp\/v2\/posts"}],"about":[{"href":"https:\/\/www.europesays.com\/es\/wp-json\/wp\/v2\/types\/post"}],"author":[{"embeddable":true,"href":"https:\/\/www.europesays.com\/es\/wp-json\/wp\/v2\/users\/2"}],"replies":[{"embeddable":true,"href":"https:\/\/www.europesays.com\/es\/wp-json\/wp\/v2\/comments?post=153760"}],"version-history":[{"count":0,"href":"https:\/\/www.europesays.com\/es\/wp-json\/wp\/v2\/posts\/153760\/revisions"}],"wp:featuredmedia":[{"embeddable":true,"href":"https:\/\/www.europesays.com\/es\/wp-json\/wp\/v2\/media\/153761"}],"wp:attachment":[{"href":"https:\/\/www.europesays.com\/es\/wp-json\/wp\/v2\/media?parent=153760"}],"wp:term":[{"taxonomy":"category","embeddable":true,"href":"https:\/\/www.europesays.com\/es\/wp-json\/wp\/v2\/categories?post=153760"},{"taxonomy":"post_tag","embeddable":true,"href":"https:\/\/www.europesays.com\/es\/wp-json\/wp\/v2\/tags?post=153760"}],"curies":[{"name":"wp","href":"https:\/\/api.w.org\/{rel}","templated":true}]}}