{"id":153762,"date":"2025-10-02T23:51:09","date_gmt":"2025-10-02T23:51:09","guid":{"rendered":"https:\/\/www.europesays.com\/es\/153762\/"},"modified":"2025-10-02T23:51:09","modified_gmt":"2025-10-02T23:51:09","slug":"asi-ha-sido-la-llegada-de-rafa-nadal-a-matacan-la-gaceta-de-salamanca","status":"publish","type":"post","link":"https:\/\/www.europesays.com\/es\/153762\/","title":{"rendered":"As\u00ed ha sido la llegada de Rafa Nadal a Matac\u00e1n &#8211; La Gaceta de Salamanca"},"content":{"rendered":"<ol>\n<li><a href=\"https:\/\/news.google.com\/rss\/articles\/CBMimgFBVV95cUxPQVZjNzdxM21MUFRNTHJBVDJVOFJsZUF3cGpnNDdUaEhHZ0ZpSlFtZkFzQXA3ME9rZDFpTTlNSmZZY1dFdGJSb3o5TnV6Qm11TVV3T2RpcVRJWnB0a3dlcEVLMk9QaGxGUmV1ZzY3RVZDYkFRMlJleGVSNWRESmhWWDZFa3FOWXNDd3RRUnIxQmFxR0dBQ0ZWYjJn0gGfAUFVX3lxTE5tWjFJcXBJaHprSXFwVHp3TEh6MHhvaFFVSjBRRXJ5ck02Si1jdi1saFkxNmU5U1VLVzVRc0pSOVNWSFAzcEVaY1U1aGhpMlpreUdxMzZwMndNNFdmdGtvbDB2Z3NieEw1RFZCY25qLS04RGJEeUhUeE9FSTNRdDZhWW1TaXktM3JBaEk1am5ZMnhkS0o3MlFXNVQxU1lmcw?oc=5\" target=\"_blank\" rel=\"nofollow noopener\">As\u00ed ha sido la llegada de Rafa Nadal a Matac\u00e1n<\/a>&nbsp;&nbsp;La Gaceta de Salamanca<\/li>\n<li><a href=\"https:\/\/news.google.com\/rss\/articles\/CBMijAJBVV95cUxOdHdta1kta082eHVuZ1ZNZ0I0b2Z4OUNLQm1xSHFSc3dHSnhnci15S2pDNlZXZEFvWmltajZMY194TDVyQ3kwVTlTRlNFa0NTX0VGamNLN2tEcjdKcS1CelNLQmU3T2UweXhYbno0dGs4dEVneXNGYmlhTzVMRGdsRzU4dUI2cFlWQzBoQmFpMTYxSEEwS0VTRVBrSEpKMUFuS1R1MnZOcFMtemJoRVB5UW1QRmt6WTd2Sm1DTVgzTW5XR1BObnRZdk54QXlxMjNSTS1SLXlUVmxCbU02Tk1SZmlWV0pOVzJreXdJUWJJZlI0TkptNjJrNk9Eei11ZDJGcDZLbGVPeVIyQWVj0gGSAkFVX3lxTFA3OHpRb1NfVjUzTzk3ZUNES25TUFMtVDhxZkFBdXY4SUNBX2hBY2RjZHdzWnB5UGdiMDdnWHBWemxGOEVGWVQ4Unh0OHgzMGJ5ZF85clhFalNhQVdDYjhfSDB2Mk1zN2FDS1pZNmFNQVFmdjF6UXdVSHBMWHVpZ3NmRkk2Y2RYQjNISGwtVC1tN0ZxREtjNi1IZVROaFdNM1hSSk5xWWprS0gzTlBDSTBCMzdJbnBIYjg3MmZJV3R4QklWWEl4Sk5jMVFLSzRCRXpfZTBhSUk1RHE3Q2VGamxVUzVRY0VsWTVvWTR4WW5yN29Ec1ZteEVnVl9peFk3MkpIZF9wRGZ3WERSZzNfRHhUOFE?oc=5\" target=\"_blank\" rel=\"nofollow noopener\">Rafael Nadal ser\u00e1 el primer deportista investido &#8216;honoris causa&#8217; por la Universidad de Salamanca este viernes<\/a>&nbsp;&nbsp;La Vanguardia<\/li>\n<li><a href=\"https:\/\/news.google.com\/rss\/articles\/CBMiugFBVV95cUxQM1dPajE0bmRHWU9KX3FtS2Fzb3hLS3hRaWxDZnJQT0FmY0h6NzhMdkZUMWVtaUZqQUxuZ2lYRGRjaHpiYmtwd19DTXdpNDIyTFdyQlllWUVqaUwtMmM3aE1vS2J6VlpKZUZlakJ3dktFUGZERlRkUGVkVVZ2YnFxTkpmWW5NZ194dllWekdVUGFGelozZndndHNXbWVjLU8xSGNtcnhkeUtzN1M2Vkc4eE5MWm1Md3cxeVE?oc=5\" target=\"_blank\" rel=\"nofollow noopener\">Rafa Nadal llega a Salamanca con su familia para recibir el Honoris Causa de la Usal<\/a>&nbsp;&nbsp;Salamancahoy<\/li>\n<li><a href=\"https:\/\/news.google.com\/rss\/articles\/CBMimAFBVV95cUxPX1FVREVCWU5RUmgxS0dLRi00V0xPYTNKWlhmZEEwZHJRUFlCVmlyN1RYcHVPaktubkFLVElYSFA1NXlKY1prbEhiWURFS1JzcERyVFhJczVpenU4ZHpYV0dLMHlNTmt6YjFFdjNxeE1yYThsRUJPMUhxRFRqcDI5QjJjelJWamNuU1c4bkpOX1pYbnM2SmJ4NA?oc=5\" target=\"_blank\" rel=\"nofollow noopener\">Salamanca entona el &#8216;Vamos, Rafa&#8217; ante la llegada del inminente doctor &#8216;honoris causa&#8217;<\/a>&nbsp;&nbsp;Salamanca24horas<\/li>\n<li><a href=\"https:\/\/news.google.com\/rss\/articles\/CBMisgFBVV95cUxPeFdicnpTVWpFeTRjUkxNeHNiRUxkTjZ5ZmlBWXJNd0lkT2ROb1dzY3dNSEFxV3J0ZWZ0YVliRGNTTHVPbmRmTTZ3U3FpaTlDNWNGRWxZbXhRWHNYSjhkdG9vZUhyUFB2cEJmYjhFd1pXSDNkRWdPWGIxVTI3Qm9PXzBaSjh5RUNCeHdDdllMSFJnSGVEaERkOXB0azBRVjRJQm9JX1BHY25hUGdDMWRqWmpn?oc=5\" target=\"_blank\" rel=\"nofollow noopener\">Un Nadal &#8216;visto y no visto&#8217; para el &#8216;honoris causa&#8217; en Salamanca: s\u00f3lo la ceremonia y una agenda sin actos<\/a>&nbsp;&nbsp;El Norte de Castilla<\/li>\n<\/ol>\n","protected":false},"excerpt":{"rendered":"As\u00ed ha sido la llegada de Rafa Nadal a Matac\u00e1n&nbsp;&nbsp;La Gaceta de Salamanca Rafael Nadal ser\u00e1 el primer&hellip;\n","protected":false},"author":2,"featured_media":153763,"comment_status":"","ping_status":"","sticky":false,"template":"","format":"standard","meta":{"footnotes":""},"categories":[274],"tags":[168,25,24,5808,46236,3489,12830,23,167,327,326],"class_list":{"0":"post-153762","1":"post","2":"type-post","3":"status-publish","4":"format-standard","5":"has-post-thumbnail","7":"category-tenis","8":"tag-deportes","9":"tag-es","10":"tag-espana","11":"tag-llegada","12":"tag-matacan","13":"tag-nadal","14":"tag-rafa","15":"tag-spain","16":"tag-sports","17":"tag-tenis","18":"tag-tennis"},"share_on_mastodon":{"url":"","error":""},"_links":{"self":[{"href":"https:\/\/www.europesays.com\/es\/wp-json\/wp\/v2\/posts\/153762","targetHints":{"allow":["GET"]}}],"collection":[{"href":"https:\/\/www.europesays.com\/es\/wp-json\/wp\/v2\/posts"}],"about":[{"href":"https:\/\/www.europesays.com\/es\/wp-json\/wp\/v2\/types\/post"}],"author":[{"embeddable":true,"href":"https:\/\/www.europesays.com\/es\/wp-json\/wp\/v2\/users\/2"}],"replies":[{"embeddable":true,"href":"https:\/\/www.europesays.com\/es\/wp-json\/wp\/v2\/comments?post=153762"}],"version-history":[{"count":0,"href":"https:\/\/www.europesays.com\/es\/wp-json\/wp\/v2\/posts\/153762\/revisions"}],"wp:featuredmedia":[{"embeddable":true,"href":"https:\/\/www.europesays.com\/es\/wp-json\/wp\/v2\/media\/153763"}],"wp:attachment":[{"href":"https:\/\/www.europesays.com\/es\/wp-json\/wp\/v2\/media?parent=153762"}],"wp:term":[{"taxonomy":"category","embeddable":true,"href":"https:\/\/www.europesays.com\/es\/wp-json\/wp\/v2\/categories?post=153762"},{"taxonomy":"post_tag","embeddable":true,"href":"https:\/\/www.europesays.com\/es\/wp-json\/wp\/v2\/tags?post=153762"}],"curies":[{"name":"wp","href":"https:\/\/api.w.org\/{rel}","templated":true}]}}