{"id":153772,"date":"2025-10-02T23:56:11","date_gmt":"2025-10-02T23:56:11","guid":{"rendered":"https:\/\/www.europesays.com\/es\/153772\/"},"modified":"2025-10-02T23:56:11","modified_gmt":"2025-10-02T23:56:11","slug":"el-llamativo-cambio-de-look-de-la-reina-maxima-de-holanda-en-un-solo-dia","status":"publish","type":"post","link":"https:\/\/www.europesays.com\/es\/153772\/","title":{"rendered":"el llamativo cambio de look de la reina M\u00e1xima de Holanda en un solo d\u00eda"},"content":{"rendered":"\n<p> La agenda de M\u00e1xima de Holanda tras el verano ha sido intensa y repleta de viajes. Primero protagoniz\u00f3 un desplazamiento a Nueva York acompa\u00f1ada de su hija, Amalia de Holanda, con motivo de la Asamblea General de la ONU. M\u00e1s tarde, la reina <strong>se traslad\u00f3 junto a Guillermo Alejandro a Toulouse,<\/strong> Francia, donde continuaron con compromisos oficiales. Entre viaje y viaje, M\u00e1xima <a href=\"https:\/\/www.vanitatis.elconfidencial.com\/casas-reales\/2025-09-30\/look-otonal-maxima-holanda-fiel-color-fetiche-detalle_4219297\/\" target=\"_self\" rel=\"nofollow noopener\">ha hecho algunas paradas intermitentes en Pa\u00edses Bajos<\/a>, donde regres\u00f3 tras su breve estancia en el pa\u00eds galo. Durante este recorrido, la reina sorprendi\u00f3 con un cambio de look al m\u00e1s puro estilo \u2018Barbie\u2019, llamando la atenci\u00f3n por su elegancia y modernidad. <\/p>\n<p> Aunque su llamativo look no sorprendi\u00f3 del todo, <strong>s\u00ed destac\u00f3 su elecci\u00f3n de un total look en rosa<\/strong> durante su visita a la ciudad de Roermond. La reina particip\u00f3 en un programa del Oranje Fonds, fundado en 2002 como regalo de los ciudadanos holandeses al rey Guillermo Alejandro y a la reina M\u00e1xima con motivo de su boda. Durante el evento, tuvo la oportunidad de conocer a vecinos comprometidos, quienes se dedican a impulsar y conectar diversas iniciativas en la comunidad. <\/p>\n<p>               M\u00e1xima apost\u00f3 por un total look en rosa. (Gtres)             <\/p>\n<p> La reina de Holanda <a href=\"https:\/\/www.vanitatis.elconfidencial.com\/casas-reales\/2025-03-10\/guino-estilo-geri-halliwell-kate-middleton-barbie-camila_4082898\/\" target=\"_self\" rel=\"nofollow noopener\">combin\u00f3 unos pantalones rosas con una blusa<\/a> en un tono m\u00e1s claro de Max Mara. Lo m\u00e1s llamativo fue su collar, que por su dise\u00f1o pod\u00eda confundirse con parte de la blusa o incluso con un pa\u00f1uelo. Elaborado con abalorios, forma parte <strong>de su amplia colecci\u00f3n personal desde hace a\u00f1os<\/strong>. Complet\u00f3 el conjunto con un bolso de mano y unos elegantes zapatos de sal\u00f3n con punta transparente. <\/p>\n<p>               La Reina rescat\u00f3 uno de sus collares estrella. (Gtres)             <\/p>\n<p> Sin embargo, no fue su \u00fanica sorpresa. Por la tarde, M\u00e1xima reapareci\u00f3 en las celebraciones del 75.\u00ba aniversario de la Escuela de Gesti\u00f3n Hotelera de Maastricht (HMSM), perteneciente a la Universidad de Ciencias Aplicadas Zuyd, <strong>luciendo un estilo completamente diferente.<\/strong> Si por la ma\u00f1ana hab\u00eda apostado por el rosa, por la tarde eligi\u00f3 un elegante conjunto en negro, <a href=\"https:\/\/www.vanitatis.elconfidencial.com\/casas-reales\/2023-04-11\/maxima-holanda-brigitte-macron-estilo-looks-visita_3608803\/\" target=\"_self\" rel=\"nofollow noopener\">mostrando su versatilidad y capacidad para adaptar su vestuario<\/a> a distintos eventos a lo largo del d\u00eda. <\/p>\n<p>               La reina M\u00e1xima cambi\u00f3 el rosa por el negro. (Gtres)             <\/p>\n<p> En este segundo acto, M\u00e1xima retom\u00f3 uno de los estilismos <strong>que hab\u00eda lucido en 2017 durante la recepci\u00f3n al expresidente argentino Mauricio Macri y su esposa<\/strong>, Juliana Awada, en la Plaza Dam de \u00c1msterdam. El conjunto, <a href=\"https:\/\/www.vanitatis.elconfidencial.com\/casas-reales\/2021-05-17\/maxima-holanda-looks-50-anos-originales-elegantes_3080719\/\" target=\"_self\" rel=\"nofollow noopener\">dise\u00f1ado por Mattijs van Bergen,<\/a> incluye una chaqueta sin cuello de corte entallado, adornada con un lirio blanco y negro bordado a mano con detalles en alambre de cobre. Los hombros redondeados se prolongan hasta mangas estrechas que llegan justo por encima de la mu\u00f1eca. <\/p>\n<p>               El expresidente argentino Mauricio Macri y su mujer Juliana Awada con la reina M\u00e1xima de Holanda en 2017. (EFE)             <\/p>\n<p> Asimismo, M\u00e1xima repiti\u00f3 <strong>la misma falda estampada con lirios<\/strong>, ribeteada en organza de sat\u00e9n blanco, se frunce sobre una cinturilla de seda negra, aportando un elegante aire japon\u00e9s. Complet\u00f3 el look con el mismo tocado asim\u00e9trico de rafia. Su cambio de look pas\u00f3 de un llamativo conjunto rosa a un elegante atuendo negro con estampado, mostrando una transici\u00f3n de un estilo atrevido a uno m\u00e1s sofisticado. <\/p>\n<p> La agenda de M\u00e1xima de Holanda tras el verano ha sido intensa y repleta de viajes. Primero protagoniz\u00f3 un desplazamiento a Nueva York acompa\u00f1ada de su hija, Amalia de Holanda, con motivo de la Asamblea General de la ONU. M\u00e1s tarde, la reina <strong>se traslad\u00f3 junto a Guillermo Alejandro a Toulouse,<\/strong> Francia, donde continuaron con compromisos oficiales. Entre viaje y viaje, M\u00e1xima <a href=\"https:\/\/www.vanitatis.elconfidencial.com\/casas-reales\/2025-09-30\/look-otonal-maxima-holanda-fiel-color-fetiche-detalle_4219297\/\" target=\"_self\" rel=\"nofollow noopener\">ha hecho algunas paradas intermitentes en Pa\u00edses Bajos<\/a>, donde regres\u00f3 tras su breve estancia en el pa\u00eds galo. Durante este recorrido, la reina sorprendi\u00f3 con un cambio de look al m\u00e1s puro estilo \u2018Barbie\u2019, llamando la atenci\u00f3n por su elegancia y modernidad. <\/p>\n","protected":false},"excerpt":{"rendered":"La agenda de M\u00e1xima de Holanda tras el verano ha sido intensa y repleta de viajes. Primero protagoniz\u00f3&hellip;\n","protected":false},"author":2,"featured_media":153773,"comment_status":"","ping_status":"","sticky":false,"template":"","format":"standard","meta":{"footnotes":""},"categories":[174],"tags":[255,146,147,25,24,256,23],"class_list":{"0":"post-153772","1":"post","2":"type-post","3":"status-publish","4":"format-standard","5":"has-post-thumbnail","7":"category-famosos","8":"tag-celebrities","9":"tag-entertainment","10":"tag-entretenimiento","11":"tag-es","12":"tag-espana","13":"tag-famosos","14":"tag-spain"},"share_on_mastodon":{"url":"","error":""},"_links":{"self":[{"href":"https:\/\/www.europesays.com\/es\/wp-json\/wp\/v2\/posts\/153772","targetHints":{"allow":["GET"]}}],"collection":[{"href":"https:\/\/www.europesays.com\/es\/wp-json\/wp\/v2\/posts"}],"about":[{"href":"https:\/\/www.europesays.com\/es\/wp-json\/wp\/v2\/types\/post"}],"author":[{"embeddable":true,"href":"https:\/\/www.europesays.com\/es\/wp-json\/wp\/v2\/users\/2"}],"replies":[{"embeddable":true,"href":"https:\/\/www.europesays.com\/es\/wp-json\/wp\/v2\/comments?post=153772"}],"version-history":[{"count":0,"href":"https:\/\/www.europesays.com\/es\/wp-json\/wp\/v2\/posts\/153772\/revisions"}],"wp:featuredmedia":[{"embeddable":true,"href":"https:\/\/www.europesays.com\/es\/wp-json\/wp\/v2\/media\/153773"}],"wp:attachment":[{"href":"https:\/\/www.europesays.com\/es\/wp-json\/wp\/v2\/media?parent=153772"}],"wp:term":[{"taxonomy":"category","embeddable":true,"href":"https:\/\/www.europesays.com\/es\/wp-json\/wp\/v2\/categories?post=153772"},{"taxonomy":"post_tag","embeddable":true,"href":"https:\/\/www.europesays.com\/es\/wp-json\/wp\/v2\/tags?post=153772"}],"curies":[{"name":"wp","href":"https:\/\/api.w.org\/{rel}","templated":true}]}}