{"id":153782,"date":"2025-10-03T00:04:08","date_gmt":"2025-10-03T00:04:08","guid":{"rendered":"https:\/\/www.europesays.com\/es\/153782\/"},"modified":"2025-10-03T00:04:08","modified_gmt":"2025-10-03T00:04:08","slug":"rtve-fija-el-estreno-de-sin-gluten-que-se-vera-en-la-1-dos-dias-antes-de-llegar-a-prime-video","status":"publish","type":"post","link":"https:\/\/www.europesays.com\/es\/153782\/","title":{"rendered":"RTVE fija el estreno de &#8216;Sin gluten&#8217;, que se ver\u00e1 en La 1 dos d\u00edas antes de llegar a Prime Video"},"content":{"rendered":"<p class=\"article-text\">\n        <strong>La 1 de TVE<\/strong> estrenar\u00e1 en la noche del mi\u00e9rcoles 8 de octubre <strong>Sin gluten<\/strong>, su nueva serie semanal protagonizada por el actor <strong>Diego Mart\u00edn<\/strong> y creada por importantes guionistas de la comedia espa\u00f1ola.\n    <\/p>\n<p>    <a href=\"https:\/\/www.eldiario.es\/vertele\/noticias\/muere-francisco-briones-director-centro-territorial-rtve-murcia_1_12650591.html\" data-mrf-recirculation=\"saber-mas\" data-dl-event=\"saber-mas\" rel=\"nofollow noopener\" target=\"_blank\"><\/p>\n<p class=\"know-more__title\">Muere a los 47 a\u00f1os Francisco Briones, director del centro territorial de RTVE en Murcia<\/p>\n<p>            <img decoding=\"async\" class=\"lazy\" loading=\"lazy\" data-src=\"https:\/\/static.eldiario.es\/clip\/b5f6b413-8aa1-493b-b85b-230743b67c99_16-9-aspect-ratio_default_0.jpg\" src=\"data:image\/svg+xml,%3Csvg xmlns=\" http:=\"\" viewbox=\"0 0 880 495\" alt=\"Muere a los 47 a\u00f1os Francisco Briones, director del centro territorial de RTVE en Murcia\"\/><\/p>\n<p>                        <\/a><\/p>\n<p class=\"article-text\">\n        Por lo tanto, Sin gluten pasar\u00e1 por <strong>RTVE <\/strong>dos d\u00edas antes de llegar al cat\u00e1logo de <strong>Amazon Prime Video<\/strong> (donde estar\u00e1 disponible desde el viernes 10 de octubre), aunque en un primer momento <a href=\"https:\/\/www.eldiario.es\/vertele\/series\/amazon-prime-video-adelanta-rtve-pone-fecha-estreno-nueva-serie-gluten_1_12644603.html\" target=\"_blank\" data-mrf-recirculation=\"links-noticia\" class=\"link\" rel=\"nofollow noopener\">se crey\u00f3 que ocurrir\u00eda justo lo contrario<\/a> porque la plataforma fij\u00f3 el estreno de la serie mientras la cadena p\u00fablica segu\u00eda ocultando la fecha.\n    <\/p>\n<p class=\"article-text\">\n        La nueva comedia de RTVE cuenta con \u201chumor, amor, ternura y diversidad de edades y culturas\u201d la historia de un chef de \u00e9xito que baja a los infiernos. Est\u00e1 compuesta por <strong>ocho cap\u00edtulos<\/strong> que <a href=\"https:\/\/www.eldiario.es\/vertele\/series\/rtve-presenta-comedia-gluten-emitira-duplicado-cuatro-noches-80-minutos_1_12576092.html\" target=\"_blank\" data-mrf-recirculation=\"links-noticia\" class=\"link\" rel=\"nofollow noopener\">se emitir\u00e1n en cuatro semanas<\/a>, por lo que cada mi\u00e9rcoles se ofrecer\u00e1n dos episodios despu\u00e9s de La Revuelta (a las 23:00 horas, aproximadamente). Ocupar\u00e1 el hueco dejado por <strong>Los archivos secretos del No-Do<\/strong>, que se ha emitido en la noche del mi\u00e9rcoles durante las \u00faltimas tres semanas, y competir\u00e1 contra <strong>Juego de pelotas<\/strong> (Antena 3) y <strong>La agencia<\/strong> (Telecinco).\n    <\/p>\n<p class=\"article-text\">\n        Sin gluten re\u00fane a un elenco coral que incluye a<strong> Adam Jezierski<\/strong>, <strong>Alicia Rubio<\/strong>, <strong>I\u00f1aki Ardanaz<\/strong>, <strong>Teresa Cuesta<\/strong> y <strong>Antonio Resines<\/strong>, con la colaboraci\u00f3n especial de <strong>Marta Fern\u00e1ndez Muro<\/strong> y <strong>Fernando Tejero<\/strong>, junto a nuevos talentos como Paula Muriana, Najwa Khliwa, Lucas Miram\u00f3n, Daniel Triana y Tadeo Mas\u00f3.\n    <\/p>\n<p class=\"article-text\">\n        La serie ha sido producida por Onza en asociaci\u00f3n con RTVE y Prime Video, y tiene como creadores a <strong>Javier Aguayo<\/strong> (La que se avecina), <strong>Araceli \u00c1lvarez de Sotomayor<\/strong> (Muertos S.L.) y <strong>Germ\u00e1n Aparicio<\/strong> (Peque\u00f1as coincidencias).\n    <\/p>\n<blockquote class=\"twitter-tweet\" data-lang=\"es\"><p><a href=\"https:\/\/twitter.com\/X\/status\/1973782691117252627?ref_src=twsrc%5Etfw\" rel=\"nofollow noopener\" target=\"_blank\"><\/p><\/blockquote>\n<p>    Sinopsis de &#8216;Sin gluten&#8217;<\/p>\n<p class=\"article-text\">\n        Ricardo (Diego Mart\u00edn), un prestigioso chef, cae en desgracia tras viralizarse un v\u00eddeo donde insulta, borracho, a unos comensales. Sin restaurante ni hogar, se ve forzado a vivir con su madre y a aceptar un trabajo de profesor en la escuela donde aprendi\u00f3 a cocinar cuando era un adolescente rebelde.\n    <\/p>\n<p>    <a href=\"https:\/\/www.eldiario.es\/vertele\/series\/netflix-expande-universo-peaky-blinders-anuncia-nuevas-series-detalla-shelbys_1_12652038.html\" data-mrf-recirculation=\"saber-mas-abajo\" data-dl-event=\"saber-mas-abajo\" rel=\"nofollow noopener\" target=\"_blank\"><\/p>\n<p class=\"know-more__title\">Netflix expande el universo &#8216;Peaky Blinders&#8217;: anuncia dos nuevas series y detalla a qu\u00e9 se enfrentar\u00e1n los Shelbys<\/p>\n<p>            <img decoding=\"async\" class=\"lazy\" loading=\"lazy\" data-src=\"https:\/\/static.eldiario.es\/clip\/cbbff836-d35c-4be1-8833-e77db24b7ef2_16-9-aspect-ratio_default_0.jpg\" src=\"data:image\/svg+xml,%3Csvg xmlns=\" http:=\"\" viewbox=\"0 0 880 495\" alt=\"Netflix expande el universo 'Peaky Blinders': anuncia dos nuevas series y detalla a qu\u00e9 se enfrentar\u00e1n los Shelbys\"\/><\/p>\n<p>                        <\/a><\/p>\n<p class=\"article-text\">\n        Entre alumnos indiferentes y profesores hostiles, encuentra consuelo en el alcohol. La amenaza de un posible despido debido a un incidente en una clase le obligar\u00e1 a usar la excusa de su rehabilitaci\u00f3n para evitarlo.\n    <\/p>\n<p>                                    <script async src=\"https:\/\/platform.twitter.com\/widgets.js\" charset=\"utf-8\"><\/script><\/p>\n","protected":false},"excerpt":{"rendered":"La 1 de TVE estrenar\u00e1 en la noche del mi\u00e9rcoles 8 de octubre Sin gluten, su nueva serie&hellip;\n","protected":false},"author":2,"featured_media":153783,"comment_status":"","ping_status":"","sticky":false,"template":"","format":"standard","meta":{"footnotes":""},"categories":[91],"tags":[6826,26941,146,147,25,24,26940,46298,26937,23],"class_list":{"0":"post-153782","1":"post","2":"type-post","3":"status-publish","4":"format-standard","5":"has-post-thumbnail","7":"category-entretenimiento","8":"tag-amazon-prime-video","9":"tag-diego-martin","10":"tag-entertainment","11":"tag-entretenimiento","12":"tag-es","13":"tag-espana","14":"tag-fecha-estreno","15":"tag-nueva-serie-rtve","16":"tag-sin-gluten","17":"tag-spain"},"share_on_mastodon":{"url":"","error":""},"_links":{"self":[{"href":"https:\/\/www.europesays.com\/es\/wp-json\/wp\/v2\/posts\/153782","targetHints":{"allow":["GET"]}}],"collection":[{"href":"https:\/\/www.europesays.com\/es\/wp-json\/wp\/v2\/posts"}],"about":[{"href":"https:\/\/www.europesays.com\/es\/wp-json\/wp\/v2\/types\/post"}],"author":[{"embeddable":true,"href":"https:\/\/www.europesays.com\/es\/wp-json\/wp\/v2\/users\/2"}],"replies":[{"embeddable":true,"href":"https:\/\/www.europesays.com\/es\/wp-json\/wp\/v2\/comments?post=153782"}],"version-history":[{"count":0,"href":"https:\/\/www.europesays.com\/es\/wp-json\/wp\/v2\/posts\/153782\/revisions"}],"wp:featuredmedia":[{"embeddable":true,"href":"https:\/\/www.europesays.com\/es\/wp-json\/wp\/v2\/media\/153783"}],"wp:attachment":[{"href":"https:\/\/www.europesays.com\/es\/wp-json\/wp\/v2\/media?parent=153782"}],"wp:term":[{"taxonomy":"category","embeddable":true,"href":"https:\/\/www.europesays.com\/es\/wp-json\/wp\/v2\/categories?post=153782"},{"taxonomy":"post_tag","embeddable":true,"href":"https:\/\/www.europesays.com\/es\/wp-json\/wp\/v2\/tags?post=153782"}],"curies":[{"name":"wp","href":"https:\/\/api.w.org\/{rel}","templated":true}]}}