{"id":153786,"date":"2025-10-03T00:06:10","date_gmt":"2025-10-03T00:06:10","guid":{"rendered":"https:\/\/www.europesays.com\/es\/153786\/"},"modified":"2025-10-03T00:06:10","modified_gmt":"2025-10-03T00:06:10","slug":"repsol-y-alsa-firman-un-acuerdo-para-impulsar-la-movilidad-sostenible-a-traves-de-soluciones-multienergia","status":"publish","type":"post","link":"https:\/\/www.europesays.com\/es\/153786\/","title":{"rendered":"Repsol y Alsa firman un acuerdo para impulsar la movilidad sostenible a trav\u00e9s de soluciones multienerg\u00eda"},"content":{"rendered":"<p>Repsol y Alsa han firmado hoy en Madrid un acuerdo estrat\u00e9gico de colaboraci\u00f3n con el objetivo de liderar conjuntamente la transformaci\u00f3n del transporte de pasajeros en Espa\u00f1a. Esta alianza consolida una colaboraci\u00f3n de d\u00e9cadas entre ambas compa\u00f1\u00edas y reafirma su compromiso con la descarbonizaci\u00f3n y el impulso de soluciones tecnol\u00f3gicas aplicadas a la movilidad.<\/p>\n<p>El convenio establece un marco de cooperaci\u00f3n para analizar y desarrollar proyectos conjuntos en diversos \u00e1mbitos energ\u00e9ticos. Entre las l\u00edneas de trabajo destaca el uso de combustibles renovables, producidos a partir de residuos org\u00e1nicos, que gracias a la tecnolog\u00eda actual permitenreducir las emisiones netas de CO\u2082 hasta en un 90% en comparaci\u00f3n con los combustibles de origen mineral a los que sustituyen. Estos combustibles representan una alternativa ya disponible para la descarbonizaci\u00f3n de los veh\u00edculos actuales y futuros, ya que posibilitan reducir las emisiones sin necesidad de cambiar de veh\u00edculo ni modificar las infraestructuras de distribuci\u00f3n y repostaje existentes.<\/p>\n<p>La colaboraci\u00f3n tambi\u00e9n incluye el estudio de iniciativas relacionadas con el suministro de electricidad 100% renovable, gas natural con garant\u00edas de origen renovable y energ\u00eda solar fotovoltaica, as\u00ed como el desarrollo de soluciones de almacenamiento energ\u00e9tico. La movilidad el\u00e9ctrica ser\u00e1 otro eje fundamental de este convenio, mediante la implantaci\u00f3n de puntos de recarga y servicios asociados, tanto en entornos privados como de acceso p\u00fablico. Asimismo, se explorar\u00e1n oportunidades para el desarrollo y aplicaci\u00f3n de soluciones basadas en el hidr\u00f3geno y el biometano.<\/p>\n<p>Por otra parte, Repsol y Alsa trabajar\u00e1n para identificar sinergias en el \u00e1mbito de los lubricantes, as\u00ed como en la exploraci\u00f3n de posibles integraciones entre las plataformas de fidelizaci\u00f3n y los medios de pago digitales, como Waylet, con beneficios directos tanto para empleados como para clientes. Asimismo, est\u00e1 previsto el desarrollo de acciones divulgativas y programas de formaci\u00f3n, dirigidos especialmente a colectivos profesionales, con el objetivo de visibilizar el papel clave del transporte de pasajeros en la transici\u00f3n energ\u00e9tica.<\/p>\n<p>Para Valero Mar\u00edn, Director General de Cliente de Repsol, \u201ceste acuerdo con Alsa refuerza nuestra apuesta por colaborar con actores clave del transporte en Espa\u00f1a. Juntos impulsaremos soluciones multienerg\u00eda que nos permitan avanzar hacia una movilidad m\u00e1s eficiente, conectada y baja en emisiones\u201d.<\/p>\n<p>Por su parte, Francisco Iglesias, Consejero Delegado de Alsa, ha destacado que \u201cen Alsa hemos sido pioneros junto a Repsol en la realizaci\u00f3n de pruebas con combustibles renovables en varias ciudades espa\u00f1olas, y este a\u00f1o 2025 tenemos previsto realizar un consumo de cinco millones de litros de HVO en autocares de largo recorrido. Ahora, con la firma de esta alianza, reforzamos nuestro compromiso con la descarbonizaci\u00f3n y la movilidad sostenible, objetivo compartido por ambas compa\u00f1\u00edas\u00bb.<\/p>\n","protected":false},"excerpt":{"rendered":"Repsol y Alsa han firmado hoy en Madrid un acuerdo estrat\u00e9gico de colaboraci\u00f3n con el objetivo de liderar&hellip;\n","protected":false},"author":2,"featured_media":153787,"comment_status":"","ping_status":"","sticky":false,"template":"","format":"standard","meta":{"footnotes":""},"categories":[80],"tags":[82,95,94,25,24,8137,46299,29876,23],"class_list":{"0":"post-153786","1":"post","2":"type-post","3":"status-publish","4":"format-standard","5":"has-post-thumbnail","7":"category-economia","8":"tag-business","9":"tag-economia","10":"tag-economy","11":"tag-es","12":"tag-espana","13":"tag-movilidad","14":"tag-multienergia","15":"tag-nota-de-prensa","16":"tag-spain"},"share_on_mastodon":{"url":"","error":""},"_links":{"self":[{"href":"https:\/\/www.europesays.com\/es\/wp-json\/wp\/v2\/posts\/153786","targetHints":{"allow":["GET"]}}],"collection":[{"href":"https:\/\/www.europesays.com\/es\/wp-json\/wp\/v2\/posts"}],"about":[{"href":"https:\/\/www.europesays.com\/es\/wp-json\/wp\/v2\/types\/post"}],"author":[{"embeddable":true,"href":"https:\/\/www.europesays.com\/es\/wp-json\/wp\/v2\/users\/2"}],"replies":[{"embeddable":true,"href":"https:\/\/www.europesays.com\/es\/wp-json\/wp\/v2\/comments?post=153786"}],"version-history":[{"count":0,"href":"https:\/\/www.europesays.com\/es\/wp-json\/wp\/v2\/posts\/153786\/revisions"}],"wp:featuredmedia":[{"embeddable":true,"href":"https:\/\/www.europesays.com\/es\/wp-json\/wp\/v2\/media\/153787"}],"wp:attachment":[{"href":"https:\/\/www.europesays.com\/es\/wp-json\/wp\/v2\/media?parent=153786"}],"wp:term":[{"taxonomy":"category","embeddable":true,"href":"https:\/\/www.europesays.com\/es\/wp-json\/wp\/v2\/categories?post=153786"},{"taxonomy":"post_tag","embeddable":true,"href":"https:\/\/www.europesays.com\/es\/wp-json\/wp\/v2\/tags?post=153786"}],"curies":[{"name":"wp","href":"https:\/\/api.w.org\/{rel}","templated":true}]}}