{"id":153792,"date":"2025-10-03T00:09:28","date_gmt":"2025-10-03T00:09:28","guid":{"rendered":"https:\/\/www.europesays.com\/es\/153792\/"},"modified":"2025-10-03T00:09:28","modified_gmt":"2025-10-03T00:09:28","slug":"la-diputacion-de-sevilla-participa-en-la-noche-en-blanco-con-la-apertura-de-la-casa-de-la-provincia-y-la-iglesia-de-san-luis-de-los-franceses","status":"publish","type":"post","link":"https:\/\/www.europesays.com\/es\/153792\/","title":{"rendered":"La Diputaci\u00f3n de Sevilla participa en la Noche en Blanco con la apertura de la Casa de la Provincia y la Iglesia de San Luis de los Franceses"},"content":{"rendered":"<p align=\"justify\">La Diputaci\u00f3n de Sevilla participa este viernes en la nueva edici\u00f3n de la Noche en Blanco, cita anual donde la cultura abre sus puertas a toda la ciudadan\u00eda.<\/p>\n<p align=\"justify\">\u00a0<\/p>\n<p align=\"justify\">Tras el \u00e9xito de ediciones anteriores avalado por m\u00e1s de 3.500 visitas en apenas 4 horas, San Luis de los Franceses se suma un a\u00f1os m\u00e1s a esta celebraci\u00f3n abriendo las puertas de su iglesia de forma completamente gratuita en horario extraordinario de 20:00 a 23:59h.<\/p>\n<p align=\"justify\">\u00a0<\/p>\n<p align=\"justify\">Construida en el siglo XVIII, se trata de uno de los mejores ejemplos de arquitectura barroca en Sevilla. El arquitecto fue Leonardo de Figueroa, y el proyecto cont\u00f3 con la supervisi\u00f3n de un escogido grupo de intelectuales jesuitas, donde destaca un alto contenido simb\u00f3lico y la combinaci\u00f3n de elementos del Barroco europeo y las formas tradicionales locales. Una visita para todos los p\u00fablicos donde conocer el patrimonio hist\u00f3rico de la capital.<\/p>\n<p align=\"justify\">\u00a0<\/p>\n<p align=\"justify\">EXPOSICIONES DIVERSAS<\/p>\n<p align=\"justify\">\u00a0<\/p>\n<p align=\"justify\">Por su parte, la Casa de la Provincia de la Diputaci\u00f3n tambi\u00e9n participa este viernes en la XII edici\u00f3n de la \u00abNoche en Blanco\u00bb, en la que las y los ciudadanos podr\u00e1n disfrutar de las siguientes exposiciones en horario de 20:00 a 01:00h:<\/p>\n<p align=\"justify\">\u00a0<\/p>\n<p align=\"justify\">&#8211; \u00abDespacho de Pl\u00e1cido Fern\u00e1ndez Viagas\u00bb. Se puede visitar el que fuera el primer despacho de la Junta Preauton\u00f3mica de Andaluc\u00eda, presidida por Pl\u00e1cido Fern\u00e1ndez Viagas.<\/p>\n<p align=\"justify\">\u00a0<\/p>\n<p align=\"justify\">&#8211; \u00abLa imprenta de San Eloy\u00bb. Pinturas que forman parte de esta colecci\u00f3n del pintor sevillano Joaqu\u00edn S\u00e1enz.<\/p>\n<p align=\"justify\">\u00a0<\/p>\n<p align=\"justify\">&#8211; \u201cNueva desfiguraci\u00f3n. M\u00e1s all\u00e1 de lo abstracto y lo figurativo\u201d. La exposici\u00f3n, comisariada por Celia Morgado, artista, docente e investigadora en la Facultad de Bellas Artes, es una significativa muestra de c\u00f3mo se han transformado recientemente los modos de la imagen, la representaci\u00f3n o la percepci\u00f3n en una generaci\u00f3n de artistas visuales que se sirven de una plasticidad h\u00edbrida que re\u00fane indistintamente lo reconocible y lo irreconocible, la figura y la anti-figura, lo claro y lo indistinto, siempre desde una disposici\u00f3n desprejuiciada y lejana a las usuales dualidades y dicotom\u00edas modernas.<\/p>\n<p align=\"justify\">\u00a0<\/p>\n<p align=\"justify\">&#8211; \u201cNemesio. El magisterio del arte\u201d. Ayuntamiento de Mairena del Aljarafe. La exposici\u00f3n brinda homenaje a Nemesio Moreno, al \u00f3leo y a la acuarela que el tiempo no borra. Una muestra retrospectiva donde se reflejan diversas facetas creativas -pinturas al \u00f3leo y acuarelas, esculturas de reciclaje, tapices, m\u00e1scaras,carteler\u00eda, dise\u00f1os- y diversas etapas de rumores y susurros azules que se encauzan en el universo org\u00e1nico del autor. Desde primeras etapas, donde se vislumbra un mundo naturalista de piedra y vegetal, pasando por tiempo de juego y combinaci\u00f3n de colores, a las caras picassianas o a los retratos de intimidad familiar de roja pre\u00f1ez, o a la grisura plana del ocaso. Toda una trayectoria plagada de arte de lo cotidiano y peque\u00f1o y de arte global a la Bauhaus.<\/p>\n<p align=\"justify\">\u00a0<\/p>\n<p align=\"justify\">&#8211; \u201cAventureras gr\u00e1ficas\u201d. Esta exposici\u00f3n recoge cinco obras de cinco de las principales autoras de c\u00f3mic que m\u00e1s destacan hoy en nuestro pa\u00eds. Se trata de cinco obras que reflejan por un lado el alto nivel del c\u00f3mic que se crea desde nuestro pa\u00eds y por otro el indiscutible nivel gr\u00e1fico y conceptual que las autoras aportan hoy en d\u00eda a la cultura nacional. La sevillana Mar\u00eda Medem estar\u00e1 presente con su \u00faltima obra Por Culpa de Una Flor, un c\u00f3mic que ha sido se\u00f1alado un\u00e1nimemente como uno de los principales t\u00edtulos del a\u00f1o 2023. La valenciana afincada en Sevilla Ana Penyas narra en Todo Bajo el Sol la realidad del dise\u00f1o urban\u00edstico en Espa\u00f1a. Nuria Tamarit reflexiona en Loba Boreal sobre el abuso al que sometemos a la naturaleza y como \u00e9sta se defiende. Laura P\u00e9rez en Nocturnos, su \u00faltima obra, vuelve a su particular universo on\u00edrico para reflexionar sobre la soledad y la sociedad actual. Natacha Bustos dibuj\u00f3 para Marvel Moon Girl y el Dinosaurio Diab\u00f3lico, uno de los t\u00edtulos superheroicos m\u00e1s frescos y divertidos de los \u00faltimos a\u00f1os. El comisario de la muestra Paco Cerrej\u00f3n realizar\u00e1 una visita guiada, con aforo limitado, a las 22:00h.<\/p>\n<p align=\"justify\">\u00a0<\/p>\n<p align=\"justify\">\u00a0<\/p>\n","protected":false},"excerpt":{"rendered":"La Diputaci\u00f3n de Sevilla participa este viernes en la nueva edici\u00f3n de la Noche en Blanco, cita anual&hellip;\n","protected":false},"author":2,"featured_media":153793,"comment_status":"","ping_status":"","sticky":false,"template":"","format":"standard","meta":{"footnotes":""},"categories":[5],"tags":[17,18,25,24,13,14,11,19,20,9,10,15,16,23,12,21,22],"class_list":{"0":"post-153792","1":"post","2":"type-post","3":"status-publish","4":"format-standard","5":"has-post-thumbnail","7":"category-titulares","8":"tag-breaking-news","9":"tag-breakingnews","10":"tag-es","11":"tag-espana","12":"tag-featured-news","13":"tag-featurednews","14":"tag-headlines","15":"tag-latest-news","16":"tag-latestnews","17":"tag-news","18":"tag-noticias","19":"tag-noticias-destacadas","20":"tag-noticiasdestacadas","21":"tag-spain","22":"tag-titulares","23":"tag-ultimas-noticias","24":"tag-ultimasnoticias"},"share_on_mastodon":{"url":"","error":""},"_links":{"self":[{"href":"https:\/\/www.europesays.com\/es\/wp-json\/wp\/v2\/posts\/153792","targetHints":{"allow":["GET"]}}],"collection":[{"href":"https:\/\/www.europesays.com\/es\/wp-json\/wp\/v2\/posts"}],"about":[{"href":"https:\/\/www.europesays.com\/es\/wp-json\/wp\/v2\/types\/post"}],"author":[{"embeddable":true,"href":"https:\/\/www.europesays.com\/es\/wp-json\/wp\/v2\/users\/2"}],"replies":[{"embeddable":true,"href":"https:\/\/www.europesays.com\/es\/wp-json\/wp\/v2\/comments?post=153792"}],"version-history":[{"count":0,"href":"https:\/\/www.europesays.com\/es\/wp-json\/wp\/v2\/posts\/153792\/revisions"}],"wp:featuredmedia":[{"embeddable":true,"href":"https:\/\/www.europesays.com\/es\/wp-json\/wp\/v2\/media\/153793"}],"wp:attachment":[{"href":"https:\/\/www.europesays.com\/es\/wp-json\/wp\/v2\/media?parent=153792"}],"wp:term":[{"taxonomy":"category","embeddable":true,"href":"https:\/\/www.europesays.com\/es\/wp-json\/wp\/v2\/categories?post=153792"},{"taxonomy":"post_tag","embeddable":true,"href":"https:\/\/www.europesays.com\/es\/wp-json\/wp\/v2\/tags?post=153792"}],"curies":[{"name":"wp","href":"https:\/\/api.w.org\/{rel}","templated":true}]}}