{"id":153797,"date":"2025-10-03T00:12:08","date_gmt":"2025-10-03T00:12:08","guid":{"rendered":"https:\/\/www.europesays.com\/es\/153797\/"},"modified":"2025-10-03T00:12:08","modified_gmt":"2025-10-03T00:12:08","slug":"ya-es-oficial-aleksandre-topuria-regresara-a-la-jaula-el-22-de-noviembre-mas-deportes","status":"publish","type":"post","link":"https:\/\/www.europesays.com\/es\/153797\/","title":{"rendered":"Ya es oficial: Aleksandre Topuria regresar\u00e1 a la jaula el 22 de noviembre | M\u00e1s deportes"},"content":{"rendered":"<p>Era un secreto a voces: Aleksandre Topuria (6-1) volver\u00e1 a subirse por segunda vez a la jaula de la UFC el pr\u00f3ximo 22 de noviembre en Doha (Catar). El hermano mayor de Ilia se enfrentar\u00e1 al kazajo Bezkat Almakhan (12-2), que disputar\u00e1 su tercer combate en la promotora estadounidense.<\/p>\n<p>Aleksandre Topuria hizo valer sus condiciones en la jaula en su debut en la UFC celebrado en el pasado mes de febrero al vencer por decisi\u00f3n un\u00e1nime a Colby Thicknesse, pupilo de Aleksander Volkanovski. El Conquistador fue ampliamente superior en los tres asaltos disputados, dominando tanto en las facetas de suelo (grappling) como de lucha de pie (striking). Adem\u00e1s de ello, el hispanogeorgiano se llev\u00f3 los elogios del p\u00fablico al firmar un suplex; un complicado movimiento que consiste en levantar a tu oponente y conseguir que este d\u00e9 la vuelta en el aire.<\/p>\n<p>Pese a que Aleksandre pudo pelear en junio en un evento celebrado en Bak\u00fa (Azerbaiy\u00e1n). Sin embargo, este rechaz\u00f3 la oferta debido a la cercan\u00eda del combate de Ilia con Charles Oliveira por el trono del peso ligero. Cabe destacar que tanto el uno como el otro son piezas indispensables en sus jornadas de su entrenamiento. En cuanto al rival del mayor de los Topuria, Bezkat Almakhan, recala a este enfrentamiento tras vencer por KO en el primer asalto en mayo ante Brad Katona. Adem\u00e1s, el propio Matador quiso opinar sobre este enfrentamiento en el \u00faltimo WOW celebrado en Madrid. \u00abEs un combate que de cara al p\u00fablico parece complicado, pero no tengo dudas de que mi hermano finalizar\u00e1 en el primer asalto\u00bb, asegur\u00f3.<\/p>\n<p>Una expectante velada<\/p>\n<p>El 22 de noviembre, la cartelera tambi\u00e9n contar\u00e1 con combates que auguran determinar el futuro de los Topuria. Arman Tsarukyan, n\u00famero dos del peso ligero, y Dan Hooker, sexto de la categor\u00eda; un enfrentamiento que podr\u00eda determinar qui\u00e9n ser\u00e1 el elegido para acompa\u00f1ar a Ilia en su primera defensa del trono del peso ligero. Adem\u00e1s, Belal Muhammad, excampe\u00f3n del peso welter de la UFC, e Ian Garry, sexto de la divisi\u00f3n, tambi\u00e9n compartir\u00e1n jaula.<\/p>\n","protected":false},"excerpt":{"rendered":"Era un secreto a voces: Aleksandre Topuria (6-1) volver\u00e1 a subirse por segunda vez a la jaula de&hellip;\n","protected":false},"author":2,"featured_media":153798,"comment_status":"","ping_status":"","sticky":false,"template":"","format":"standard","meta":{"footnotes":""},"categories":[276],"tags":[168,25,24,23,167,343],"class_list":{"0":"post-153797","1":"post","2":"type-post","3":"status-publish","4":"format-standard","5":"has-post-thumbnail","7":"category-ufc","8":"tag-deportes","9":"tag-es","10":"tag-espana","11":"tag-spain","12":"tag-sports","13":"tag-ufc"},"share_on_mastodon":{"url":"","error":""},"_links":{"self":[{"href":"https:\/\/www.europesays.com\/es\/wp-json\/wp\/v2\/posts\/153797","targetHints":{"allow":["GET"]}}],"collection":[{"href":"https:\/\/www.europesays.com\/es\/wp-json\/wp\/v2\/posts"}],"about":[{"href":"https:\/\/www.europesays.com\/es\/wp-json\/wp\/v2\/types\/post"}],"author":[{"embeddable":true,"href":"https:\/\/www.europesays.com\/es\/wp-json\/wp\/v2\/users\/2"}],"replies":[{"embeddable":true,"href":"https:\/\/www.europesays.com\/es\/wp-json\/wp\/v2\/comments?post=153797"}],"version-history":[{"count":0,"href":"https:\/\/www.europesays.com\/es\/wp-json\/wp\/v2\/posts\/153797\/revisions"}],"wp:featuredmedia":[{"embeddable":true,"href":"https:\/\/www.europesays.com\/es\/wp-json\/wp\/v2\/media\/153798"}],"wp:attachment":[{"href":"https:\/\/www.europesays.com\/es\/wp-json\/wp\/v2\/media?parent=153797"}],"wp:term":[{"taxonomy":"category","embeddable":true,"href":"https:\/\/www.europesays.com\/es\/wp-json\/wp\/v2\/categories?post=153797"},{"taxonomy":"post_tag","embeddable":true,"href":"https:\/\/www.europesays.com\/es\/wp-json\/wp\/v2\/tags?post=153797"}],"curies":[{"name":"wp","href":"https:\/\/api.w.org\/{rel}","templated":true}]}}