{"id":153805,"date":"2025-10-03T00:17:18","date_gmt":"2025-10-03T00:17:18","guid":{"rendered":"https:\/\/www.europesays.com\/es\/153805\/"},"modified":"2025-10-03T00:17:18","modified_gmt":"2025-10-03T00:17:18","slug":"entrenadores-acb-de-la-2025-26","status":"publish","type":"post","link":"https:\/\/www.europesays.com\/es\/153805\/","title":{"rendered":"Entrenadores acb de la 2025-26"},"content":{"rendered":"<p>Ranking de partidos<\/p>\n<tr>\n#<br \/>\nEntrenador<br \/>\nPJ<br \/>\nVictorias<br \/>\n<\/tr>\n<tr>\n<td>1<\/td>\n<td>A\u00edto Garc\u00eda Reneses<\/td>\n<td>1.111<\/td>\n<td>749<\/td>\n<\/tr>\n<tr>\n<td>2<\/td>\n<td><strong>Pedro Mart\u00ednez<\/strong><\/td>\n<td>1.060<\/td>\n<td>558<\/td>\n<\/tr>\n<tr>\n<td>3<\/td>\n<td><strong>Luis Casimiro<\/strong><\/td>\n<td>782<\/td>\n<td>371<\/td>\n<\/tr>\n<tr>\n<td>4<\/td>\n<td>Manel Comas<\/td>\n<td>745<\/td>\n<td>392<\/td>\n<\/tr>\n<tr>\n<td>5<\/td>\n<td><strong>Txus Vidorreta<\/strong><\/td>\n<td>701<\/td>\n<td>364<\/td>\n<\/tr>\n<tr>\n<td>6<\/td>\n<td>Salva Maldonado<\/td>\n<td>616<\/td>\n<td>307<\/td>\n<\/tr>\n<tr>\n<td>7<\/td>\n<td>Javier Imbroda<\/td>\n<td>605<\/td>\n<td>315<\/td>\n<\/tr>\n<tr>\n<td>8<\/td>\n<td>Dusko Ivanovic<\/td>\n<td>588<\/td>\n<td>402<\/td>\n<\/tr>\n<tr>\n<td>9<\/td>\n<td>Gustavo Aranzana<\/td>\n<td>584<\/td>\n<td>265<\/td>\n<\/tr>\n<tr>\n<td>10<\/td>\n<td>Pablo Laso<\/td>\n<td>583<\/td>\n<td>423<\/td>\n<\/tr>\n<tr>\n<td>11<\/td>\n<td>Alfred Julbe<\/td>\n<td>542<\/td>\n<td>293<\/td>\n<\/tr>\n<tr>\n<td>12<\/td>\n<td><strong>Sito Alonso<\/strong><\/td>\n<td>513<\/td>\n<td>258<\/td>\n<\/tr>\n<tr>\n<td>13<\/td>\n<td>Pepu Hern\u00e1ndez<\/td>\n<td>498<\/td>\n<td>289<\/td>\n<\/tr>\n<tr>\n<td>14<\/td>\n<td><strong>Jaume Ponsarnau<\/strong><\/td>\n<td>480<\/td>\n<td>197<\/td>\n<\/tr>\n<tr>\n<td>15<\/td>\n<td><strong>Joan Plaza<\/strong><\/td>\n<td>474<\/td>\n<td>281<\/td>\n<\/tr>\n<tr>\n<td>16<\/td>\n<td><strong>Moncho Fern\u00e1ndez<\/strong><\/td>\n<td>467<\/td>\n<td>175<\/td>\n<\/tr>\n<tr>\n<td>17<\/td>\n<td>Manolo Hussein<\/td>\n<td>449<\/td>\n<td>166<\/td>\n<\/tr>\n<tr>\n<td>18<\/td>\n<td><strong>Sergio Scariolo<\/strong><\/td>\n<td>445<\/td>\n<td>287<\/td>\n<\/tr>\n<tr>\n<td>19<\/td>\n<td>Porfirio Fisac<\/td>\n<td>435<\/td>\n<td>181<\/td>\n<\/tr>\n<tr>\n<td>20<\/td>\n<td>Eduard Torres<\/td>\n<td>412<\/td>\n<td>176<\/td>\n<\/tr>\n<p>La Liga Endesa 2025-26 aglutina a 8 de los 18 t\u00e9cnicos principales con m\u00e1s encuentros dirigidos de toda la era acb. <strong>Pedro Mart\u00ednez<\/strong> (2\u00ba) figura holgadamente en cabeza de entre los que se encuentran en activo y es segundo en el global, siendo superado exclusivamente por el maestro de maestros, <strong>A\u00edto Garc\u00eda Reneses<\/strong>.<\/p>\n<p>Los otros siete entrenadores actuales presentes en esta lista son <strong>Luis Casimiro<\/strong> (3\u00ba), <strong>Txus Vidorreta<\/strong> (5\u00ba), <strong>Sito Alonso<\/strong> (12\u00ba), <strong>Jaume Ponsarnau<\/strong> (14\u00ba), <strong>Joan Plaza<\/strong> (15\u00ba), <strong>Moncho Fern\u00e1ndez<\/strong> (16\u00ba) y <strong>Sergio Scariolo<\/strong> (18\u00ba), que vuelve a la competici\u00f3n doce a\u00f1os despu\u00e9s.<\/p>\n<p>Asimisimo, pese a no aparecer en el ranking, tambi\u00e9n tienen experiencia en los banquillos acb: <strong>Ibon Navarro<\/strong> (384 partidos), <strong>Joan Pe\u00f1arroya<\/strong> (359), <strong>Diego Ocampo<\/strong> (143), <strong>Jaka Lakovic<\/strong> (108), <strong>Dani Miret<\/strong> (42) y <strong>Gerard Encuentra<\/strong> (34). Esto deja como debutantes a <strong>Paolo Galbiati<\/strong> (41 a\u00f1os) en el Baskonia; <strong>Ramon D\u00edaz<\/strong> (42 a\u00f1os) en el Coviran Granada; <strong>Bruno Savignani<\/strong> (43 a\u00f1os) en el San Pablo Burgos, primer t\u00e9cnico principal brasile\u00f1o que aterriza en la competici\u00f3n; y <strong>Jes\u00fas Ramirez<\/strong> (45 a\u00f1os) en el Casademont Zaragoza.<\/p>\n<p>Ranking de veteran\u00eda<\/p>\n<tr>\nEntrenador<br \/>\nA\u00f1os<br \/>\nClub<br \/>\n<\/tr>\n<tr>\n<td>Luis Casimiro<\/td>\n<td>65<\/td>\n<td>R\u00edo Breog\u00e1n<\/td>\n<\/tr>\n<tr>\n<td>Pedro Mart\u00ednez<\/td>\n<td>64<\/td>\n<td>Valencia Basket<\/td>\n<\/tr>\n<tr>\n<td>Sergio Scariolo<\/td>\n<td>64<\/td>\n<td>Real Madrid<\/td>\n<\/tr>\n<tr>\n<td>Joan Plaza<\/td>\n<td>61<\/td>\n<td>MoraBanc Andorra<\/td>\n<\/tr>\n<tr>\n<td>Txus Vidorreta<\/td>\n<td>59<\/td>\n<td>La Laguna Tenerife<\/td>\n<\/tr>\n<tr>\n<td>Joan Pe\u00f1arroya<\/td>\n<td>56<\/td>\n<td>Bar\u00e7a<\/td>\n<\/tr>\n<tr>\n<td>Moncho Fern\u00e1ndez<\/td>\n<td>56<\/td>\n<td>B\u00e0squet Girona<\/td>\n<\/tr>\n<tr>\n<td>Jaume Ponsarnau<\/td>\n<td>54<\/td>\n<td>Surne Bilbao Basket<\/td>\n<\/tr>\n<tr>\n<td>Sito Alonso<\/td>\n<td>49<\/td>\n<td>UCAM Murcia<\/td>\n<\/tr>\n<tr>\n<td>Ibon Navarro<\/td>\n<td>49<\/td>\n<td>Unicaja<\/td>\n<\/tr>\n<tr>\n<td>Diego Ocampo<\/td>\n<td>49<\/td>\n<td>BAXI Manresa<\/td>\n<\/tr>\n<tr>\n<td>Jaka Lakovic<\/td>\n<td>47<\/td>\n<td>Dreamland Gran Canaria<\/td>\n<\/tr>\n<tr>\n<td>Jes\u00fas Ramirez<\/td>\n<td>45<\/td>\n<td>Casademont Zaragoza<\/td>\n<\/tr>\n<tr>\n<td>Bruno Savignani<\/td>\n<td>43<\/td>\n<td>San Pablo Burgos<\/td>\n<\/tr>\n<tr>\n<td>Ramon D\u00edaz<\/td>\n<td>42<\/td>\n<td>Coviran Granada<\/td>\n<\/tr>\n<tr>\n<td>Paolo Galbiati<\/td>\n<td>41<\/td>\n<td>Baskonia<\/td>\n<\/tr>\n<tr>\n<td>Daniel Miret<\/td>\n<td>40<\/td>\n<td>Joventut<\/td>\n<\/tr>\n<tr>\n<td>Gerard  Encuentra<\/td>\n<td>35<\/td>\n<td>Hiopos Lleida<\/td>\n<\/tr>\n<p>Como ya sucedi\u00f3 el curso anterior, el m\u00e1s joven vuelve a ser, con diferencia, el entrenador del Hiopos Lleida <strong>Gerard Encuentra<\/strong> (35 a\u00f1os) y el m\u00e1s veterano, el lucense <strong>Luis Casimiro<\/strong> (65 a\u00f1os). As\u00ed, pues la edad media se fija en los 51 a\u00f1os, cifra ligeramente superior a la de la 2024-25.<\/p>\n<p>Ranking de t\u00edtulos<\/p>\n<tr>\nT\u00edtulos<br \/>\nJugador<br \/>\nLiga Nacional<br \/>\nACB<br \/>\n<\/tr>\n<tr>\n<td>12<\/td>\n<td>Pedro Ferr\u00e1ndiz<\/td>\n<td>12<\/td>\n<td>&#8211;<\/td>\n<\/tr>\n<tr>\n<td>10<\/td>\n<td>Lolo S\u00e1inz<\/td>\n<td>5<\/td>\n<td>5<\/td>\n<\/tr>\n<tr>\n<td>9<\/td>\n<td>A\u00edto Garc\u00eda Reneses<\/td>\n<td>&#8211;<\/td>\n<td>9<\/td>\n<\/tr>\n<tr>\n<td>6<\/td>\n<td>Pablo Laso<\/td>\n<td>&#8211;<\/td>\n<td>6<\/td>\n<\/tr>\n<tr>\n<td>4<\/td>\n<td>Xavi Pascual<\/td>\n<td>&#8211;<\/td>\n<td>4<\/td>\n<\/tr>\n<tr>\n<td>3<\/td>\n<td>Antoni Serra<\/td>\n<td>3<\/td>\n<td>&#8211;<\/td>\n<\/tr>\n<tr>\n<td>=<\/td>\n<td>Dusko Ivanovic<\/td>\n<td>&#8211;<\/td>\n<td>3<\/td>\n<\/tr>\n<tr>\n<td>2<\/td>\n<td>Ignacio Pinedo<\/td>\n<td>2<\/td>\n<td>&#8211;<\/td>\n<\/tr>\n<tr>\n<td>=<\/td>\n<td>Joaqu\u00edn Hern\u00e1ndez<\/td>\n<td>2<\/td>\n<td>&#8211;<\/td>\n<\/tr>\n<tr>\n<td>=<\/td>\n<td>Clifford Luyk<\/td>\n<td>&#8211;<\/td>\n<td>2<\/td>\n<\/tr>\n<tr>\n<td>=<\/td>\n<td>Svetislav Pesic<\/td>\n<td>&#8211;<\/td>\n<td>2<\/td>\n<\/tr>\n<tr>\n<td>=<\/td>\n<td>Sergio Scariolo<\/td>\n<td>&#8211;<\/td>\n<td>2<\/td>\n<\/tr>\n<tr>\n<td>=<\/td>\n<td>Sarunas Jasikevicius<\/td>\n<td>&#8211;<\/td>\n<td>2<\/td>\n<\/tr>\n<tr>\n<td>=<\/td>\n<td>Chus Mateo<\/td>\n<td>&#8211;<\/td>\n<td>2<\/td>\n<\/tr>\n<tr>\n<td>1<\/td>\n<td>Jaime Isal<\/td>\n<td>1<\/td>\n<td>&#8211;<\/td>\n<\/tr>\n<tr>\n<td>=<\/td>\n<td>Robert Busnel<\/td>\n<td>1<\/td>\n<td>&#8211;<\/td>\n<\/tr>\n<tr>\n<td>=<\/td>\n<td>Eduardo Kucharski<\/td>\n<td>1<\/td>\n<td>&#8211;<\/td>\n<\/tr>\n<tr>\n<td>=<\/td>\n<td>Luis Casimiro<\/td>\n<td>&#8211;<\/td>\n<td>1<\/td>\n<\/tr>\n<tr>\n<td>=<\/td>\n<td>Bozidar Maljkovic<\/td>\n<td>&#8211;<\/td>\n<td>1<\/td>\n<\/tr>\n<tr>\n<td>=<\/td>\n<td>Joan Plaza<\/td>\n<td>&#8211;<\/td>\n<td>1<\/td>\n<\/tr>\n<tr>\n<td>=<\/td>\n<td>Neven Spahija<\/td>\n<td>&#8211;<\/td>\n<td>1<\/td>\n<\/tr>\n<tr>\n<td>=<\/td>\n<td>Pedro Mart\u00ednez<\/td>\n<td>&#8211;<\/td>\n<td>1<\/td>\n<\/tr>\n<p><strong>Pedro Ferrandiz<\/strong> es el t\u00e9cnico principal m\u00e1s laureado con 12 t\u00edtulos conseguidos en Liga Nacional entre 1959 y 1975. Cerca, los 10 de <strong>Lolo S\u00e1inz<\/strong> y los 9 de un <strong>A\u00edto Garc\u00eda Reneses<\/strong> que completa el podio. 4 de los 18 entrenadores de la 2025-26 ya han sido campeones: <strong>Sergio Scariolo<\/strong> (1999-00 y 2005-06) <strong>Pedro Mart\u00ednez<\/strong> (2016-17), <strong>Joan Plaza<\/strong> (2006-07) y <strong>Luis Casimiro<\/strong> (1997-98).<\/p>\n<p>Hasta ahora, \u00fanicamente tres entrenadores han levantado el t\u00edtulo con dos equipos diferentes: <strong>Lolo S\u00e1inz<\/strong> (8 con el Real Madrid y 2 con el Joventut); <strong>Sergio Scariolo<\/strong> (1 con el Real Madrid y con el Unicaja); y <strong>Antoni Serra<\/strong> (1 con el Joventut y 2 con el Bar\u00e7a).<\/p>\n","protected":false},"excerpt":{"rendered":"Ranking de partidos # Entrenador PJ Victorias 1 A\u00edto Garc\u00eda Reneses 1.111 749 2 Pedro Mart\u00ednez 1.060 558&hellip;\n","protected":false},"author":2,"featured_media":145204,"comment_status":"","ping_status":"","sticky":false,"template":"","format":"standard","meta":{"footnotes":""},"categories":[269],"tags":[299,298,168,25,24,23,167],"class_list":{"0":"post-153805","1":"post","2":"type-post","3":"status-publish","4":"format-standard","5":"has-post-thumbnail","7":"category-baloncesto","8":"tag-baloncesto","9":"tag-basketball","10":"tag-deportes","11":"tag-es","12":"tag-espana","13":"tag-spain","14":"tag-sports"},"share_on_mastodon":{"url":"","error":""},"_links":{"self":[{"href":"https:\/\/www.europesays.com\/es\/wp-json\/wp\/v2\/posts\/153805","targetHints":{"allow":["GET"]}}],"collection":[{"href":"https:\/\/www.europesays.com\/es\/wp-json\/wp\/v2\/posts"}],"about":[{"href":"https:\/\/www.europesays.com\/es\/wp-json\/wp\/v2\/types\/post"}],"author":[{"embeddable":true,"href":"https:\/\/www.europesays.com\/es\/wp-json\/wp\/v2\/users\/2"}],"replies":[{"embeddable":true,"href":"https:\/\/www.europesays.com\/es\/wp-json\/wp\/v2\/comments?post=153805"}],"version-history":[{"count":0,"href":"https:\/\/www.europesays.com\/es\/wp-json\/wp\/v2\/posts\/153805\/revisions"}],"wp:featuredmedia":[{"embeddable":true,"href":"https:\/\/www.europesays.com\/es\/wp-json\/wp\/v2\/media\/145204"}],"wp:attachment":[{"href":"https:\/\/www.europesays.com\/es\/wp-json\/wp\/v2\/media?parent=153805"}],"wp:term":[{"taxonomy":"category","embeddable":true,"href":"https:\/\/www.europesays.com\/es\/wp-json\/wp\/v2\/categories?post=153805"},{"taxonomy":"post_tag","embeddable":true,"href":"https:\/\/www.europesays.com\/es\/wp-json\/wp\/v2\/tags?post=153805"}],"curies":[{"name":"wp","href":"https:\/\/api.w.org\/{rel}","templated":true}]}}