{"id":153812,"date":"2025-10-03T00:26:07","date_gmt":"2025-10-03T00:26:07","guid":{"rendered":"https:\/\/www.europesays.com\/es\/153812\/"},"modified":"2025-10-03T00:26:07","modified_gmt":"2025-10-03T00:26:07","slug":"celta-paok-el-partido-de-futbol-de-f-grupos","status":"publish","type":"post","link":"https:\/\/www.europesays.com\/es\/153812\/","title":{"rendered":"Celta \u2013 PAOK el partido de f\u00fatbol de F. Grupos"},"content":{"rendered":"<p>    Sigue en directo el partido de f\u00fatbol de la Europa League entre Celta y PAOK\n<\/p>\n<p>        <img src=\"https:\/\/www.lavanguardia.com\/files\/image_449_220\/uploads\/2024\/01\/26\/65b39ad60f495.jpeg\" data-full-src=\"https:\/\/www.europesays.com\/es\/wp-content\/uploads\/2025\/10\/65b39ad60f495.jpeg\" alt=\"europa-league-endirecto-2024\" width=\"449\" height=\"220\" class=\"nolazy\" decoding=\"async\" fetchpriority=\"high\"\/><\/p>\n<p class=\"caption-title \">europa-league-endirecto-2024<\/p>\n<p>\n                02\/10\/2025 20:30<br \/>\n                Actualizado a  03\/10\/2025 00:04\n            <\/p>\n<p>                        \t&#13;<br \/>\n&#13;<br \/>\n&#13;<br \/>\n\t&#13;<br \/>\n\t&#13;<br \/>\n\t\t&#13;<br \/>\n\t&#13;<br \/>\n\t\t\t&#13;<br \/>\n\t\t\t\t&#13;<br \/>\n\t&#13;<br \/>\n\t\t\t&#13;<br \/>\n\t\t\t\t&#13;<br \/>\n\t&#13;<br \/>\n\t\t&#13;<br \/>\n\t&#13;<br \/>\n\t\t\t&#13;<br \/>\n\t\t\t\t&#13;<br \/>\n\t&#13;<br \/>\n\t\t&#13;<br \/>\n\t&#13;<br \/>\n\t\t\t&#13;<br \/>\n\t\t\t\t&#13;<br \/>\n\t&#13;<br \/>\n\t\t&#13;<br \/>\n\t&#13;<br \/>\n\t\t&#13;<br \/>\n\t&#13;<br \/>\n\t\t&#13;<br \/>\n\t&#13;<br \/>\n\t\t&#13;<br \/>\n\t&#13;<br \/>\n\t\t&#13;<br \/>\n\t&#13;<br \/>\n\t\t&#13;<br \/>\n\t&#13;<br \/>\n\t\t&#13;<br \/>\n\t&#13;<br \/>\n\t\t&#13;<br \/>\n\t&#13;<br \/>\n\t\t&#13;<br \/>\n\t&#13;<br \/>\n\t\t&#13;<br \/>\n\t&#13;<br \/>\n\t\t&#13;<br \/>\n\t&#13;<br \/>\n\t\t&#13;<br \/>\n\t&#13;<br \/>\n\t\t&#13;<br \/>\n\t&#13;<br \/>\n\t\t&#13;<br \/>\n\t&#13;<br \/>\n\t\t&#13;<br \/>\n\t&#13;<br \/>\n\t\t&#13;<br \/>\n\t&#13;<br \/>\n\t\t&#13;<br \/>\n\t&#13;<br \/>\n\t\t&#13;<br \/>\n\t&#13;<br \/>\n\t\t&#13;<br \/>\n\t&#13;<br \/>\n\t\t&#13;<br \/>\n\t&#13;<br \/>\n\t\t&#13;<br \/>\n\t&#13;<br \/>\n\t\t&#13;<br \/>\n\t&#13;<br \/>\n\t\t&#13;<br \/>\n\t&#13;<br \/>\n\t\t&#13;<br \/>\n\t&#13;<br \/>\n\t\t&#13;<br \/>\n\t&#13;<br \/>\n\t\t&#13;<br \/>\n\t&#13;<br \/>\n\t\t&#13;<br \/>\n\t&#13;<br \/>\n\t\t&#13;<br \/>\n\t&#13;<br \/>\n\t\t&#13;<br \/>\n\t&#13;<br \/>\n\t\t&#13;<br \/>\n\t&#13;<br \/>\n\t\t&#13;<br \/>\n\t&#13;<br \/>\n\t\t&#13;<br \/>\n\t&#13;<br \/>\n\t\t&#13;<br \/>\n\t&#13;<br \/>\n\t\t&#13;<br \/>\n\t&#13;<br \/>\n\t\t&#13;<br \/>\n\t&#13;<br \/>\n\t\t&#13;<br \/>\n\t&#13;<br \/>\n\t\t&#13;<br \/>\n\t&#13;<br \/>\n\t\t&#13;<br \/>\n\t&#13;<br \/>\n\t\t&#13;<br \/>\n\t&#13;<br \/>\n\t\t&#13;<br \/>\n\t&#13;<br \/>\n\t\t&#13;<br \/>\n\t&#13;<br \/>\n\t\t&#13;<br \/>\n\t&#13;<br \/>\n\t&#13;<\/p>\n<p><strong>Generado por BeSoccer<\/strong><\/p>\n<p>&#13;<\/p>\n<p class=\"paragraph\">\nEl encuentro <b>Celta<\/b> &#8211; <b>PAOK<\/b> de la Europa League, que se disputa<br \/>\n\ten Abanca Bala\u00eddos<br \/>\na las <b>21:00 horas<\/b> se podr\u00e1 ver en directo a trav\u00e9s de<br \/>\n\t<b>\t\t\tMovistar Plus+ (Esp), M+ Liga de Campeones (Esp)<\/b><br \/>\n y seguir la \u00faltima hora a trav\u00e9s de la web de <b>LaVanguardia<\/b>.\n<\/p>\n<p>\tCelta &#8211; PAOK<br \/>\n\tClasificaci\u00f3n y estadisticas entre Celta &#8211; PAOK<\/p>\n<p class=\"paragraph\">\n\tCelta llega al partido tras haberse enfrentado en la jornada anterior al<br \/>\n\t<b><br \/>\n\t\t\tStuttgart<br \/>\n\t\t<\/b><br \/>\n\t, mientras que PAOK jug\u00f3 su \u00faltimo partido de la Europa League contra<br \/>\n\t<b><br \/>\n\t\t\tMaccabi Tel Aviv<br \/>\n\t\t<\/b><br \/>\n\t.<br \/>\n\tEl <b>Celta<\/b> ocupa actualmente la <b>posici\u00f3n n\u00famero 13<\/b> de<br \/>\n\tla Europa League con 3 puntos, mientras que su rival, el<br \/>\n\t<b>PAOK<\/b>, ocupa el <b>puesto 29<\/b> con 1 puntos.\n<\/p>\n<p class=\"paragraph\">\nLa web de La Vanguardia tambi\u00e9n ofrecer\u00e1 toda la actualidad del choque en directo minuto a minuto tras el pitido inicial del \u00e1rbitro. Consulta aqu\u00ed el resto de partidos de la<br \/>\n<a href=\"https:\/\/www.lavanguardia.com\/deportes\/resultados\/europa-league\" rel=\"nofollow noopener\" target=\"_blank\">jornada de la Europa League<\/a>, el<br \/>\n<a href=\"https:\/\/www.lavanguardia.com\/deportes\/resultados\/europa-league\/calendario\/celta\" rel=\"nofollow noopener\" target=\"_blank\">calendario del Celta<\/a>, el<br \/>\n<a href=\"https:\/\/www.lavanguardia.com\/deportes\/resultados\/europa-league\/calendario\/paok\" rel=\"nofollow noopener\" target=\"_blank\">calendario del PAOK<\/a> y las<br \/>\n<a href=\"https:\/\/www.lavanguardia.com\/deportes\/resultados\/europa-league\/estadisticas\" rel=\"nofollow noopener\" target=\"_blank\">estad\u00edsticas de la Europa League<\/a>.<br \/>\nTambi\u00e9n puedes consultar la <a href=\"https:\/\/www.lavanguardia.com\/deportes\/resultados\/europa-league\/clasificacion\" rel=\"nofollow noopener\" target=\"_blank\">clasificaci\u00f3n de la Europa League<\/a>.\n<\/p>\n<p>\n                            Mostrar comentarios\n                        <\/p>\n<p>{\u00aballowComment\u00bb:\u00bballowed\u00bb,\u00bbarticleId\u00bb:\u00bbarticle-11016115&#8243;,\u00bburl\u00bb:\u00bbhttps:\\\/\\\/www.lavanguardia.com\\\/deportes\\\/futbol\\\/20251002\\\/181287\\\/celta-paok-europa-league-ca-en-directo-ctx.html\u00bb,\u00bblivefyre-url\u00bb:\u00bbarticle-11016115&#8243;}<\/p>\n<p>Cargando siguiente contenido&#8230;\n                <\/p>\n","protected":false},"excerpt":{"rendered":"Sigue en directo el partido de f\u00fatbol de la Europa League entre Celta y PAOK europa-league-endirecto-2024 02\/10\/2025 20:30&hellip;\n","protected":false},"author":2,"featured_media":153813,"comment_status":"","ping_status":"","sticky":false,"template":"","format":"standard","meta":{"footnotes":""},"categories":[93],"tags":[168,25,24,23,167],"class_list":{"0":"post-153812","1":"post","2":"type-post","3":"status-publish","4":"format-standard","5":"has-post-thumbnail","7":"category-deportes","8":"tag-deportes","9":"tag-es","10":"tag-espana","11":"tag-spain","12":"tag-sports"},"share_on_mastodon":{"url":"","error":""},"_links":{"self":[{"href":"https:\/\/www.europesays.com\/es\/wp-json\/wp\/v2\/posts\/153812","targetHints":{"allow":["GET"]}}],"collection":[{"href":"https:\/\/www.europesays.com\/es\/wp-json\/wp\/v2\/posts"}],"about":[{"href":"https:\/\/www.europesays.com\/es\/wp-json\/wp\/v2\/types\/post"}],"author":[{"embeddable":true,"href":"https:\/\/www.europesays.com\/es\/wp-json\/wp\/v2\/users\/2"}],"replies":[{"embeddable":true,"href":"https:\/\/www.europesays.com\/es\/wp-json\/wp\/v2\/comments?post=153812"}],"version-history":[{"count":0,"href":"https:\/\/www.europesays.com\/es\/wp-json\/wp\/v2\/posts\/153812\/revisions"}],"wp:featuredmedia":[{"embeddable":true,"href":"https:\/\/www.europesays.com\/es\/wp-json\/wp\/v2\/media\/153813"}],"wp:attachment":[{"href":"https:\/\/www.europesays.com\/es\/wp-json\/wp\/v2\/media?parent=153812"}],"wp:term":[{"taxonomy":"category","embeddable":true,"href":"https:\/\/www.europesays.com\/es\/wp-json\/wp\/v2\/categories?post=153812"},{"taxonomy":"post_tag","embeddable":true,"href":"https:\/\/www.europesays.com\/es\/wp-json\/wp\/v2\/tags?post=153812"}],"curies":[{"name":"wp","href":"https:\/\/api.w.org\/{rel}","templated":true}]}}