{"id":153818,"date":"2025-10-03T00:30:12","date_gmt":"2025-10-03T00:30:12","guid":{"rendered":"https:\/\/www.europesays.com\/es\/153818\/"},"modified":"2025-10-03T00:30:12","modified_gmt":"2025-10-03T00:30:12","slug":"wall-street-en-alza-con-la-tecnologia-a-la-cabeza-barrons","status":"publish","type":"post","link":"https:\/\/www.europesays.com\/es\/153818\/","title":{"rendered":"Wall Street En Alza, Con La Tecnolog\u00eda A La Cabeza &#8211; Barron&#039;s"},"content":{"rendered":"<ol>\n<li><a href=\"https:\/\/news.google.com\/rss\/articles\/CBMimwFBVV95cUxNNnNZUDlpMHdYTGp0bmFJLUk3V2dBRmFNaXRWR2lFR28tV19tM3dFbzRHWXFEWG1oVDVpX0tmckFlN3RVWk90b1RJd0Rra2w4bzVhdGhaUm5tNklfZDIyQUhoT2tVRkozaWZBVDdwNnBKWUFiTEkxbkMxNzBPbWIwYW02MmVIYVl0ejZFN0ZydFBWempCTnd4N3VWcw?oc=5\" target=\"_blank\" rel=\"nofollow noopener\">Wall Street En Alza, Con La Tecnolog\u00eda A La Cabeza<\/a>&nbsp;&nbsp;Barron&#8217;s<\/li>\n<li><a href=\"https:\/\/news.google.com\/rss\/articles\/CBMirwFBVV95cUxNVWVpczZqNFl1ZTV1XzJ0UDhvN3dCX1k0LWlDWnpLaEgzUFk3Z2NfNktOT2pVZjI4cWs5YUJjT05ObWZfNXlacmJkMnUwS3dzSXZDYllTaE5uV09QdzJwRXNpNXdKRFFlNjFRQ25wZVA1Qjl5R3dKTHZWYlZHSUNGUmlnZkVpYXhVVU9McUU1LTFEdlRUY2FmTmJYWVFBZmM1blg3c0JTQkVoUGtaOC1J?oc=5\" target=\"_blank\" rel=\"nofollow noopener\">Reacciones del S&amp;P500 a los \u00faltimos cuatro cierres de Gobierno<\/a>&nbsp;&nbsp;Renta 4<\/li>\n<li><a href=\"https:\/\/news.google.com\/rss\/articles\/CBMi1gFBVV95cUxOVEVaUWQ5YXdOT1ViZ05mZ0lUTW4zdnU0N0VqcEF0dlIxcDAxMWVNUnlkTXRWTE90OVJVQ0pTUXFvWS1VaDZzY0ZHWjZTTzJFck5rNV82Tlg3SkpTUUN4bEhqRUJldm1sQnJMZHppZmVrYmpRQklqdWlCNWhXTXdXempqSThDc2M1UFR6UHlvTHVXclN3b25NMDFmSFlQRVhZOWd3N29BWFJvYjlUUk82SzVla1dJa2JCaVpkZ0x5Nm5EWmdtbGJuR0dUYTdmQ21zd2xxQVd30gHbAUFVX3lxTE02VXZOVUk3cVFWNkItMmVleXc5aERnT3F1ZFNrMGozQVY2UFg3UHRYbmc0MDJtVzBPM3NZRFZTTjJKUGxGVlRaNXN4OEMxZGFGUUREUFMwUUx2cFU3dllNQ1pnTFBicWVaSC01YkJ4bU1zLXBHd3hmNGZOU1JlUHlKQXhKei1xc183UHdOSjZUY0c5TXdoMmlnUkxuX2hacUEwWnFYaFdzSmppSERFN2lrUENxVE92UmRqTDZ6cXhQcEdhNjJORE9mM183MUM2ZGJiZXJxQ0lhUTgzYw?oc=5\" target=\"_blank\" rel=\"nofollow noopener\">Wall Street termina la sesi\u00f3n con r\u00e9cords intrad\u00eda en sus principales \u00edndices<\/a>&nbsp;&nbsp;La Vanguardia<\/li>\n<li><a href=\"https:\/\/news.google.com\/rss\/articles\/CBMiiwFBVV95cUxNMGctYUI1SW43VktyWFd0Um80aWR6VTVkbjl0S2dqWTlhU3c1V2dUcmNnQU1wTE4zeWdIVTk2V083Q1ZZVWxCZjBUUHBsZkpBZVRUTncxVVFxWkFPXy1wa3lmeWFXYXZ2eU5Qa2RoanZ1M3pwX1FlTXg3UHJVcHl0ZnJSSWwxMEQwb1BV0gGLAUFVX3lxTE5PRzNzNjBLVWtqWmR0QlYyY0FKRTRUbWNyM2lDZFROUlFrUTEwY2c4T0dKckxIaG9OUEpWamxoMUFwWUlGUXV6Q25tbVNHX3RfbDBGdG94ajlFZzBPaGVhQ1ZXSU1YN3NJQnhUcHVuNGNwMnZNTUJRUjYxbWt1dy1uQ2VmRzItaWhfTzg?oc=5\" target=\"_blank\" rel=\"nofollow noopener\">Ibex 35 hoy, la Bolsa en Directo | El S&amp;P 500 cierra en m\u00e1ximos a pesar del cierre del Gobierno en EEUU<\/a>&nbsp;&nbsp;Expansi\u00f3n<\/li>\n<li><a href=\"https:\/\/news.google.com\/rss\/articles\/CBMi5gFBVV95cUxPX1RmT3lUcnJ5WXB1ckdYZFoycm4xY0JyUXhSOGQxWmcwZDZSR3dIcGY5RTFmSEZ6VjdyWUpVTUd5d3YtSWdhOWpiYWpKcklEVmFHWk1GellzOEhwRXZXTml0M1BqdTM4NXFfMmg3Y2dlRi0wcnhiN1FUdlVzRWJMOUM0VVhKWk5aOXZGLUtIcGtWZTZfekNLTXV4YW0wWkhlUzl1U01DbWtiVHNHSnpNeDhJZzJFdU81b0h2NDZLb0pieV8yWFJQNTJxdWJjX19tQlU1b0p4NFNNWkV5U2hhaDhRUkp0Zw?oc=5\" target=\"_blank\" rel=\"nofollow noopener\">El S&amp;P 500 celebra con nuevos m\u00e1ximos la destrucci\u00f3n de empleo y pasa del shutdown: \u00bfhasta cu\u00e1ndo?<\/a>&nbsp;&nbsp;CMC Markets<\/li>\n<\/ol>\n","protected":false},"excerpt":{"rendered":"Wall Street En Alza, Con La Tecnolog\u00eda A La Cabeza&nbsp;&nbsp;Barron&#8217;s Reacciones del S&amp;P500 a los \u00faltimos cuatro cierres&hellip;\n","protected":false},"author":2,"featured_media":123368,"comment_status":"","ping_status":"","sticky":false,"template":"","format":"standard","meta":{"footnotes":""},"categories":[80],"tags":[2300,82,95,94,115,25,24,114,9522,23,116,113],"class_list":{"0":"post-153818","1":"post","2":"type-post","3":"status-publish","4":"format-standard","5":"has-post-thumbnail","7":"category-economia","8":"tag-bolsa","9":"tag-business","10":"tag-economia","11":"tag-economy","12":"tag-eeuu","13":"tag-es","14":"tag-espana","15":"tag-mercados","16":"tag-newyork","17":"tag-spain","18":"tag-synd","19":"tag-valores"},"share_on_mastodon":{"url":"","error":""},"_links":{"self":[{"href":"https:\/\/www.europesays.com\/es\/wp-json\/wp\/v2\/posts\/153818","targetHints":{"allow":["GET"]}}],"collection":[{"href":"https:\/\/www.europesays.com\/es\/wp-json\/wp\/v2\/posts"}],"about":[{"href":"https:\/\/www.europesays.com\/es\/wp-json\/wp\/v2\/types\/post"}],"author":[{"embeddable":true,"href":"https:\/\/www.europesays.com\/es\/wp-json\/wp\/v2\/users\/2"}],"replies":[{"embeddable":true,"href":"https:\/\/www.europesays.com\/es\/wp-json\/wp\/v2\/comments?post=153818"}],"version-history":[{"count":0,"href":"https:\/\/www.europesays.com\/es\/wp-json\/wp\/v2\/posts\/153818\/revisions"}],"wp:featuredmedia":[{"embeddable":true,"href":"https:\/\/www.europesays.com\/es\/wp-json\/wp\/v2\/media\/123368"}],"wp:attachment":[{"href":"https:\/\/www.europesays.com\/es\/wp-json\/wp\/v2\/media?parent=153818"}],"wp:term":[{"taxonomy":"category","embeddable":true,"href":"https:\/\/www.europesays.com\/es\/wp-json\/wp\/v2\/categories?post=153818"},{"taxonomy":"post_tag","embeddable":true,"href":"https:\/\/www.europesays.com\/es\/wp-json\/wp\/v2\/tags?post=153818"}],"curies":[{"name":"wp","href":"https:\/\/api.w.org\/{rel}","templated":true}]}}