{"id":153819,"date":"2025-10-03T00:32:12","date_gmt":"2025-10-03T00:32:12","guid":{"rendered":"https:\/\/www.europesays.com\/es\/153819\/"},"modified":"2025-10-03T00:32:12","modified_gmt":"2025-10-03T00:32:12","slug":"el-rey-felipe-vi-inaugura-el-foro-de-la-toja","status":"publish","type":"post","link":"https:\/\/www.europesays.com\/es\/153819\/","title":{"rendered":"El rey Felipe VI inaugura el Foro de la Toja"},"content":{"rendered":"<p>El rey ha vuelto a defender este jueves el multilateralismo y a poner el foco en la \u00abincertidumbre\u00bb de los cambios en el orden mundial, advirtiendo de los \u00abdiscursos que relativizan los valores universales\u00bb. \u00abCuando el viejo mundo se muere y el nuevo tarda en aparecer, <strong>en ese claroscuro, surgen los monstruos<\/strong>\u00ab, ha afirmado en la inauguraci\u00f3n del Foro La Toja-V\u00ednculo Atl\u00e1ntico.<\/p>\n<p>Como ya hizo la semana pasada en la Asamblea General de la ONU, Felipe VI ha vuelto a hablar de \u00abla violencia que se impone con toda su crudeza\u00bb en Ucrania, en Gaza, y \u00aben otros escenarios menos visibles, pero igualmente devastadores\u00bb como Sud\u00e1n o el Sahel. <\/p>\n<p>\u00abHoy, <strong>cuando el claroscuro amenaza con prolongarse y la incertidumbre gana terreno<\/strong>, la exigencia de nuestro tiempo no es renunciar al multilateralismo, sino repensarlo, reforzarlo y adaptarlo a un mundo en transformaci\u00f3n\u00bb, ha defendido. <\/p>\n<p>Para el rey, los valores que inspiraron el multilateralismo no son \u00abuna debilidad en tiempos inciertos\u00bb, sino \u00abnuestra mayor fortaleza\u00bb. \u00abNi la radicalidad ni la divisi\u00f3n aportan soluciones, como tampoco lo hace un liderazgo que se queda en la ret\u00f3rica\u00bb, ha continuado.<\/p>\n<p>En este punto<strong>, ha reiterado su defensa de la unidad de la Uni\u00f3n Europea<\/strong>, que dijo \u00abtiene la responsabilidad de hacerse escuchar, de proyectar una voz firme en defensa de esos valores y asumir un papel protagonista en la configuraci\u00f3n del nuevo orden internacional\u00bb. En ese sentido, ha vuelto a poner en valor la ONU, que \u00abse halla sometida hoy a una intensa campa\u00f1a de descr\u00e9dito; tambi\u00e9n, reconozc\u00e1moslo, presenta signos de fatiga institucional y estructural\u00bb.<\/p>\n<p>Reconoce la labor de los &#8216;padres de la Constituci\u00f3n&#8217;<\/p>\n<p>Felipe VI tambi\u00e9n ha hecho referencia al nacimiento de la UE y a la integraci\u00f3n de Espa\u00f1a en la \u00abnueva Europa\u00bb, un paso que dio lugar a una gran transformaci\u00f3n en <strong>un pa\u00eds cuya democracia se asent\u00f3 en la Constituci\u00f3n del 78. <\/strong><\/p>\n<p>Precisamente, esta edici\u00f3n del Foro ha galardonado a los &#8216;padres de la Constituci\u00f3n&#8217;, Miguel Herrero y Rodr\u00edguez de Mi\u00f1\u00f3n y Miquel Roca i Junyent, por su contribuci\u00f3n a la democracia y el progreso. En su discurso de apertura, <\/p>\n<p>Felipe VI ha elogiado la labor que llevaron a cabo -junto a Gregorio Peces Barba, Gabriel Cisneros, Manuel Fraga, Jordi Sol\u00e9 i Tura y Jos\u00e9 Pedro P\u00e9rez Llorca-al redactar una Carta Magna \u00abque acogiera a todos y no excluyera a nadie\u00bb. <strong>\u00abSin respeto y aprecio mutuo, ning\u00fan proyecto com\u00fan puede perdurar<\/strong>\u00ab, ha afirmado.<\/p>\n<p>El rey, parafraseando a Miquel Roca, ha recordado que \u00absolo desde el respeto a la libertad de todos podemos reclamar la nuestra\u00bb: \u00abLa democracia es pacto, es voluntad de acordar, es construir con y desde la diversidad\u00bb.<\/p>\n","protected":false},"excerpt":{"rendered":"El rey ha vuelto a defender este jueves el multilateralismo y a poner el foco en la \u00abincertidumbre\u00bb&hellip;\n","protected":false},"author":2,"featured_media":153820,"comment_status":"","ping_status":"","sticky":false,"template":"","format":"standard","meta":{"footnotes":""},"categories":[8],"tags":[17,18,25,24,13,14,11,19,20,9,10,15,16,23,12,21,22],"class_list":{"0":"post-153819","1":"post","2":"type-post","3":"status-publish","4":"format-standard","5":"has-post-thumbnail","7":"category-espana","8":"tag-breaking-news","9":"tag-breakingnews","10":"tag-es","11":"tag-espana","12":"tag-featured-news","13":"tag-featurednews","14":"tag-headlines","15":"tag-latest-news","16":"tag-latestnews","17":"tag-news","18":"tag-noticias","19":"tag-noticias-destacadas","20":"tag-noticiasdestacadas","21":"tag-spain","22":"tag-titulares","23":"tag-ultimas-noticias","24":"tag-ultimasnoticias"},"share_on_mastodon":{"url":"","error":""},"_links":{"self":[{"href":"https:\/\/www.europesays.com\/es\/wp-json\/wp\/v2\/posts\/153819","targetHints":{"allow":["GET"]}}],"collection":[{"href":"https:\/\/www.europesays.com\/es\/wp-json\/wp\/v2\/posts"}],"about":[{"href":"https:\/\/www.europesays.com\/es\/wp-json\/wp\/v2\/types\/post"}],"author":[{"embeddable":true,"href":"https:\/\/www.europesays.com\/es\/wp-json\/wp\/v2\/users\/2"}],"replies":[{"embeddable":true,"href":"https:\/\/www.europesays.com\/es\/wp-json\/wp\/v2\/comments?post=153819"}],"version-history":[{"count":0,"href":"https:\/\/www.europesays.com\/es\/wp-json\/wp\/v2\/posts\/153819\/revisions"}],"wp:featuredmedia":[{"embeddable":true,"href":"https:\/\/www.europesays.com\/es\/wp-json\/wp\/v2\/media\/153820"}],"wp:attachment":[{"href":"https:\/\/www.europesays.com\/es\/wp-json\/wp\/v2\/media?parent=153819"}],"wp:term":[{"taxonomy":"category","embeddable":true,"href":"https:\/\/www.europesays.com\/es\/wp-json\/wp\/v2\/categories?post=153819"},{"taxonomy":"post_tag","embeddable":true,"href":"https:\/\/www.europesays.com\/es\/wp-json\/wp\/v2\/tags?post=153819"}],"curies":[{"name":"wp","href":"https:\/\/api.w.org\/{rel}","templated":true}]}}